    
{"id":29179,"date":"2019-08-29T12:57:07","date_gmt":"2019-08-29T10:57:07","guid":{"rendered":"https:\/\/www.praha7.cz\/?p=29179"},"modified":"2019-09-10T13:12:43","modified_gmt":"2019-09-10T11:12:43","slug":"pozvanka-na-6-radne-zasedani-zastupitelstva-mc-praha-7","status":"publish","type":"post","link":"https:\/\/www.praha7.cz\/pozvanka-na-6-radne-zasedani-zastupitelstva-mc-praha-7\/","title":{"rendered":"Pozv\u00e1nka na 6.&nbsp;\u0159\u00e1dn\u00e9 zased\u00e1n\u00ed Zastupitelstva M\u010c Praha&nbsp;7"},"content":{"rendered":"<p>[perex]<\/p>\r\n<p>6.&nbsp;\u0159\u00e1dn\u00e9 zased\u00e1n\u00ed Zastupitelstva M\u010c Praha&nbsp;7 se kon\u00e1 v&nbsp;pond\u011bl\u00ed dne 9.&nbsp;z\u00e1\u0159\u00ed 2019 od 17:00 hodin ve velk\u00e9 zasedac\u00ed m\u00edstnosti \u010d. 227 \u00da\u0159adu m\u011bstsk\u00e9 \u010d\u00e1sti, n\u00e1b\u0159. Kpt. Jaro\u0161e 1000, Praha&nbsp;7. Online p\u0159enos naleznete <a href=\"https:\/\/youtu.be\/bbWN1lW-Jpc\" target=\"_blank\" rel=\"noopener\">zde<\/a>.<\/p>\r\n<p>Materi\u00e1ly ke sta\u017een\u00ed jsou k&nbsp;dispozici pod eviden\u010dn\u00edmi \u010d\u00edsly u&nbsp;n\u00e1zv\u016f jednotliv\u00fdch bod\u016f.\u00a0<\/p>\r\n<p>[\/perex]<\/p>\r\n<p><strong>Program 6.&nbsp;\u0159\u00e1dn\u00e9ho zased\u00e1n\u00ed Zastupitelstva M\u010c Praha&nbsp;7<\/strong><\/p>\r\n<ul>\r\n\t<li>Pravideln\u00fd bod programu za\u0159azen\u00fd za bod \u010d. 2 \u2013 Dotazy a&nbsp;p\u0159ipom\u00ednky ob\u010dan\u016f 1<\/li>\r\n\t<li>Pravideln\u00fd bod programu za\u0159azen\u00fd pevn\u011b na 18 hodinu \u2013 Dotazy a&nbsp;p\u0159ipom\u00ednky ob\u010dan\u016f\u00a02<\/li>\r\n<\/ul>\r\n<p style=\"text-align: justify;\"><strong>1.<\/strong>\u00a0 Zah\u00e1jen\u00ed &#8211; schv\u00e1len\u00ed programu<\/p>\r\n<p style=\"text-align: justify;\"><strong>2.<\/strong>\u00a0Volba n\u00e1vrhov\u00e9ho v\u00fdboru<\/p>\r\n<p style=\"text-align: justify;\"><strong>3.\u00a0<\/strong>N\u00c1VRH ke zpr\u00e1v\u011b o&nbsp;v\u00fdsledc\u00edch hospoda\u0159en\u00ed M\u010c Praha&nbsp;7 za 1.&nbsp;pololet\u00ed 2019 &#8211; hlavn\u00ed \u010dinnost &#8211; <a href=\"http:\/\/file.praha7.cz\/odbory\/kst\/1364.zip\">\u010d. 1364<\/a><\/p>\r\n<p style=\"text-align: justify;\"><strong>4.\u00a0<\/strong>N\u00c1VRH ke zpr\u00e1v\u011b o&nbsp;v\u00fdsledc\u00edch hospoda\u0159en\u00ed M\u010c Praha&nbsp;7 za 1.&nbsp;pololet\u00ed roku 2019 v&nbsp;r\u00e1mci hospod\u00e1\u0159sk\u00e9 \u010dinnosti &#8211; \u00faseku zda\u0148ovan\u00e9 \u010dinnosti &#8211; <a href=\"https:\/\/www.praha7.cz\/wp-content\/uploads\/2019\/08\/1372.zip\">\u010d. 1372<\/a><\/p>\r\n<p style=\"text-align: justify;\"><strong>5.\u00a0<\/strong>N\u00c1VRH rozpo\u010dtov\u00e9ho opat\u0159en\u00ed m\u011bs\u00edce z\u00e1\u0159\u00ed 2019 (RO 88\/2019) v&nbsp;celkov\u00e9m objemu 3&nbsp;250&nbsp;000,- K\u010d (rozpo\u010dtov\u011b 3&nbsp;250,0 tis. K\u010d) &#8211; \u00faprava rozpo\u010dtu ORJ 809, OMA &#8211; za\u0159azen\u00ed nov\u00e9 investi\u010dn\u00ed akce &#8222;Rekonstrukce fas\u00e1dy &#8211; Letensk\u00fd z\u00e1me\u010dek&#8220; do upraven\u00e9ho rozpo\u010dtu M\u010c Praha&nbsp;7 (hlavn\u00ed \u010dinnost) s&nbsp;ozna\u010den\u00edm ORG 558019. &#8211; <a href=\"https:\/\/www.praha7.cz\/wp-content\/uploads\/2019\/08\/1371-2.zip\">\u010d. 1371<\/a><\/p>\r\n<p style=\"text-align: justify;\"><strong>6.\u00a0<\/strong>N\u00c1VRH na poskytnut\u00ed v\u011bcn\u00e9ho daru a&nbsp;v\u00fdp\u016fj\u010dky slo\u017ek\u00e1m integrovan\u00e9ho z\u00e1chrann\u00e9ho syst\u00e9mu &#8211; <a href=\"https:\/\/www.praha7.cz\/wp-content\/uploads\/2019\/08\/1361.zip\">\u010d. 1361<\/a><\/p>\r\n<p style=\"text-align: justify;\"><strong>7.\u00a0<\/strong>N\u00c1VRH na poskytnut\u00ed finan\u010dn\u00edho daru a&nbsp;uzav\u0159en\u00ed darovac\u00ed smlouvy mezi M\u010c Praha&nbsp;7 a&nbsp;spole\u010dnost\u00ed Pam\u00e1tn\u00edk \u0160oa Praha o.p.s., I\u010cO: 242&nbsp;72&nbsp;914\u00a0ve prosp\u011bch vzniku zapsan\u00e9ho \u00fastavu s&nbsp;n\u00e1zvem &#8222;Pam\u00e1tn\u00edk ticha, z.\u00fa.&#8220;, kter\u00fd m\u00e1 do budoucna spravovat a&nbsp;programov\u011b zaji\u0161\u0165ovat m\u00edsto pam\u011bti na n\u00e1dra\u017e\u00ed Bubny p\u0159ipom\u00ednaj\u00edc\u00ed pam\u00e1tku holokaustu na \u00fazem\u00ed M\u010c Praha&nbsp;7 &#8211; <a href=\"https:\/\/www.praha7.cz\/wp-content\/uploads\/2019\/08\/1375.zip\">\u010d. 1375<\/a><\/p>\r\n<p style=\"text-align: justify;\"><strong>8.\u00a0<\/strong>N\u00c1VRH Memoranda o&nbsp;spolupr\u00e1ci p\u0159i \u0159e\u0161en\u00ed bytov\u00e9 nouze na \u00fazem\u00ed hlavn\u00edho m\u011bsta Prahy mezi hlavn\u00edm m\u011bstem Prahou a&nbsp;M\u010c Praha 1, M\u010c Praha 3, M\u010c Praha 10, M\u010c Praha 22, a&nbsp;M\u010c Praha&nbsp;7 &#8211; <a href=\"https:\/\/www.praha7.cz\/wp-content\/uploads\/2019\/08\/1362.zip\">\u010d. 1362<\/a><\/p>\r\n<p style=\"text-align: justify;\"><strong>9.\u00a0<\/strong>N\u00c1VRH na op\u011btovn\u00e9 vyj\u00e1d\u0159en\u00ed M\u010c Praha&nbsp;7 z&nbsp;titulu spoluvlastn\u00edka domu U&nbsp;Stud\u00e1nky 10\/587 k&nbsp;dal\u0161\u00edmu n\u00e1vrhu druh\u00e9ho spoluvlastn\u00edka na odkoupen\u00ed pod\u00edlu M\u010c Praha&nbsp;7, u\u010din\u011bn\u00e9mu dne 24.07.2019 &#8211; <a href=\"http:\/\/file.praha7.cz\/odbory\/kst\/1367.zip\">\u010d. 1367<\/a><\/p>\r\n<p style=\"text-align: justify;\"><strong>10<\/strong>. N\u00c1VRH na poskytnut\u00ed individu\u00e1ln\u00edch dotac\u00ed v&nbsp;oblasti kultury dle \u017e\u00e1dost\u00ed podan\u00fdch v&nbsp;m\u011bs\u00edc\u00edch \u010dervenec-srpen 2019 &#8211; <a href=\"https:\/\/www.praha7.cz\/wp-content\/uploads\/2019\/08\/1360.zip\">\u010d. 1360<\/a><\/p>\r\n<p style=\"text-align: justify;\"><strong>11.<\/strong> INFORMACE o&nbsp;postupu v\u00fdstavby nov\u00e9 radnice M\u010c Prahy&nbsp;7 (bude k\u00a0dispozici po posledn\u00edm kontroln\u00edm dnu 03.09.2019 z\u00a0d\u016fvodu aktu\u00e1lnosti) &#8211; <a href=\"https:\/\/www.praha7.cz\/wp-content\/uploads\/2019\/08\/1378.zip\">\u010d. 1378<\/a><\/p>\r\n<p style=\"text-align: justify;\"><strong>12.<\/strong> INFORMACE o&nbsp;\u010dinnosti Rady M\u010c Praha&nbsp;7 v\u00a0obdob\u00ed mezi 5.&nbsp;a&nbsp;6.\u00a0 zased\u00e1n\u00edm\u00a0 Zastupitelstva M\u010c Praha&nbsp;7 v\u00a0roce 2019 &#8211; <a href=\"https:\/\/www.praha7.cz\/wp-content\/uploads\/2019\/08\/1368.zip\">\u010d. 1368<\/a><\/p>\r\n<p style=\"text-align: justify;\"><strong>13.<\/strong> INFORMACE o&nbsp;pln\u011bn\u00ed \u00fakol\u016f ulo\u017een\u00fdch Rad\u011b M\u010c Praha&nbsp;7 Zastupitelstvem M\u010c Praha&nbsp;7 &#8211; <a href=\"https:\/\/www.praha7.cz\/wp-content\/uploads\/2019\/08\/1369.zip\">\u010d. 1369<\/a><\/p>\r\n<p style=\"text-align: justify;\"><strong>14.<\/strong> INFORMACE o&nbsp;\u010dinnosti Kontroln\u00edho v\u00fdboru Zastupitelstva M\u010c Praha&nbsp;7 v&nbsp;\u00a0obdob\u00ed mezi 5.&nbsp;a&nbsp;6.&nbsp;zased\u00e1n\u00edm Zastupitelstva M\u010c Praha&nbsp;7 v\u00a0roce 2019 &#8211; <a href=\"https:\/\/www.praha7.cz\/wp-content\/uploads\/2019\/08\/1374.zip\">\u010d. 1374<\/a><\/p>\r\n<p style=\"text-align: justify;\"><strong>15.<\/strong> INFORMACE o&nbsp;\u010dinnosti Finan\u010dn\u00edho v\u00fdboru Zastupitelstva M\u010c Praha&nbsp;7 v\u00a0obdob\u00ed mezi 5.&nbsp;a&nbsp;6.&nbsp;zased\u00e1n\u00edm Zastupitelstva M\u010c Praha&nbsp;7 v\u00a0roce 2019 &#8211; <a href=\"https:\/\/www.praha7.cz\/wp-content\/uploads\/2019\/08\/1373.zip\">\u010d. 1373<\/a><\/p>\r\n<p style=\"text-align: justify;\"><strong>16.<\/strong> INFORMACE o&nbsp;\u010dinnosti V\u00fdboru pro\u00a0vzd\u011bl\u00e1v\u00e1n\u00ed, soci\u00e1ln\u00ed politiku a&nbsp;zdravotnictv\u00ed Zastupitelstva M\u010c Praha&nbsp;7 v\u00a0obdob\u00ed mezi 5.&nbsp;a&nbsp;6.&nbsp;zased\u00e1n\u00edm Zastupitelstva M\u010c Praha&nbsp;7 v\u00a0roce 2019 &#8211; <a href=\"https:\/\/www.praha7.cz\/wp-content\/uploads\/2019\/08\/1377-2.zip\">\u010d. 1377<\/a><\/p>\r\n<p style=\"text-align: justify;\"><strong>17.<\/strong> Dopisy, adresovan\u00e9 Z\u00a0M\u010c P7<\/p>\r\n<p style=\"text-align: justify;\"><strong>18. <\/strong>N\u00c1VRH na uzav\u0159en\u00ed Smlouvy o&nbsp;spolupr\u00e1ci a&nbsp;o&nbsp;smlouv\u011b budouc\u00ed o&nbsp;z\u0159\u00edzen\u00ed v\u011bcn\u00e9ho b\u0159emene &#8211; osobn\u00ed slu\u017eebnosti se spole\u010dnost\u00ed HOLE\u0160OVICE OFFICE CENTER s.r.o., I\u010cO: 01798502, se s\u00eddlem Jankovcova 1595\/14, 170&nbsp;00 Praha&nbsp;7 &#8211; Hole\u0161ovice &#8211; <a href=\"https:\/\/www.praha7.cz\/wp-content\/uploads\/2019\/08\/1370.zip\">\u010d. 1370<\/a><\/p>\r\n<p style=\"text-align: justify;\"><strong>19.<\/strong> R\u016fzn\u00e9<\/p>\r\n<p style=\"text-align: justify;\"><strong>20.<\/strong> Z\u00e1v\u011br\u00a0\u00a0\u00a0\u00a0\u00a0\u00a0\u00a0\u00a0\u00a0\u00a0\u00a0\u00a0<\/p>\r\n<p>&nbsp;<\/p>\r\n<p>Mgr. Jan \u010ci\u017einsk\u00fd<br \/>\r\nstarosta m\u011bstsk\u00e9 \u010d\u00e1sti Praha&nbsp;7<\/p>\r\n<p>&nbsp;<\/p>\r\n<p><a href=\"http:\/\/file.praha7.cz\/odbory\/kst\/6_2019.zip\">Materi\u00e1ly k&nbsp;6.\u00a0\u0159\u00e1dn\u00e9mu zased\u00e1n\u00ed Z\u00a0M\u010c Praha\u00a07<\/a><\/p>","protected":false},"excerpt":{"rendered":"[perex] 6.&nbsp;\u0159\u00e1dn\u00e9 zased\u00e1n\u00ed Zastupitelstva M\u010c Praha&nbsp;7 se kon\u00e1 v&nbsp;pond\u011bl\u00ed dne 9.&nbsp;z\u00e1\u0159\u00ed 2019 od 17:00 hodin ve velk\u00e9 zasedac\u00ed m\u00edstnosti \u010d. 227 \u00da\u0159adu m\u011bstsk\u00e9 \u010d\u00e1sti, n\u00e1b\u0159. Kpt. Jaro\u0161e 1000, Praha&nbsp;7. Online p\u0159enos naleznete zde. Materi\u00e1ly ke sta\u017een\u00ed jsou k&nbsp;dispozici pod eviden\u010dn\u00edmi \u010d\u00edsly u&nbsp;n\u00e1zv\u016f jednotliv\u00fdch bod\u016f.\u00a0 [\/perex] Program 6.&nbsp;\u0159\u00e1dn\u00e9ho zased\u00e1n\u00ed Zastupitelstva M\u010c Praha&nbsp;7 Pravideln\u00fd bod programu za\u0159azen\u00fd [&hellip;]","protected":false},"author":14,"featured_media":18173,"comment_status":"closed","ping_status":"open","sticky":false,"template":"","format":"standard","meta":[],"categories":[34],"tags":[],"_links":{"self":[{"href":"https:\/\/www.praha7.cz\/api\/wp\/v2\/posts\/29179"}],"collection":[{"href":"https:\/\/www.praha7.cz\/api\/wp\/v2\/posts"}],"about":[{"href":"https:\/\/www.praha7.cz\/api\/wp\/v2\/types\/post"}],"author":[{"embeddable":true,"href":"https:\/\/www.praha7.cz\/api\/wp\/v2\/users\/14"}],"replies":[{"embeddable":true,"href":"https:\/\/www.praha7.cz\/api\/wp\/v2\/comments?post=29179"}],"version-history":[{"count":15,"href":"https:\/\/www.praha7.cz\/api\/wp\/v2\/posts\/29179\/revisions"}],"predecessor-version":[{"id":29553,"href":"https:\/\/www.praha7.cz\/api\/wp\/v2\/posts\/29179\/revisions\/29553"}],"wp:featuredmedia":[{"embeddable":true,"href":"https:\/\/www.praha7.cz\/api\/wp\/v2\/media\/18173"}],"wp:attachment":[{"href":"https:\/\/www.praha7.cz\/api\/wp\/v2\/media?parent=29179"}],"wp:term":[{"taxonomy":"category","embeddable":true,"href":"https:\/\/www.praha7.cz\/api\/wp\/v2\/categories?post=29179"},{"taxonomy":"post_tag","embeddable":true,"href":"https:\/\/www.praha7.cz\/api\/wp\/v2\/tags?post=29179"}],"curies":[{"name":"wp","href":"https:\/\/api.w.org\/{rel}","templated":true}]}}