    
{"id":29164,"date":"2019-09-03T15:51:04","date_gmt":"2019-09-03T13:51:04","guid":{"rendered":"https:\/\/www.praha7.cz\/?p=29164"},"modified":"2019-09-03T16:36:30","modified_gmt":"2019-09-03T14:36:30","slug":"verejne-setkani-k-uzemni-studii-bubny-zatory","status":"publish","type":"post","link":"https:\/\/www.praha7.cz\/verejne-setkani-k-uzemni-studii-bubny-zatory\/","title":{"rendered":"Ve\u0159ejn\u00e9 setk\u00e1n\u00ed k&nbsp;\u00fazemn\u00ed studii Bubny-Z\u00e1tory"},"content":{"rendered":"<p>[perex]<\/p>\r\n<p>Zaj\u00edm\u00e1 v\u00e1s, jak bude v&nbsp;budoucnosti vypadat rozvojov\u00e9 \u00fazem\u00ed Bubny-Z\u00e1tory, kde by v&nbsp;roce 2023 m\u011bla za\u010d\u00edt vznikat nov\u00e1 \u010d\u00e1st Prahy&nbsp;7? Zapi\u0161te si do di\u00e1\u0159e term\u00edn \u00fater\u00fd 10.&nbsp;z\u00e1\u0159\u00ed, kdy bude od 18 hodin v&nbsp;aule Z\u0160 T.G. Masaryka na Ortenov\u011b n\u00e1m\u011bst\u00ed p\u0159edstavena (nejen) jeho \u00fazemn\u00ed studie.<\/p>\r\n<p>[\/perex]<\/p>\r\n<p>C\u00edlem ve\u010dera je sezn\u00e1mit \u00fa\u010dastn\u00edky setk\u00e1n\u00ed se studi\u00ed, vysv\u011btlit n\u00e1sleduj\u00edc\u00ed body v&nbsp;harmonogramu a&nbsp;zp\u016fsob pod\u00e1v\u00e1n\u00ed p\u0159ipom\u00ednek. Ujmou se toho ti nejpovolan\u011bj\u0161\u00ed: m\u00edstostarostka M\u010c Praha&nbsp;7 pro \u00fazemn\u00ed rozvoj Lenka Burgerov\u00e1 spole\u010dn\u011b se z\u00e1stupci Magistr\u00e1tu hl. m. Prahy (jako\u017eto zadavatel studie) a&nbsp;samoz\u0159ejm\u011b nebudou chyb\u011bt vyslanci kancel\u00e1\u0159e architekt\u016f Ivana Reimanna a&nbsp;Petra Pel\u010d\u00e1ka, kte\u0159\u00ed studii zpracov\u00e1vaj\u00ed.<\/p>\r\n<p>Studie je do 15.&nbsp;10.&nbsp;2019 dostupn\u00e1 online: <a href=\"http:\/\/bit.ly\/studieBubny\">http:\/\/bit.ly\/studieBubny<\/a><\/p>\r\n<p>P\u0159e\u010dt\u011bte si o&nbsp;t\u00e9matu v\u00edce v&nbsp;\u010dl\u00e1nku <a href=\"https:\/\/www.praha7.cz\/seznamte-se-s-novou-tvari-bubnu\">Seznamte se s\u00a0novou tv\u00e1\u0159\u00ed Bubn\u016f<\/a>.<\/p>\r\n<p>T\u011b\u0161\u00edme se na vid\u011bnou!<\/p>\r\n<p>Adresa:<br \/>\r\nZ\u0160 T.G. Masaryka <br \/>\r\nOrtenovo n\u00e1m. 1275\/34<br \/>\r\n170&nbsp;00 Praha&nbsp;7-Hole\u0161ovice<br \/>\r\nAula m\u00e1 samostatn\u00fd vstup vedle vchodu do Z\u0160<\/p>","protected":false},"excerpt":{"rendered":"[perex] Zaj\u00edm\u00e1 v\u00e1s, jak bude v&nbsp;budoucnosti vypadat rozvojov\u00e9 \u00fazem\u00ed Bubny-Z\u00e1tory, kde by v&nbsp;roce 2023 m\u011bla za\u010d\u00edt vznikat nov\u00e1 \u010d\u00e1st Prahy&nbsp;7? Zapi\u0161te si do di\u00e1\u0159e term\u00edn \u00fater\u00fd 10.&nbsp;z\u00e1\u0159\u00ed, kdy bude od 18 hodin v&nbsp;aule Z\u0160 T.G. Masaryka na Ortenov\u011b n\u00e1m\u011bst\u00ed p\u0159edstavena (nejen) jeho \u00fazemn\u00ed studie. [\/perex] C\u00edlem ve\u010dera je sezn\u00e1mit \u00fa\u010dastn\u00edky setk\u00e1n\u00ed se studi\u00ed, vysv\u011btlit n\u00e1sleduj\u00edc\u00ed [&hellip;]","protected":false},"author":97,"featured_media":29166,"comment_status":"closed","ping_status":"open","sticky":false,"template":"","format":"standard","meta":[],"categories":[34],"tags":[],"_links":{"self":[{"href":"https:\/\/www.praha7.cz\/api\/wp\/v2\/posts\/29164"}],"collection":[{"href":"https:\/\/www.praha7.cz\/api\/wp\/v2\/posts"}],"about":[{"href":"https:\/\/www.praha7.cz\/api\/wp\/v2\/types\/post"}],"author":[{"embeddable":true,"href":"https:\/\/www.praha7.cz\/api\/wp\/v2\/users\/97"}],"replies":[{"embeddable":true,"href":"https:\/\/www.praha7.cz\/api\/wp\/v2\/comments?post=29164"}],"version-history":[{"count":3,"href":"https:\/\/www.praha7.cz\/api\/wp\/v2\/posts\/29164\/revisions"}],"predecessor-version":[{"id":29170,"href":"https:\/\/www.praha7.cz\/api\/wp\/v2\/posts\/29164\/revisions\/29170"}],"wp:featuredmedia":[{"embeddable":true,"href":"https:\/\/www.praha7.cz\/api\/wp\/v2\/media\/29166"}],"wp:attachment":[{"href":"https:\/\/www.praha7.cz\/api\/wp\/v2\/media?parent=29164"}],"wp:term":[{"taxonomy":"category","embeddable":true,"href":"https:\/\/www.praha7.cz\/api\/wp\/v2\/categories?post=29164"},{"taxonomy":"post_tag","embeddable":true,"href":"https:\/\/www.praha7.cz\/api\/wp\/v2\/tags?post=29164"}],"curies":[{"name":"wp","href":"https:\/\/api.w.org\/{rel}","templated":true}]}}