    
{"id":28967,"date":"2019-09-16T10:38:40","date_gmt":"2019-09-16T08:38:40","guid":{"rendered":"https:\/\/www.praha7.cz\/?p=28967"},"modified":"2019-09-16T18:13:08","modified_gmt":"2019-09-16T16:13:08","slug":"vystava-druhy-zivot-vendulky-v","status":"publish","type":"post","link":"https:\/\/www.praha7.cz\/vystava-druhy-zivot-vendulky-v\/","title":{"rendered":"V\u00fdstava Druh\u00fd \u017eivot Vendulky V."},"content":{"rendered":"<p>[perex]<\/p>\r\n<p>M\u011bstsk\u00e1 \u010d\u00e1st Praha&nbsp;7 a&nbsp;Pam\u00e1tn\u00edk ticha v\u00e1s srde\u010dn\u011b zvou na zah\u00e1jen\u00ed v\u00fdstavy Druh\u00fd \u017eivot Vendulky V.\u00a0Vernis\u00e1\u017e v\u00fdstavy se uskute\u010dn\u00ed dne 18.&nbsp;z\u00e1\u0159\u00ed 2019 v&nbsp;17.30 hodin v&nbsp;Galerii na \u00fa\u0159ad\u011b, n\u00e1b\u0159. Kpt. Jaro\u0161e 1000, Praha&nbsp;7 (2.&nbsp;patro). V\u00fdstava potrv\u00e1 do 30.&nbsp;\u0159\u00edjna 2019. Vstup voln\u00fd. \u00a0\u00a0\u00a0\u00a0\u00a0\u00a0<\/p>\r\n<p>[\/perex]\u00a0\u00a0\u00a0\u00a0\u00a0\u00a0\u00a0\u00a0\u00a0\u00a0\u00a0\u00a0\u00a0\u00a0\u00a0\u00a0\u00a0\u00a0\u00a0\u00a0\u00a0\u00a0\u00a0\u00a0\u00a0\u00a0\u00a0\u00a0\u00a0\u00a0\u00a0\u00a0\u00a0\u00a0\u00a0\u00a0\u00a0\u00a0\u00a0\u00a0\u00a0\u00a0\u00a0\u00a0\u00a0\u00a0\u00a0\u00a0\u00a0\u00a0\u00a0\u00a0\u00a0\u00a0\u00a0\u00a0\u00a0\u00a0<\/p>\r\n<p>\u017delezni\u010dn\u00ed stanice Praha Bubny, ze kter\u00e9 bylo za v\u00e1lky deportov\u00e1no na 50.000 pra\u017esk\u00fdch ob\u010dan\u016f \u017eidovsk\u00e9ho p\u016fvodu, se p\u0159estavuje na <a href=\"https:\/\/www.bubny.org\/cz\/\">Pam\u00e1tn\u00edk ticha<\/a>. Jeho hlavn\u00edm z\u00e1m\u011brem m\u00edsta pam\u011bti je hledat cesty ve\u0159ejn\u00e9ho dialogu s&nbsp;velk\u00fdmi p\u0159\u00edb\u011bhy 20.&nbsp;stolet\u00ed. Jedn\u00edm z&nbsp;nich je tak\u00e9 p\u0159\u00edb\u011bh Vendulky Vogelov\u00e9, kter\u00fd na z\u00e1klad\u011b fotografi\u00ed Jana Lukase po 76 letech zpracoval Ond\u0159ej Kundra pro svou knihu Vendulka, \u00fat\u011bk za svobodou. Vyd\u00e1n\u00ed t\u00e9to knihy bylo impulsem pro vytvo\u0159en\u00ed v\u00fdstavy Druh\u00fd \u017eivot Vendulky V., kterou si m\u016f\u017eete prohl\u00e9dnout ve 2.&nbsp;pat\u0159e radnice od 19.&nbsp;z\u00e1\u0159\u00ed 2019.<\/p>\r\n<p>&nbsp;<\/p>","protected":false},"excerpt":{"rendered":"[perex] M\u011bstsk\u00e1 \u010d\u00e1st Praha&nbsp;7 a&nbsp;Pam\u00e1tn\u00edk ticha v\u00e1s srde\u010dn\u011b zvou na zah\u00e1jen\u00ed v\u00fdstavy Druh\u00fd \u017eivot Vendulky V.\u00a0Vernis\u00e1\u017e v\u00fdstavy se uskute\u010dn\u00ed dne 18.&nbsp;z\u00e1\u0159\u00ed 2019 v&nbsp;17.30 hodin v&nbsp;Galerii na \u00fa\u0159ad\u011b, n\u00e1b\u0159. Kpt. Jaro\u0161e 1000, Praha&nbsp;7 (2.&nbsp;patro). V\u00fdstava potrv\u00e1 do 30.&nbsp;\u0159\u00edjna 2019. Vstup voln\u00fd. \u00a0\u00a0\u00a0\u00a0\u00a0\u00a0 [\/perex]\u00a0\u00a0\u00a0\u00a0\u00a0\u00a0\u00a0\u00a0\u00a0\u00a0\u00a0\u00a0\u00a0\u00a0\u00a0\u00a0\u00a0\u00a0\u00a0\u00a0\u00a0\u00a0\u00a0\u00a0\u00a0\u00a0\u00a0\u00a0\u00a0\u00a0\u00a0\u00a0\u00a0\u00a0\u00a0\u00a0\u00a0\u00a0\u00a0\u00a0\u00a0\u00a0\u00a0\u00a0\u00a0\u00a0\u00a0\u00a0\u00a0\u00a0\u00a0\u00a0\u00a0\u00a0\u00a0\u00a0\u00a0\u00a0 \u017delezni\u010dn\u00ed stanice Praha Bubny, ze kter\u00e9 bylo za v\u00e1lky deportov\u00e1no na 50.000 pra\u017esk\u00fdch [&hellip;]","protected":false},"author":97,"featured_media":28968,"comment_status":"closed","ping_status":"open","sticky":false,"template":"","format":"standard","meta":[],"categories":[34],"tags":[],"_links":{"self":[{"href":"https:\/\/www.praha7.cz\/api\/wp\/v2\/posts\/28967"}],"collection":[{"href":"https:\/\/www.praha7.cz\/api\/wp\/v2\/posts"}],"about":[{"href":"https:\/\/www.praha7.cz\/api\/wp\/v2\/types\/post"}],"author":[{"embeddable":true,"href":"https:\/\/www.praha7.cz\/api\/wp\/v2\/users\/97"}],"replies":[{"embeddable":true,"href":"https:\/\/www.praha7.cz\/api\/wp\/v2\/comments?post=28967"}],"version-history":[{"count":4,"href":"https:\/\/www.praha7.cz\/api\/wp\/v2\/posts\/28967\/revisions"}],"predecessor-version":[{"id":28973,"href":"https:\/\/www.praha7.cz\/api\/wp\/v2\/posts\/28967\/revisions\/28973"}],"wp:featuredmedia":[{"embeddable":true,"href":"https:\/\/www.praha7.cz\/api\/wp\/v2\/media\/28968"}],"wp:attachment":[{"href":"https:\/\/www.praha7.cz\/api\/wp\/v2\/media?parent=28967"}],"wp:term":[{"taxonomy":"category","embeddable":true,"href":"https:\/\/www.praha7.cz\/api\/wp\/v2\/categories?post=28967"},{"taxonomy":"post_tag","embeddable":true,"href":"https:\/\/www.praha7.cz\/api\/wp\/v2\/tags?post=28967"}],"curies":[{"name":"wp","href":"https:\/\/api.w.org\/{rel}","templated":true}]}}