    
{"id":28962,"date":"2019-08-22T10:27:43","date_gmt":"2019-08-22T08:27:43","guid":{"rendered":"https:\/\/www.praha7.cz\/?p=28962"},"modified":"2019-08-22T10:27:56","modified_gmt":"2019-08-22T08:27:56","slug":"plavani-pro-seniory-v-2-pololeti-2019","status":"publish","type":"post","link":"https:\/\/www.praha7.cz\/plavani-pro-seniory-v-2-pololeti-2019\/","title":{"rendered":"Plav\u00e1n\u00ed pro seniory v&nbsp;2.&nbsp;pololet\u00ed 2019"},"content":{"rendered":"<p>[perex]<br \/>\r\nM\u011bstsk\u00e1 \u010d\u00e1st Praha&nbsp;7 vyhla\u0161uje pokra\u010dov\u00e1n\u00ed rehabilita\u010dn\u00edch kurz\u016f plav\u00e1n\u00ed pro seniory. Kurzy budou prob\u00edhat v\u00a0baz\u00e9nu na V\u00fdstavi\u0161ti od z\u00e1\u0159\u00ed do prosince. Rezervaci maxim\u00e1ln\u011b p\u011bti vybran\u00fdch term\u00edn\u016f je nutn\u00e9 prov\u00e9st osobn\u011b v&nbsp;pond\u011bl\u00ed 16.&nbsp;z\u00e1\u0159\u00ed od 8:00 do 11:00 na \u00fa\u0159ad\u011b Prahy&nbsp;7 &#8211; 2.&nbsp;patro, zasedac\u00ed m\u00edstnost \u010d. dv. 225. Pozd\u011bji je mo\u017en\u00e9 term\u00edny rezervovat na Odboru kultury a&nbsp;sportu, nicm\u00e9n\u011b upozor\u0148ujeme, \u017ee kapacita je omezen\u00e1 a&nbsp;o&nbsp;kurzy b\u00fdv\u00e1 velk\u00fd z\u00e1jem. \u00a0\u00a0<br \/>\r\n[\/perex]<\/p>\r\n<h3>Kurzy plav\u00e1n\u00ed jsou po\u0159\u00e1d\u00e1ny v\u00a0n\u00e1sleduj\u00edc\u00edch term\u00ednech:<\/h3>\r\n<p>z\u00e1\u0159\u00ed\u00a0 \u00a0 \u00a0 \u00a0 \u00a0 \u00a0 \u00a0 \u00a0 \u00a0 \u00a0 \u00a0 \u00a023., 27., 30.<\/p>\r\n<p>\u0159\u00edjen\u00a0 \u00a0 \u00a0 \u00a0 \u00a0 \u00a0 \u00a0 \u00a0 \u00a0 \u00a0 \u00a0 4., 7., 11., 14., 18., 21., 25.<\/p>\r\n<p>listopad\u00a0\u00a0\u00a0\u00a0\u00a0\u00a0\u00a0\u00a0\u00a0\u00a0\u00a0\u00a0\u00a0\u00a0 \u00a0 1., 4., 8., 11., 15., 18., 22., 25., 29.<\/p>\r\n<p>prosinec\u00a0\u00a0\u00a0\u00a0\u00a0\u00a0\u00a0\u00a0\u00a0\u00a0\u00a0\u00a0\u00a0 \u00a0 2., 6., 9.<\/p>\r\n<p>&nbsp;<\/p>\r\n<p>\u010cas:\u00a0 \u00a0 \u00a0 \u00a0 \u00a0 \u00a0 \u00a0 \u00a0 \u00a0 \u00a0 \u00a0 13.00\u201314.00 hodin<\/p>\r\n<p>M\u00edsto:\u00a0\u00a0 \u00a0\u00a0\u00a0\u00a0\u00a0\u00a0\u00a0\u00a0\u00a0\u00a0\u00a0\u00a0\u00a0\u00a0 \u00a0 <a href=\"https:\/\/www.vystavistepraha.eu\/sport\/detail\/plavecky-bazen\/\">Plaveck\u00fd baz\u00e9n na V\u00fdstavi\u0161ti<\/a><\/p>\r\n<p>&nbsp;<\/p>\r\n<p>Rezervace p\u0159ij\u00edm\u00e1me (do napln\u011bn\u00ed kapacity) v&nbsp;pond\u011bl\u00ed 16.&nbsp;z\u00e1\u0159\u00ed 2019 od 8.00 do 11.00 h, pouze osobn\u011b, v&nbsp;zasedac\u00ed m\u00edstnosti dv. \u010d. 225, 2.&nbsp;patro, \u00daM\u010c Praha&nbsp;7, n\u00e1b\u0159. Kpt. Jaro\u0161e 1000, Praha&nbsp;7.&nbsp;\u010clenov\u00e9 klubu M\u010c Praha&nbsp;7 p\u0159edlo\u017e\u00ed p\u0159i registraci \u010dlenskou kartu. Rezervace ma jednotliv\u00e9 lekce nutn\u00e1.<\/p>\r\n<p>Kurzy jsou pouze pro seniory z&nbsp;Prahy&nbsp;7. Rezervovat lze max. 5 libovoln\u00fdch term\u00edn\u016f. Lekce jsou vedeny profesion\u00e1ln\u00edmi lektory. Vstupn\u00e9 10 K\u010d, hrad\u00ed se v&nbsp;pokladn\u011b baz\u00e9nu + z\u00e1loha na kl\u00ed\u010d od \u0161atny \u2013 100\u00a0K\u010d. S\u00a0sebou:\u00a0plavky, ru\u010dn\u00edk, hygienick\u00e9 pot\u0159eby.\u00a0Z hygienick\u00fdch d\u016fvod\u016f doporu\u010dujeme koupac\u00ed \u010depice.\u00a0<\/p>\r\n<p>Dal\u0161\u00ed pohybov\u00e9 aktivity jsou v&nbsp;nab\u00eddce <a href=\"https:\/\/www.praha7.cz\/volny-cas-prehled\/seniori\/pohybove-aktivity\/\">zde<\/a>.<\/p>","protected":false},"excerpt":{"rendered":"[perex] M\u011bstsk\u00e1 \u010d\u00e1st Praha&nbsp;7 vyhla\u0161uje pokra\u010dov\u00e1n\u00ed rehabilita\u010dn\u00edch kurz\u016f plav\u00e1n\u00ed pro seniory. Kurzy budou prob\u00edhat v\u00a0baz\u00e9nu na V\u00fdstavi\u0161ti od z\u00e1\u0159\u00ed do prosince. Rezervaci maxim\u00e1ln\u011b p\u011bti vybran\u00fdch term\u00edn\u016f je nutn\u00e9 prov\u00e9st osobn\u011b v&nbsp;pond\u011bl\u00ed 16.&nbsp;z\u00e1\u0159\u00ed od 8:00 do 11:00 na \u00fa\u0159ad\u011b Prahy&nbsp;7 &#8211; 2.&nbsp;patro, zasedac\u00ed m\u00edstnost \u010d. dv. 225. Pozd\u011bji je mo\u017en\u00e9 term\u00edny rezervovat na Odboru kultury a&nbsp;sportu, [&hellip;]","protected":false},"author":97,"featured_media":28963,"comment_status":"closed","ping_status":"open","sticky":false,"template":"","format":"standard","meta":[],"categories":[34],"tags":[],"_links":{"self":[{"href":"https:\/\/www.praha7.cz\/api\/wp\/v2\/posts\/28962"}],"collection":[{"href":"https:\/\/www.praha7.cz\/api\/wp\/v2\/posts"}],"about":[{"href":"https:\/\/www.praha7.cz\/api\/wp\/v2\/types\/post"}],"author":[{"embeddable":true,"href":"https:\/\/www.praha7.cz\/api\/wp\/v2\/users\/97"}],"replies":[{"embeddable":true,"href":"https:\/\/www.praha7.cz\/api\/wp\/v2\/comments?post=28962"}],"version-history":[{"count":3,"href":"https:\/\/www.praha7.cz\/api\/wp\/v2\/posts\/28962\/revisions"}],"predecessor-version":[{"id":28966,"href":"https:\/\/www.praha7.cz\/api\/wp\/v2\/posts\/28962\/revisions\/28966"}],"wp:featuredmedia":[{"embeddable":true,"href":"https:\/\/www.praha7.cz\/api\/wp\/v2\/media\/28963"}],"wp:attachment":[{"href":"https:\/\/www.praha7.cz\/api\/wp\/v2\/media?parent=28962"}],"wp:term":[{"taxonomy":"category","embeddable":true,"href":"https:\/\/www.praha7.cz\/api\/wp\/v2\/categories?post=28962"},{"taxonomy":"post_tag","embeddable":true,"href":"https:\/\/www.praha7.cz\/api\/wp\/v2\/tags?post=28962"}],"curies":[{"name":"wp","href":"https:\/\/api.w.org\/{rel}","templated":true}]}}