    
{"id":28506,"date":"2019-07-31T17:18:06","date_gmt":"2019-07-31T15:18:06","guid":{"rendered":"https:\/\/www.praha7.cz\/?p=28506"},"modified":"2019-09-13T11:41:29","modified_gmt":"2019-09-13T09:41:29","slug":"podporte-vodarenskou-vez-hlasovanim-v-soutezi-obnovenych-pamatek","status":"publish","type":"post","link":"https:\/\/www.praha7.cz\/podporte-vodarenskou-vez-hlasovanim-v-soutezi-obnovenych-pamatek\/","title":{"rendered":"Podpo\u0159te Vod\u00e1renskou v\u011b\u017e hlasov\u00e1n\u00edm v&nbsp;sout\u011b\u017ei obnoven\u00fdch pam\u00e1tek"},"content":{"rendered":"<p>[perex]<\/p>\r\n<p>Rekonstrukce Vod\u00e1rensk\u00e9 v\u011b\u017ee na Letn\u00e9 byla nominov\u00e1na do sout\u011b\u017ee N\u00e1rodn\u00edho pam\u00e1tkov\u00e9ho \u00fastavu Patrimonium pro futuro v\u00a0kategorii obnova pam\u00e1tky, restaurov\u00e1n\u00ed. O&nbsp;v\u00edt\u011bz\u00edch jednotliv\u00fdch kategori\u00ed rozhodne odborn\u00e1 porota, zapojit se v\u0161ak m\u016f\u017ee tak\u00e9 \u0161irok\u00e1 ve\u0159ejnost. <strong>Ji\u017e nyn\u00ed lze Vod\u00e1renskou v\u011b\u017e podpo\u0159it t\u00edm, \u017ee j\u00ed d\u00e1te sv\u016fj hlas v\u00a0online hlasov\u00e1n\u00ed o&nbsp;cenu ve\u0159ejnosti Pam\u00e1tky d\u011bkuj\u00ed. Hlasovat m\u016f\u017eete do p\u00e1tku 13.&nbsp;z\u00e1\u0159\u00ed <a href=\"https:\/\/www.npu.cz\/cs\/opravujete-pamatku\/inspirujte-se\/43911-celkova-obnova-vodarenske-veze-na-letne-v-praze\">zde<\/a>. \u00a0<\/strong><\/p>\r\n<p>[\/perex]<\/p>\r\n<p>Cena N\u00e1rodn\u00edho pam\u00e1tkov\u00e9ho \u00fastavu Patrimonium pro futuro zhodnocuje a&nbsp;vyzdvihuje, co se v&nbsp;oblasti pam\u00e1tkov\u00e9 p\u00e9\u010de poda\u0159ilo, a&nbsp;oce\u0148uje ty, kte\u0159\u00ed se o&nbsp;\u00fasp\u011b\u0161n\u00e9 d\u00edlo p\u0159i\u010dinili. V\u00a0leto\u0161n\u00edm roce pam\u00e1tk\u00e1\u0159i nominovali dvacet \u010dty\u0159i pozitivn\u00edch po\u010din\u016f z&nbsp;oblasti pam\u00e1tkov\u00e9 p\u00e9\u010de. Mezi nimi je tak\u00e9 Vod\u00e1rensk\u00e1 v\u011b\u017e v\u00a0ulici Na V\u00fd\u0161in\u00e1ch, kterou Praha&nbsp;7 po rekonstrukci otev\u0159ela loni v\u00a0kv\u011btnu u\u00a0p\u0159\u00edle\u017eitosti jej\u00edho 130.\u00a0v\u00fdro\u010d\u00ed. V\u00edce o&nbsp;rekonstrukci si m\u016f\u017eete p\u0159e\u010d\u00edst <a href=\"https:\/\/www.praha7.cz\/vodarenska-vez-na-letne-po-130-letech-v-novem\/\">zde<\/a>.<\/p>\r\n<p>Od z\u00e1\u0159\u00ed 2018 vod\u00e1rensk\u00e1 v\u011b\u017e op\u011bt slou\u017e\u00ed volno\u010dasov\u00fdm aktivit\u00e1m d\u011bt\u00ed a\u00a0ml\u00e1de\u017ee z\u00a0Prahy\u00a07. Po\u0159\u00e1daj\u00ed se zde tak\u00e9 nejr\u016fzn\u011bj\u0161\u00ed kulturn\u00ed akce, v\u00a0prostor\u00e1ch v\u011b\u017ee prob\u00edhaj\u00ed komentovan\u00e9 prohl\u00eddky a&nbsp;funguje tu i&nbsp;sousedsk\u00e1 knihovna. V\u00edce informac\u00ed se dozv\u00edte na str\u00e1nk\u00e1ch <a href=\"http:\/\/vodarenskavezletna.cz\/\/nabizime.php\">vodarenskavezletna.cz<\/a>.<\/p>\r\n<p>Vod\u00e1rensk\u00e1 v\u011b\u017e po zda\u0159il\u00e9 rekonstrukci ji\u017e obdr\u017eela n\u011bkolik zaj\u00edmav\u00fdch ocen\u011bn\u00ed. Hned dvakr\u00e1t usp\u011bla v\u00a0lo\u0148sk\u00e9m ro\u010dn\u00edku sout\u011b\u017ee Stavba roku, kde si odnesla Cenu poroty a\u00a0Cenu p\u0159edsedy Sen\u00e1tu Parlamentu \u010cR. Letos v&nbsp;dubnu pak sv\u00e9 \u00fasp\u011bchy doplnila v\u00edt\u011bzstv\u00edm v\u00a0sout\u011b\u017ei Interi\u00e9r roku.<\/p>\r\n<p><strong>Podpo\u0159te \u00fasp\u011b\u0161nou obnovu obl\u00edben\u00e9 letensk\u00e9 pam\u00e1tky hlasov\u00e1n\u00edm v\u00a0sout\u011b\u017ei N\u00e1rodn\u00edho pam\u00e1tkov\u00e9ho \u00fastavu. Hlasovat je mo\u017en\u00e9 do 13.&nbsp;z\u00e1\u0159\u00ed. Slavnostn\u00ed vyhl\u00e1\u0161en\u00ed v\u00fdsledk\u016f prob\u011bhne 2.&nbsp;\u0159\u00edjna.<\/strong><\/p>\r\n<p>P\u0159\u00edm\u00fd odkaz na hlasov\u00e1n\u00ed uv\u00e1d\u00edme <a href=\"https:\/\/www.npu.cz\/cs\/opravujete-pamatku\/inspirujte-se\/43911-celkova-obnova-vodarenske-veze-na-letne-v-praze\">zde<\/a>, ve\u0161ker\u00e9 podstatn\u00e9 informace o&nbsp;sout\u011b\u017ei naleznete na <a href=\"https:\/\/www.npu.cz\/cs\/uop-praha\/zpravy\/44638-podporte-sveho-favorita-v-hlasovani-o-cenu-npu-patrimonium-pro-futuro\">str\u00e1nk\u00e1ch NP\u00da<\/a>.<\/p>\r\n<p>&nbsp;<\/p>\r\n<p><a href=\"https:\/\/www.youtube.com\/watch?v=QrXKtOE4lQs\">P\u0159ipome\u0148te si, jak \u0161el \u010das p\u0159i s&nbsp;Vod\u00e1renskou v\u011b\u017e\u00ed unik\u00e1tn\u00edm sest\u0159ihem 81&nbsp;637 fotografi\u00ed po\u0159\u00edzen\u00fdch b\u011bhem rekonstrukce. <\/a><\/p>","protected":false},"excerpt":{"rendered":"[perex] Rekonstrukce Vod\u00e1rensk\u00e9 v\u011b\u017ee na Letn\u00e9 byla nominov\u00e1na do sout\u011b\u017ee N\u00e1rodn\u00edho pam\u00e1tkov\u00e9ho \u00fastavu Patrimonium pro futuro v\u00a0kategorii obnova pam\u00e1tky, restaurov\u00e1n\u00ed. O&nbsp;v\u00edt\u011bz\u00edch jednotliv\u00fdch kategori\u00ed rozhodne odborn\u00e1 porota, zapojit se v\u0161ak m\u016f\u017ee tak\u00e9 \u0161irok\u00e1 ve\u0159ejnost. Ji\u017e nyn\u00ed lze Vod\u00e1renskou v\u011b\u017e podpo\u0159it t\u00edm, \u017ee j\u00ed d\u00e1te sv\u016fj hlas v\u00a0online hlasov\u00e1n\u00ed o&nbsp;cenu ve\u0159ejnosti Pam\u00e1tky d\u011bkuj\u00ed. Hlasovat m\u016f\u017eete do p\u00e1tku [&hellip;]","protected":false},"author":5,"featured_media":20034,"comment_status":"closed","ping_status":"open","sticky":false,"template":"","format":"standard","meta":[],"categories":[34],"tags":[],"_links":{"self":[{"href":"https:\/\/www.praha7.cz\/api\/wp\/v2\/posts\/28506"}],"collection":[{"href":"https:\/\/www.praha7.cz\/api\/wp\/v2\/posts"}],"about":[{"href":"https:\/\/www.praha7.cz\/api\/wp\/v2\/types\/post"}],"author":[{"embeddable":true,"href":"https:\/\/www.praha7.cz\/api\/wp\/v2\/users\/5"}],"replies":[{"embeddable":true,"href":"https:\/\/www.praha7.cz\/api\/wp\/v2\/comments?post=28506"}],"version-history":[{"count":4,"href":"https:\/\/www.praha7.cz\/api\/wp\/v2\/posts\/28506\/revisions"}],"predecessor-version":[{"id":29670,"href":"https:\/\/www.praha7.cz\/api\/wp\/v2\/posts\/28506\/revisions\/29670"}],"wp:featuredmedia":[{"embeddable":true,"href":"https:\/\/www.praha7.cz\/api\/wp\/v2\/media\/20034"}],"wp:attachment":[{"href":"https:\/\/www.praha7.cz\/api\/wp\/v2\/media?parent=28506"}],"wp:term":[{"taxonomy":"category","embeddable":true,"href":"https:\/\/www.praha7.cz\/api\/wp\/v2\/categories?post=28506"},{"taxonomy":"post_tag","embeddable":true,"href":"https:\/\/www.praha7.cz\/api\/wp\/v2\/tags?post=28506"}],"curies":[{"name":"wp","href":"https:\/\/api.w.org\/{rel}","templated":true}]}}