    
{"id":28372,"date":"2019-07-25T10:55:08","date_gmt":"2019-07-25T08:55:08","guid":{"rendered":"https:\/\/www.praha7.cz\/?p=28372"},"modified":"2019-07-29T14:00:28","modified_gmt":"2019-07-29T12:00:28","slug":"hledate-zajimavou-praci-v-oblasti-spravnich-agend","status":"publish","type":"post","link":"https:\/\/www.praha7.cz\/hledate-zajimavou-praci-v-oblasti-spravnich-agend\/","title":{"rendered":"Hled\u00e1te zaj\u00edmavou pr\u00e1ci v&nbsp;oblasti spr\u00e1vn\u00edch agend?"},"content":{"rendered":"<p>[perex]<\/p>\r\n<p>\u00da\u0159ad Prahy&nbsp;7 sh\u00e1n\u00ed do sv\u00e9ho t\u00fdmu kolegu\/kolegyni na pozici Zpracovatel\/ka p\u0159estupk\u016f v&nbsp;Odboru spr\u00e1vn\u00edch agend.\u00a0Jste pe\u010dliv\u00ed, zodpov\u011bdn\u00ed a&nbsp;dok\u00e1\u017eete pracovat samostatn\u011b s&nbsp;mo\u017enost\u00ed pru\u017en\u00e9 pracovn\u00ed doby? Vynik\u00e1te organiza\u010dn\u00edm talentem a\u00a0hled\u00e1te uplatn\u011bn\u00ed? M\u00e1te z\u00e1jem pracovat v\u00a0dynamicky se rozv\u00edjej\u00edc\u00ed m\u011bstsk\u00e9 \u010d\u00e1sti pro \u00fa\u0159ad s\u00a0tak trochu jin\u00fdm p\u0159\u00edstupem? Nev\u00e1hejte a&nbsp;p\u0159ihlaste se do na\u0161eho v\u00fdb\u011brov\u00e9ho \u0159\u00edzen\u00ed.<\/p>\r\n<p>[\/perex]<\/p>\r\n<h3>Co u&nbsp;n\u00e1s budete d\u011blat?<\/h3>\r\n<p>Va\u0161\u00ed hlavn\u00ed pracovn\u00ed n\u00e1pln\u00ed bude\u00a0zpracov\u00e1n\u00ed agendy p\u0159estupk\u016f,\u00a0zaji\u0161\u0165ov\u00e1n\u00ed procesu spr\u00e1vn\u00edch \u0159\u00edzen\u00ed a&nbsp;budete m\u00edt tak\u00e9 na starosti organiza\u010dn\u00ed zabezpe\u010den\u00ed voleb.\u00a0<\/p>\r\n<h3>Co od v\u00e1s o\u010dek\u00e1v\u00e1me?<\/h3>\r\n<p>&#8211;\u00a0 \u00a0 \u00a0 vysoko\u0161kolsk\u00e9 vzd\u011bl\u00e1n\u00ed v&nbsp;bakal\u00e1\u0159sk\u00e9m studijn\u00edm programu nebo vy\u0161\u0161\u00ed odborn\u00e9 vzd\u011bl\u00e1n\u00ed<\/p>\r\n<p>&#8211;\u00a0 \u00a0 \u00a0 znalost z\u00e1kona \u010d. 500\/2004 Sb., spr\u00e1vn\u00ed \u0159\u00e1d<\/p>\r\n<p>&#8211;\u00a0 \u00a0 \u00a0 znalost z\u00e1kona\u00a0\u010d. 250\/2016 Sb. o&nbsp;odpov\u011bdnosti za p\u0159estupky<\/p>\r\n<p>&#8211;\u00a0 \u00a0 \u00a0 aktivn\u00ed znalost pr\u00e1ce na PC (Word, Excel, Internet)<\/p>\r\n<p>&#8211;\u00a0 \u00a0 \u00a0 organiza\u010dn\u00ed a&nbsp;komunika\u010dn\u00ed schopnosti, pe\u010dlivost, samostatnost, psychick\u00e1 odolnost<\/p>\r\n<p>&#8211;\u00a0 \u00a0 \u00a0 zkou\u0161ka zvl\u00e1\u0161tn\u00ed odborn\u00e9 zp\u016fsobilosti na \u00faseku p\u0159estupk\u016f v\u00fdhodou<\/p>\r\n<p>&#8211;\u00a0 \u00a0 \u00a0 praxe ve st\u00e1tn\u00ed spr\u00e1v\u011b v\u00fdhodou<\/p>\r\n<p>&#8211;\u00a0 \u00a0 \u00a0 znalost p\u0159estupkov\u00e9 agendy v\u00fdhodou<\/p>\r\n<h3>Co v\u00e1m nab\u00edz\u00edme?<\/h3>\r\n<p>Pracovn\u00ed pom\u011br na dobu neur\u010ditou. N\u00e1stupn\u00ed plat v&nbsp;10.&nbsp;platov\u00e9 t\u0159\u00edd\u011b a\u017e do v\u00fd\u0161e 29&nbsp;740,- K\u010d podle d\u00e9lky odborn\u00e9 praxe. Po zku\u0161ebn\u00ed dob\u011b osobn\u00ed p\u0159\u00edplatek a\u017e do v\u00fd\u0161e 100&nbsp;% maxim\u00e1ln\u00edho n\u00e1stupn\u00edho platu.<\/p>\r\n<table width=\"1109\" height=\"217\" style=\"color: black !important; font-weight: normal !important;\">\r\n<tbody>\r\n<tr>\r\n<td style=\"height: 0px; text-align: center;\"><\/td>\r\n<td style=\"height: 0px; text-align: center;\"><\/td>\r\n<td style=\"height: 0px; text-align: center;\"><\/td>\r\n<\/tr>\r\n<tr>\r\n<td style=\"width: 361px; text-align: center;\">\r\n<p><img loading=\"lazy\" src=\"https:\/\/www.praha7.cz\/wp-content\/uploads\/2018\/11\/rust.jpg\" alt=\"\" width=\"99\" height=\"96\" class=\"alignnone size-full wp-image-21382\" \/><\/p>\r\n<span style=\"font-weight: normal !important; color: black !important;\">Platov\u00e9 ohodnocen\u00ed, kter\u00e9 roste spolu s&nbsp;v\u00e1mi.<\/span><\/td>\r\n<td style=\"width: 363px; text-align: center;\">\r\n<p><img loading=\"lazy\" src=\"https:\/\/www.praha7.cz\/wp-content\/uploads\/2018\/11\/benefit.jpg\" alt=\"\" width=\"99\" height=\"96\" class=\"alignnone size-full wp-image-21381\" \/><\/p>\r\n<span style=\"font-weight: normal !important; color: black !important;\">\u0160irokou \u0161k\u00e1lu benefit\u016f, kter\u00e9 p\u0159ich\u00e1zej\u00ed ve spr\u00e1vn\u00fd \u010das.<\/span><\/td>\r\n<td style=\"width: 363px; text-align: center;\">\r\n<p><img loading=\"lazy\" src=\"https:\/\/www.praha7.cz\/wp-content\/uploads\/2018\/11\/dovolena.jpg\" alt=\"\" width=\"99\" height=\"96\" class=\"alignnone size-full wp-image-21383\" \/><\/p>\r\n<span style=\"font-weight: normal !important; color: black !important;\">5 t\u00fddn\u016f dovolen\u00e9, na kterou nebudete cht\u00edt odjet.<\/span><\/td>\r\n<\/tr>\r\n<tr>\r\n<td style=\"width: 361px; text-align: center;\">\r\n<p><img loading=\"lazy\" src=\"https:\/\/www.praha7.cz\/wp-content\/uploads\/2018\/11\/vzdelavani.jpg\" alt=\"\" width=\"142\" height=\"96\" class=\"alignnone size-full wp-image-21384\" \/><\/p>\r\n<span style=\"font-weight: normal !important; color: black !important;\">Mo\u017enost dal\u0161\u00edho vzd\u011bl\u00e1v\u00e1n\u00ed, abyste se ve sv\u011bt\u011b neztratili.<\/span><\/td>\r\n<td style=\"width: 363px; text-align: center;\">\r\n<p><img loading=\"lazy\" src=\"https:\/\/www.praha7.cz\/wp-content\/uploads\/2018\/11\/inspirace.jpg\" alt=\"\" width=\"99\" height=\"96\" class=\"alignnone size-full wp-image-21385\" \/><\/p>\r\n<span style=\"font-weight: normal !important; color: black !important;\">Pr\u00e1ci v&nbsp;inspirativn\u00edm kolektivu, kde se p\u0159ed n\u00e1pady nezav\u00edraj\u00ed o\u010di.<\/span><\/td>\r\n<td style=\"width: 363px; text-align: center;\">\r\n<p><img loading=\"lazy\" src=\"https:\/\/www.praha7.cz\/wp-content\/uploads\/2018\/11\/perspektiva.jpg\" alt=\"\" width=\"99\" height=\"96\" class=\"alignnone size-full wp-image-21386\" \/><\/p>\r\n<span style=\"font-weight: normal !important; color: black !important;\">Perspektivn\u00ed zam\u011bstn\u00e1n\u00ed, kde pom\u00e1h\u00e1te m\u011bnit sv\u011bt kolem sebe.<\/span><\/td>\r\n<\/tr>\r\n<\/tbody>\r\n<\/table>\r\n<p>&nbsp;<\/p>\r\n<h3>Jak se k\u00a0n\u00e1m dostanete?<\/h3>\r\n<p>P\u0159ihl\u00e1\u0161ku a&nbsp;souhlas se zpracov\u00e1n\u00edm osobn\u00edch \u00fadaj\u016f (naleznete ve <a href=\"https:\/\/www.praha7.cz\/radnice\/povinne-zverejnovane-informace\/formulare\/\">Formul\u00e1\u0159\u00edch Odboru person\u00e1ln\u00edch \u010dinnost\u00ed<\/a>) v\u010detn\u011b strukturovan\u00e9ho \u017eivotopisu, v\u00fdpisu z\u00a0evidence Rejst\u0159\u00edku trest\u016f a\u00a0ov\u011b\u0159en\u00e9 kopie dokladu o\u00a0nejvy\u0161\u0161\u00edm dosa\u017een\u00e9m vzd\u011bl\u00e1n\u00ed je mo\u017en\u00e9 osobn\u011b doru\u010dit v\u00a0\u00fa\u0159edn\u00edch hodin\u00e1ch do podatelny \u00da\u0159adu M\u010c Praha\u00a07 nebo zaslat na n\u00ed\u017ee uvedenou adresu\u00a0<span style=\"color: #ff0000;\"><strong>nejpozd\u011bji do 12.\u00a08.\u00a02019<\/strong><\/span>.<\/p>\r\n<p>&nbsp;<\/p>\r\n<p><strong>P\u0159edpokl\u00e1dan\u00fd vznik pracovn\u00edho pom\u011bru 1.&nbsp;9.&nbsp;2019.<\/strong><\/p>\r\n<p>&nbsp;<\/p>\r\n<p><em>M\u011bstsk\u00e1 \u010d\u00e1st Praha&nbsp;7<\/em><\/p>\r\n<p><em>\u00da\u0159ad m\u011bstsk\u00e9 \u010d\u00e1sti Praha&nbsp;7<\/em><\/p>\r\n<p><em>Odbor person\u00e1ln\u00edch \u010dinnost\u00ed<\/em><\/p>\r\n<p><em>n\u00e1b\u0159. Kpt. Jaro\u0161e 1000<\/em><\/p>\r\n<p><em>170&nbsp;00 Praha&nbsp;7<\/em><\/p>\r\n<p>&nbsp;<\/p>\r\n<p>Ve\u0161ker\u00e9 pot\u0159ebn\u00e9 informace pro p\u0159ihl\u00e1\u0161en\u00ed do v\u00fdb\u011brov\u00e9ho \u0159\u00edzen\u00ed naleznete <a href=\"https:\/\/www.praha7.cz\/wp-content\/uploads\/2019\/07\/M%C4%8C-Odbor-personaln%C3%AD-Zpracovatel-ka-p%C5%99estupk%C5%AF-Odbor-spr%C3%A1vn%C3%ADch-agend-.pdf\">zde<\/a>.<\/p>","protected":false},"excerpt":{"rendered":"[perex] \u00da\u0159ad Prahy&nbsp;7 sh\u00e1n\u00ed do sv\u00e9ho t\u00fdmu kolegu\/kolegyni na pozici Zpracovatel\/ka p\u0159estupk\u016f v&nbsp;Odboru spr\u00e1vn\u00edch agend.\u00a0Jste pe\u010dliv\u00ed, zodpov\u011bdn\u00ed a&nbsp;dok\u00e1\u017eete pracovat samostatn\u011b s&nbsp;mo\u017enost\u00ed pru\u017en\u00e9 pracovn\u00ed doby? Vynik\u00e1te organiza\u010dn\u00edm talentem a\u00a0hled\u00e1te uplatn\u011bn\u00ed? M\u00e1te z\u00e1jem pracovat v\u00a0dynamicky se rozv\u00edjej\u00edc\u00ed m\u011bstsk\u00e9 \u010d\u00e1sti pro \u00fa\u0159ad s\u00a0tak trochu jin\u00fdm p\u0159\u00edstupem? Nev\u00e1hejte a&nbsp;p\u0159ihlaste se do na\u0161eho v\u00fdb\u011brov\u00e9ho \u0159\u00edzen\u00ed. [\/perex] Co u&nbsp;n\u00e1s budete d\u011blat? [&hellip;]","protected":false},"author":97,"featured_media":28377,"comment_status":"closed","ping_status":"open","sticky":false,"template":"","format":"standard","meta":[],"categories":[34],"tags":[],"_links":{"self":[{"href":"https:\/\/www.praha7.cz\/api\/wp\/v2\/posts\/28372"}],"collection":[{"href":"https:\/\/www.praha7.cz\/api\/wp\/v2\/posts"}],"about":[{"href":"https:\/\/www.praha7.cz\/api\/wp\/v2\/types\/post"}],"author":[{"embeddable":true,"href":"https:\/\/www.praha7.cz\/api\/wp\/v2\/users\/97"}],"replies":[{"embeddable":true,"href":"https:\/\/www.praha7.cz\/api\/wp\/v2\/comments?post=28372"}],"version-history":[{"count":6,"href":"https:\/\/www.praha7.cz\/api\/wp\/v2\/posts\/28372\/revisions"}],"predecessor-version":[{"id":67466,"href":"https:\/\/www.praha7.cz\/api\/wp\/v2\/posts\/28372\/revisions\/67466"}],"wp:featuredmedia":[{"embeddable":true,"href":"https:\/\/www.praha7.cz\/api\/wp\/v2\/media\/28377"}],"wp:attachment":[{"href":"https:\/\/www.praha7.cz\/api\/wp\/v2\/media?parent=28372"}],"wp:term":[{"taxonomy":"category","embeddable":true,"href":"https:\/\/www.praha7.cz\/api\/wp\/v2\/categories?post=28372"},{"taxonomy":"post_tag","embeddable":true,"href":"https:\/\/www.praha7.cz\/api\/wp\/v2\/tags?post=28372"}],"curies":[{"name":"wp","href":"https:\/\/api.w.org\/{rel}","templated":true}]}}