    
{"id":28330,"date":"2019-07-23T14:13:36","date_gmt":"2019-07-23T12:13:36","guid":{"rendered":"https:\/\/www.praha7.cz\/?p=28330"},"modified":"2019-07-24T09:43:12","modified_gmt":"2019-07-24T07:43:12","slug":"ohlidejme-si-vodni-vaky-v-ulicich","status":"publish","type":"post","link":"https:\/\/www.praha7.cz\/ohlidejme-si-vodni-vaky-v-ulicich\/","title":{"rendered":"Ohl\u00eddejme si vodn\u00ed vaky v&nbsp;ulic\u00edch"},"content":{"rendered":"<p>[perex]<\/p>\r\n<p>V leto\u0161n\u00edm roce zavedla M\u010c Praha&nbsp;7 pro zal\u00e9v\u00e1n\u00ed mlad\u00fdch strom\u016f zavla\u017eovac\u00ed vaky, kter\u00e9 umo\u017e\u0148uj\u00ed dos\u00e1hnout spr\u00e1vn\u00e9 z\u00e1livky bez pl\u00fdtv\u00e1n\u00ed vodou, kdy voda z&nbsp;vaku postupn\u011b prokap\u00e1v\u00e1 a\u017e ke ko\u0159en\u016fm stromu. Ji\u017e po n\u011bkolika dnech od jejich instalace n\u00e1m bylo ze strany Technick\u00e9 spr\u00e1vy komunikac\u00ed bohu\u017eel nahl\u00e1\u0161eno odcizen\u00ed \u0161esti kus\u016f vak\u016f (v\u00a0ulici U&nbsp;Pr\u016fhonu, Argentinsk\u00e1 a&nbsp;\u0160im\u00e1\u010dkova). R\u00e1di bychom touto cestou po\u017e\u00e1dali v\u0161echny v\u0161\u00edmav\u00e9 ob\u010dany, aby jakoukoliv podez\u0159elou manipulaci s&nbsp;vaky &#8211; vyjma pracovn\u00edk\u016f spr\u00e1vcovsk\u00e9 firmy 7U, kte\u0159\u00ed z\u00e1livku zaji\u0161\u0165uj\u00ed &#8211; hl\u00e1sili p\u0159\u00edmo na kontaktech m\u011bstsk\u00e9 policie.\u00a0\u00a0<\/p>\r\n<p>D\u011bkujeme!<\/p>\r\n<p>[\/perex]<\/p>\r\n<p><strong>Vodn\u00ed &#8211; zavla\u017eovac\u00ed &#8211; vaky:<\/strong><\/p>\r\n<ul>\r\n\t<li>zjednodu\u0161uj\u00ed z\u00e1livku nov\u00fdch strom\u016f<\/li>\r\n\t<li>vak pojme p\u0159ibli\u017en\u011b 55 litr\u016f vod<\/li>\r\n\t<li>lze jich um\u00edstit k\u00a0jednomu stromu\u00a0v\u00edce\u00a0<\/li>\r\n\t<li>celkov\u011b urychl\u00ed a\u00a0zlevn\u00ed pr\u00e1ci \u00fadr\u017eby<\/li>\r\n\t<li>hojn\u011b se pou\u017e\u00edvaj\u00ed nap\u0159\u00edklad ve \u0160v\u00e9dsku<\/li>\r\n<\/ul>","protected":false},"excerpt":{"rendered":"[perex] V&nbsp;leto\u0161n\u00edm roce zavedla M\u010c Praha&nbsp;7 pro zal\u00e9v\u00e1n\u00ed mlad\u00fdch strom\u016f zavla\u017eovac\u00ed vaky, kter\u00e9 umo\u017e\u0148uj\u00ed dos\u00e1hnout spr\u00e1vn\u00e9 z\u00e1livky bez pl\u00fdtv\u00e1n\u00ed vodou, kdy voda z&nbsp;vaku postupn\u011b prokap\u00e1v\u00e1 a\u017e ke ko\u0159en\u016fm stromu. Ji\u017e po n\u011bkolika dnech od jejich instalace n\u00e1m bylo ze strany Technick\u00e9 spr\u00e1vy komunikac\u00ed bohu\u017eel nahl\u00e1\u0161eno odcizen\u00ed \u0161esti kus\u016f vak\u016f (v\u00a0ulici U&nbsp;Pr\u016fhonu, Argentinsk\u00e1 a&nbsp;\u0160im\u00e1\u010dkova). R\u00e1di [&hellip;]","protected":false},"author":97,"featured_media":28331,"comment_status":"closed","ping_status":"open","sticky":false,"template":"","format":"standard","meta":[],"categories":[34],"tags":[],"_links":{"self":[{"href":"https:\/\/www.praha7.cz\/api\/wp\/v2\/posts\/28330"}],"collection":[{"href":"https:\/\/www.praha7.cz\/api\/wp\/v2\/posts"}],"about":[{"href":"https:\/\/www.praha7.cz\/api\/wp\/v2\/types\/post"}],"author":[{"embeddable":true,"href":"https:\/\/www.praha7.cz\/api\/wp\/v2\/users\/97"}],"replies":[{"embeddable":true,"href":"https:\/\/www.praha7.cz\/api\/wp\/v2\/comments?post=28330"}],"version-history":[{"count":4,"href":"https:\/\/www.praha7.cz\/api\/wp\/v2\/posts\/28330\/revisions"}],"predecessor-version":[{"id":28339,"href":"https:\/\/www.praha7.cz\/api\/wp\/v2\/posts\/28330\/revisions\/28339"}],"wp:featuredmedia":[{"embeddable":true,"href":"https:\/\/www.praha7.cz\/api\/wp\/v2\/media\/28331"}],"wp:attachment":[{"href":"https:\/\/www.praha7.cz\/api\/wp\/v2\/media?parent=28330"}],"wp:term":[{"taxonomy":"category","embeddable":true,"href":"https:\/\/www.praha7.cz\/api\/wp\/v2\/categories?post=28330"},{"taxonomy":"post_tag","embeddable":true,"href":"https:\/\/www.praha7.cz\/api\/wp\/v2\/tags?post=28330"}],"curies":[{"name":"wp","href":"https:\/\/api.w.org\/{rel}","templated":true}]}}