    
{"id":28285,"date":"2019-07-21T15:01:52","date_gmt":"2019-07-21T13:01:52","guid":{"rendered":"https:\/\/www.praha7.cz\/?p=28285"},"modified":"2019-07-22T19:54:07","modified_gmt":"2019-07-22T17:54:07","slug":"nehoda-v-ulici-trojska","status":"publish","type":"post","link":"https:\/\/www.praha7.cz\/nehoda-v-ulici-trojska\/","title":{"rendered":"Nehoda v&nbsp;ulici Trojsk\u00e1"},"content":{"rendered":"<p>[perex]<\/p>\r\n<p>V\u00a0ul. Trojsk\u00e1 do\u0161lo k\u00a0dopravn\u00ed nehod\u011b. Na m\u00edst\u011b zasahuj\u00ed slo\u017eky IZS. P\u0159edpoklad obnoven\u00ed provozu kolem 16:00 hodin.<\/p>\r\n<p>[\/perex]<\/p>","protected":false},"excerpt":{"rendered":"[perex] V\u00a0ul. Trojsk\u00e1 do\u0161lo k\u00a0dopravn\u00ed nehod\u011b. Na m\u00edst\u011b zasahuj\u00ed slo\u017eky IZS. P\u0159edpoklad obnoven\u00ed provozu kolem 16:00 hodin. [\/perex]","protected":false},"author":5,"featured_media":28286,"comment_status":"closed","ping_status":"open","sticky":false,"template":"","format":"standard","meta":[],"categories":[1],"tags":[],"_links":{"self":[{"href":"https:\/\/www.praha7.cz\/api\/wp\/v2\/posts\/28285"}],"collection":[{"href":"https:\/\/www.praha7.cz\/api\/wp\/v2\/posts"}],"about":[{"href":"https:\/\/www.praha7.cz\/api\/wp\/v2\/types\/post"}],"author":[{"embeddable":true,"href":"https:\/\/www.praha7.cz\/api\/wp\/v2\/users\/5"}],"replies":[{"embeddable":true,"href":"https:\/\/www.praha7.cz\/api\/wp\/v2\/comments?post=28285"}],"version-history":[{"count":1,"href":"https:\/\/www.praha7.cz\/api\/wp\/v2\/posts\/28285\/revisions"}],"predecessor-version":[{"id":28287,"href":"https:\/\/www.praha7.cz\/api\/wp\/v2\/posts\/28285\/revisions\/28287"}],"wp:featuredmedia":[{"embeddable":true,"href":"https:\/\/www.praha7.cz\/api\/wp\/v2\/media\/28286"}],"wp:attachment":[{"href":"https:\/\/www.praha7.cz\/api\/wp\/v2\/media?parent=28285"}],"wp:term":[{"taxonomy":"category","embeddable":true,"href":"https:\/\/www.praha7.cz\/api\/wp\/v2\/categories?post=28285"},{"taxonomy":"post_tag","embeddable":true,"href":"https:\/\/www.praha7.cz\/api\/wp\/v2\/tags?post=28285"}],"curies":[{"name":"wp","href":"https:\/\/api.w.org\/{rel}","templated":true}]}}