    
{"id":28270,"date":"2019-07-19T14:11:23","date_gmt":"2019-07-19T12:11:23","guid":{"rendered":"https:\/\/www.praha7.cz\/?p=28270"},"modified":"2019-07-22T12:52:01","modified_gmt":"2019-07-22T10:52:01","slug":"praha-7-hleda-provozovatele-kavarny-do-nove-radnice","status":"publish","type":"post","link":"https:\/\/www.praha7.cz\/praha-7-hleda-provozovatele-kavarny-do-nove-radnice\/","title":{"rendered":"Praha&nbsp;7 hled\u00e1 provozovatele kav\u00e1rny do nov\u00e9 radnice"},"content":{"rendered":"<p>[perex]<\/p>\r\n<p>Praha&nbsp;7 vyhl\u00e1sila ve\u0159ejnou sout\u011b\u017e na pron\u00e1jem kav\u00e1rny typu espresso bar v\u00a0nov\u00e9m s\u00eddle \u00da\u0159adu M\u010c Praha&nbsp;7 na adrese U&nbsp;Pr\u016fhonu 38\/1338. Z\u00e1jemci mohou pod\u00e1vat sv\u00e9 nab\u00eddky do 25.&nbsp;z\u00e1\u0159\u00ed 2019, 9:00 hodin.<\/p>\r\n<p>[\/perex]\u00a0\u00a0<span style=\"font-size: 14px;\"><em>Ilustra\u010dn\u00ed vizualizace p\u0159ibli\u017en\u00e9 podoby kav\u00e1rny<\/em><\/span><\/p>\r\n<p>Praha&nbsp;7 pl\u00e1nuje v\u00a0p\u0159\u00edzem\u00ed budovy radnice otev\u0159\u00edt pro ve\u0159ejnost espresso bar s&nbsp;tepl\u00fdmi a&nbsp;studen\u00fdmi n\u00e1poji a&nbsp;ob\u010derstven\u00edm (studen\u00e1 kuchyn\u011b s\u00a0mo\u017enost\u00ed pod\u00e1v\u00e1n\u00ed zap\u00e9kan\u00fdch sendvi\u010d\u016f\/kol\u00e1\u010d\u016f apod.).\u00a0<\/p>\r\n<p>Provozovatel si od m\u011bstsk\u00e9 \u010d\u00e1sti pronajme prostory, kter\u00e9 tvo\u0159\u00ed z&nbsp;\u010d\u00e1sti otev\u0159en\u00fd bar, samostatn\u011b uzamykateln\u00e1 m\u00edstnost p\u0159\u00edpravny, \u0161atna a&nbsp;hygienick\u00e9ho z\u00e1zem\u00ed. Sou\u010d\u00e1st\u00ed n\u00e1jmu bude tak\u00e9 n\u00e1bytek \u010di gastronomick\u00e9 za\u0159\u00edzen\u00ed, vyjma koncov\u00fdch nevestav\u011bn\u00fdch prvk\u016f, jako nap\u0159\u00edklad k\u00e1vovar, pokladna apod.<\/p>\r\n<p>V\u00a0kav\u00e1rn\u011b bude zak\u00e1z\u00e1no pou\u017e\u00edvat jednor\u00e1zov\u00e9 plasty. M\u011bstsk\u00e1 \u010d\u00e1st bude tak\u00e9 preferovat z\u00e1jemce, kter\u00fd uplat\u0148uje z\u00e1sady udr\u017eiteln\u00e9ho rozvoje.<\/p>\r\n<p><strong>Z\u00e1vazn\u00e9 nab\u00eddky do sout\u011b\u017ee je t\u0159eba pod\u00e1vat na p\u0159edepsan\u00e9m formul\u00e1\u0159i v\u010detn\u011b povinn\u00fdch p\u0159\u00edloh. P\u0159\u00edjem nab\u00eddek kon\u010d\u00ed dne 25.&nbsp;9.&nbsp;2019 v&nbsp;9:00 hodin.<\/strong><\/p>\r\n<p>Ve\u0161ker\u00e9 pot\u0159ebn\u00e9 podklady v\u010detn\u011b p\u0159ihl\u00e1\u0161ky a&nbsp;podrobn\u00fdch pravidel sout\u011b\u017ee naleznete <a href=\"https:\/\/www.praha7.cz\/oznameni\/?id=2010\">zde<\/a>.<\/p>\r\n<p>&nbsp;<\/p>","protected":false},"excerpt":{"rendered":"[perex] Praha&nbsp;7 vyhl\u00e1sila ve\u0159ejnou sout\u011b\u017e na pron\u00e1jem kav\u00e1rny typu espresso bar v\u00a0nov\u00e9m s\u00eddle \u00da\u0159adu M\u010c Praha&nbsp;7 na adrese U&nbsp;Pr\u016fhonu 38\/1338. Z\u00e1jemci mohou pod\u00e1vat sv\u00e9 nab\u00eddky do 25.&nbsp;z\u00e1\u0159\u00ed 2019, 9:00 hodin. [\/perex]\u00a0\u00a0Ilustra\u010dn\u00ed vizualizace p\u0159ibli\u017en\u00e9 podoby kav\u00e1rny Praha&nbsp;7 pl\u00e1nuje v\u00a0p\u0159\u00edzem\u00ed budovy radnice otev\u0159\u00edt pro ve\u0159ejnost espresso bar s&nbsp;tepl\u00fdmi a&nbsp;studen\u00fdmi n\u00e1poji a&nbsp;ob\u010derstven\u00edm (studen\u00e1 kuchyn\u011b s\u00a0mo\u017enost\u00ed pod\u00e1v\u00e1n\u00ed zap\u00e9kan\u00fdch sendvi\u010d\u016f\/kol\u00e1\u010d\u016f [&hellip;]","protected":false},"author":5,"featured_media":28271,"comment_status":"closed","ping_status":"open","sticky":false,"template":"","format":"standard","meta":[],"categories":[34],"tags":[],"_links":{"self":[{"href":"https:\/\/www.praha7.cz\/api\/wp\/v2\/posts\/28270"}],"collection":[{"href":"https:\/\/www.praha7.cz\/api\/wp\/v2\/posts"}],"about":[{"href":"https:\/\/www.praha7.cz\/api\/wp\/v2\/types\/post"}],"author":[{"embeddable":true,"href":"https:\/\/www.praha7.cz\/api\/wp\/v2\/users\/5"}],"replies":[{"embeddable":true,"href":"https:\/\/www.praha7.cz\/api\/wp\/v2\/comments?post=28270"}],"version-history":[{"count":11,"href":"https:\/\/www.praha7.cz\/api\/wp\/v2\/posts\/28270\/revisions"}],"predecessor-version":[{"id":28315,"href":"https:\/\/www.praha7.cz\/api\/wp\/v2\/posts\/28270\/revisions\/28315"}],"wp:featuredmedia":[{"embeddable":true,"href":"https:\/\/www.praha7.cz\/api\/wp\/v2\/media\/28271"}],"wp:attachment":[{"href":"https:\/\/www.praha7.cz\/api\/wp\/v2\/media?parent=28270"}],"wp:term":[{"taxonomy":"category","embeddable":true,"href":"https:\/\/www.praha7.cz\/api\/wp\/v2\/categories?post=28270"},{"taxonomy":"post_tag","embeddable":true,"href":"https:\/\/www.praha7.cz\/api\/wp\/v2\/tags?post=28270"}],"curies":[{"name":"wp","href":"https:\/\/api.w.org\/{rel}","templated":true}]}}