    
{"id":28248,"date":"2019-07-18T15:07:30","date_gmt":"2019-07-18T13:07:30","guid":{"rendered":"https:\/\/www.praha7.cz\/?p=28248"},"modified":"2019-07-18T15:08:25","modified_gmt":"2019-07-18T13:08:25","slug":"praha-zverejnila-navrh-akcniho-planu-snizovani-hluku-pripominky-mohou-lide-zasilat-do-druhe-poloviny-srpna","status":"publish","type":"post","link":"https:\/\/www.praha7.cz\/praha-zverejnila-navrh-akcniho-planu-snizovani-hluku-pripominky-mohou-lide-zasilat-do-druhe-poloviny-srpna\/","title":{"rendered":"Praha zve\u0159ejnila n\u00e1vrh Ak\u010dn\u00edho pl\u00e1nu sni\u017eov\u00e1n\u00ed hluku, p\u0159ipom\u00ednky mohou lid\u00e9 zas\u00edlat do druh\u00e9 poloviny srpna"},"content":{"rendered":"<p>[perex]<\/p>\r\n<p>Magistr\u00e1t hl. m. Prahy dokon\u010dil t\u0159et\u00ed kolo strategick\u00e9ho hlukov\u00e9ho mapov\u00e1n\u00ed a&nbsp;zve\u0159ejnil jeho v\u00fdstupy spole\u010dn\u011b s&nbsp;n\u00e1vrhem obsahu Ak\u010dn\u00edho pl\u00e1nu sni\u017eov\u00e1n\u00ed hluku v\u00a0hlavn\u00edm m\u011bst\u011b. K\u00a0n\u011bmu je mo\u017en\u00e9 do 19.&nbsp;srpna zas\u00edlat p\u0159ipom\u00ednky. Hlukov\u00e9 mapov\u00e1n\u00ed si klade za c\u00edl ur\u010dit v\u00a0Praze m\u00edsta s\u00a0nejv\u011bt\u0161\u00edm hlukem a&nbsp;n\u00e1sledn\u011b p\u0159ijmout pl\u00e1ny prevence a&nbsp;sni\u017eov\u00e1n\u00ed hluku v&nbsp;prost\u0159ed\u00ed.<\/p>\r\n<p>[\/perex]<\/p>\r\n<p>Z\u00e1kladn\u00edm podkladem pro vypracov\u00e1n\u00ed nov\u00e9ho Ak\u010dn\u00edho pl\u00e1nu sni\u017eov\u00e1n\u00ed hluku je Strategick\u00e1 hlukov\u00e1 mapa aglomerace Praha, kter\u00e1 je sou\u010d\u00e1st\u00ed v\u00fdsledk\u016f t\u0159et\u00edho kola strategick\u00e9ho hlukov\u00e9ho mapov\u00e1n\u00ed. Ak\u010dn\u00ed pl\u00e1n \u0159e\u0161\u00ed p\u0159edev\u0161\u00edm probl\u00e9m takzvan\u00fdch hotspot\u016f z\u00a0hlediska mno\u017estv\u00ed obyvatel obt\u011b\u017eovan\u00fdch hlukem a&nbsp;navrhuje pro n\u011b konkr\u00e9tn\u00ed opat\u0159en\u00ed na sni\u017eov\u00e1n\u00ed hlukov\u00e9 z\u00e1t\u011b\u017ee.<\/p>\r\n<p><em>\u201eDoprava je neodmysliteln\u011b spojen\u00e1 s&nbsp;hlukem, kter\u00fd dopravn\u00ed prost\u0159edky produkuj\u00ed, a&nbsp;s&nbsp;obyvateli, kte\u0159\u00ed s&nbsp;n\u00edm mus\u00ed bezpodm\u00edne\u010dn\u011b \u017e\u00edt. Je nesm\u00edrn\u011b d\u016fle\u017eit\u00e9, \u017ee p\u0159ed t\u011bmito \u010dasto ne\u017e\u00e1douc\u00edmi sekund\u00e1rn\u00edmi aspekty p\u0159epravy po m\u011bst\u011b nezav\u00edr\u00e1me o\u010di a&nbsp;ak\u010dn\u00edm pl\u00e1nem budeme situaci na problematick\u00fdch m\u00edstech \u0159e\u0161it,\u201c<\/em> \u0159\u00edk\u00e1 <em><strong>n\u00e1m\u011bstek prim\u00e1tora hl. m. Prahy pro oblast dopravy Adam Scheinherr<\/strong><\/em>.<\/p>\r\n<p>N\u00e1vrh\u00a0Ak\u010dn\u00edho pl\u00e1nu sni\u017eov\u00e1n\u00ed hluku bude\u00a0zp\u0159\u00edstupn\u011bn ve\u0159ejnosti po dobu 45 dn\u016f, lid\u00e9 se k\u00a0n\u011bmu budou moci vyj\u00e1d\u0159it a\u017e do 19.&nbsp;srpna 2019.<\/p>\r\n<p><em>\u201eNa\u0161\u00edm c\u00edlem je ud\u011blat Prahu co nejp\u0159\u00edjemn\u011bj\u0161\u00edm m\u00edstem pro \u017eivot. Dlouhodob\u00fd nadm\u011brn\u00fd hluk m\u00e1 negativn\u00ed dopady na zdrav\u00ed obyvatel, proto se jej sna\u017e\u00edme omezovat. Jsem r\u00e1d, \u017ee n\u00e1m ob\u010dan\u00e9 mohou pos\u00edlat sv\u00e9 n\u00e1m\u011bty na m\u00edsta, na kter\u00e1 se mus\u00edme zam\u011b\u0159it,\u201c<\/em> uv\u00e1d\u00ed d\u00e1le <em><strong>n\u00e1m\u011bstek prim\u00e1tora pro oblast \u017eivotn\u00edho prost\u0159ed\u00ed Petr Hlubu\u010dek<\/strong><\/em>.<\/p>\r\n<p>Sm\u011brnice Evropsk\u00e9ho parlamentu a&nbsp;Rady 2002\/49\/ES o&nbsp;hodnocen\u00ed a&nbsp;\u0159\u00edzen\u00ed hluku ve venkovn\u00edm prost\u0159ed\u00ed (Directive 2002\/49\/EC) je z\u00e1kladem pro evropsk\u00fd syst\u00e9m opat\u0159en\u00ed k&nbsp;postupn\u00e9mu sni\u017eov\u00e1n\u00ed hlukov\u00e9 z\u00e1t\u011b\u017ee obyvatel hlukem v\u0161ech zdroj\u016f, zejm\u00e9na v\u0161ak z&nbsp;dopravy. Net\u00fdk\u00e1 se hluku, kter\u00fd p\u016fsob\u00ed osoba sama sob\u011b, hluku vznikaj\u00edc\u00edho v\u00a0dom\u00e1cnostech, sousedsk\u00e9ho hluku, hluku na pracovi\u0161t\u00edch, hluku p\u0159\u00edmo v\u00a0dopravn\u00edch prost\u0159edc\u00edch ani hluku zp\u016fsoben\u00e9ho vojenskou \u010dinnost\u00ed ve vojensk\u00fdch oblastech.<\/p>\r\n<p>&nbsp;<\/p>\r\n<p>N\u00e1vrh Ak\u010dn\u00edho pl\u00e1nu sni\u017eov\u00e1n\u00ed hluku pro aglomeraci Praha je zp\u0159\u00edstupn\u011bn na internetov\u00fdch str\u00e1nk\u00e1ch zde: <a href=\"http:\/\/portalzp.praha.eu\/jnp\/cz\/hluk\/akcni_plan_snizovani_hluku\/navrh_AP_snizhluku_aglomPraha_2019.html\">http:\/\/portalzp.praha.eu\/jnp\/cz\/hluk\/akcni_plan_snizovani_hluku\/navrh_AP_snizhluku_aglomPraha_2019.html<\/a><\/p>","protected":false},"excerpt":{"rendered":"[perex] Magistr\u00e1t hl. m. Prahy dokon\u010dil t\u0159et\u00ed kolo strategick\u00e9ho hlukov\u00e9ho mapov\u00e1n\u00ed a&nbsp;zve\u0159ejnil jeho v\u00fdstupy spole\u010dn\u011b s&nbsp;n\u00e1vrhem obsahu Ak\u010dn\u00edho pl\u00e1nu sni\u017eov\u00e1n\u00ed hluku v\u00a0hlavn\u00edm m\u011bst\u011b. K\u00a0n\u011bmu je mo\u017en\u00e9 do 19.&nbsp;srpna zas\u00edlat p\u0159ipom\u00ednky. Hlukov\u00e9 mapov\u00e1n\u00ed si klade za c\u00edl ur\u010dit v\u00a0Praze m\u00edsta s\u00a0nejv\u011bt\u0161\u00edm hlukem a&nbsp;n\u00e1sledn\u011b p\u0159ijmout pl\u00e1ny prevence a&nbsp;sni\u017eov\u00e1n\u00ed hluku v&nbsp;prost\u0159ed\u00ed. [\/perex] Z\u00e1kladn\u00edm podkladem pro vypracov\u00e1n\u00ed nov\u00e9ho Ak\u010dn\u00edho [&hellip;]","protected":false},"author":5,"featured_media":28249,"comment_status":"closed","ping_status":"open","sticky":false,"template":"","format":"standard","meta":[],"categories":[34],"tags":[],"_links":{"self":[{"href":"https:\/\/www.praha7.cz\/api\/wp\/v2\/posts\/28248"}],"collection":[{"href":"https:\/\/www.praha7.cz\/api\/wp\/v2\/posts"}],"about":[{"href":"https:\/\/www.praha7.cz\/api\/wp\/v2\/types\/post"}],"author":[{"embeddable":true,"href":"https:\/\/www.praha7.cz\/api\/wp\/v2\/users\/5"}],"replies":[{"embeddable":true,"href":"https:\/\/www.praha7.cz\/api\/wp\/v2\/comments?post=28248"}],"version-history":[{"count":1,"href":"https:\/\/www.praha7.cz\/api\/wp\/v2\/posts\/28248\/revisions"}],"predecessor-version":[{"id":28250,"href":"https:\/\/www.praha7.cz\/api\/wp\/v2\/posts\/28248\/revisions\/28250"}],"wp:featuredmedia":[{"embeddable":true,"href":"https:\/\/www.praha7.cz\/api\/wp\/v2\/media\/28249"}],"wp:attachment":[{"href":"https:\/\/www.praha7.cz\/api\/wp\/v2\/media?parent=28248"}],"wp:term":[{"taxonomy":"category","embeddable":true,"href":"https:\/\/www.praha7.cz\/api\/wp\/v2\/categories?post=28248"},{"taxonomy":"post_tag","embeddable":true,"href":"https:\/\/www.praha7.cz\/api\/wp\/v2\/tags?post=28248"}],"curies":[{"name":"wp","href":"https:\/\/api.w.org\/{rel}","templated":true}]}}