    
{"id":28236,"date":"2019-07-18T11:55:38","date_gmt":"2019-07-18T09:55:38","guid":{"rendered":"https:\/\/www.praha7.cz\/?p=28236"},"modified":"2019-07-18T11:56:37","modified_gmt":"2019-07-18T09:56:37","slug":"detske-hriste-vedle-skoly-t-g-masaryka-uzavreno","status":"publish","type":"post","link":"https:\/\/www.praha7.cz\/detske-hriste-vedle-skoly-t-g-masaryka-uzavreno\/","title":{"rendered":"D\u011btsk\u00e9 h\u0159i\u0161t\u011b vedle \u0161koly na Ortenov\u011b n\u00e1m\u011bst\u00ed do odvol\u00e1n\u00ed uzav\u0159eno"},"content":{"rendered":"<p>[perex]<\/p>\r\n<p>Upozor\u0148ujeme, \u017ee kv\u016fli rekonstrukci st\u0159echy z\u00e1kladn\u00ed \u0161koly T. G. Masaryka bude od pond\u011bl\u00ed 22.&nbsp;7.&nbsp;a\u017e do odvol\u00e1n\u00ed uzav\u0159eno d\u011btsk\u00e9 h\u0159i\u0161t\u011b na Ortenov\u011b n\u00e1m\u011bst\u00ed.<\/p>\r\n<p>[\/perex]<\/p>\r\n<p>Jedn\u00e1 se o&nbsp;d\u011btsk\u00e9 h\u0159i\u0161t\u011b vedle z\u00e1kladn\u00ed \u0161koly. Na Ortenov\u011b n\u00e1m\u011bst\u00ed je mo\u017eno vyu\u017e\u00edt dal\u0161\u00ed d\u011btsk\u00e9 h\u0159i\u0161t\u011b v\u00a0par\u010d\u00edku bl\u00ed\u017ee kolej\u00ed.<\/p>\r\n<p>D\u011bkujeme za pochopen\u00ed a&nbsp;trp\u011blivost b\u011bhem rekonstrukce, kter\u00e1 krom jin\u00e9ho umo\u017en\u00ed zbudov\u00e1n\u00ed nov\u00fdch t\u0159\u00edd a&nbsp;nav\u00fd\u0161en\u00ed kapacity \u0161koly.<\/p>","protected":false},"excerpt":{"rendered":"[perex] Upozor\u0148ujeme, \u017ee kv\u016fli rekonstrukci st\u0159echy z\u00e1kladn\u00ed \u0161koly T. G. Masaryka bude od pond\u011bl\u00ed 22.&nbsp;7.&nbsp;a\u017e do odvol\u00e1n\u00ed uzav\u0159eno d\u011btsk\u00e9 h\u0159i\u0161t\u011b na Ortenov\u011b n\u00e1m\u011bst\u00ed. [\/perex] Jedn\u00e1 se o&nbsp;d\u011btsk\u00e9 h\u0159i\u0161t\u011b vedle z\u00e1kladn\u00ed \u0161koly. Na Ortenov\u011b n\u00e1m\u011bst\u00ed je mo\u017eno vyu\u017e\u00edt dal\u0161\u00ed d\u011btsk\u00e9 h\u0159i\u0161t\u011b v\u00a0par\u010d\u00edku bl\u00ed\u017ee kolej\u00ed. D\u011bkujeme za pochopen\u00ed a&nbsp;trp\u011blivost b\u011bhem rekonstrukce, kter\u00e1 krom jin\u00e9ho umo\u017en\u00ed zbudov\u00e1n\u00ed nov\u00fdch [&hellip;]","protected":false},"author":5,"featured_media":28238,"comment_status":"closed","ping_status":"open","sticky":false,"template":"","format":"standard","meta":[],"categories":[34],"tags":[],"_links":{"self":[{"href":"https:\/\/www.praha7.cz\/api\/wp\/v2\/posts\/28236"}],"collection":[{"href":"https:\/\/www.praha7.cz\/api\/wp\/v2\/posts"}],"about":[{"href":"https:\/\/www.praha7.cz\/api\/wp\/v2\/types\/post"}],"author":[{"embeddable":true,"href":"https:\/\/www.praha7.cz\/api\/wp\/v2\/users\/5"}],"replies":[{"embeddable":true,"href":"https:\/\/www.praha7.cz\/api\/wp\/v2\/comments?post=28236"}],"version-history":[{"count":4,"href":"https:\/\/www.praha7.cz\/api\/wp\/v2\/posts\/28236\/revisions"}],"predecessor-version":[{"id":28242,"href":"https:\/\/www.praha7.cz\/api\/wp\/v2\/posts\/28236\/revisions\/28242"}],"wp:featuredmedia":[{"embeddable":true,"href":"https:\/\/www.praha7.cz\/api\/wp\/v2\/media\/28238"}],"wp:attachment":[{"href":"https:\/\/www.praha7.cz\/api\/wp\/v2\/media?parent=28236"}],"wp:term":[{"taxonomy":"category","embeddable":true,"href":"https:\/\/www.praha7.cz\/api\/wp\/v2\/categories?post=28236"},{"taxonomy":"post_tag","embeddable":true,"href":"https:\/\/www.praha7.cz\/api\/wp\/v2\/tags?post=28236"}],"curies":[{"name":"wp","href":"https:\/\/api.w.org\/{rel}","templated":true}]}}