    
{"id":28175,"date":"2019-07-15T14:57:54","date_gmt":"2019-07-15T12:57:54","guid":{"rendered":"https:\/\/www.praha7.cz\/?p=28175"},"modified":"2019-07-15T15:03:06","modified_gmt":"2019-07-15T13:03:06","slug":"praha-7-pripravuje-rekonstrukci-lekarskeho-domu-v-ul-dukelskych-hrdinu-1","status":"publish","type":"post","link":"https:\/\/www.praha7.cz\/praha-7-pripravuje-rekonstrukci-lekarskeho-domu-v-ul-dukelskych-hrdinu-1\/","title":{"rendered":"Praha&nbsp;7 p\u0159ipravuje rekonstrukci l\u00e9ka\u0159sk\u00e9ho domu v&nbsp;ul. Dukelsk\u00fdch hrdin\u016f 1"},"content":{"rendered":"<p>[perex]<\/p>\r\n<p>Po adaptaci nov\u00e9 budovy Polikliniky Prahy&nbsp;7 v&nbsp;ul. Franti\u0161ka K\u0159\u00ed\u017eka 22 se m\u011bstsk\u00e1 \u010d\u00e1st pou\u0161t\u00ed do rekonstrukce dal\u0161\u00edho l\u00e9ka\u0159sk\u00e9ho za\u0159\u00edzen\u00ed. Praha&nbsp;7 vyhl\u00e1sila zak\u00e1zku na 1.&nbsp;etapu revitalizace l\u00e9ka\u0159sk\u00e9ho domu v\u00a0ul. Dukelsk\u00fdch hrdin\u016f 1.<\/p>\r\n<p>[\/perex]<\/p>\r\n<p>Budova slou\u017e\u00ed jako v\u00fdjezdn\u00ed stanice Zdravotnick\u00e9 z\u00e1chrann\u00e9 slu\u017eby hl. m. Prahy a&nbsp;zdravotnick\u00e9 st\u0159edisko. Jsou zde um\u00edst\u011bny ordinace pediatr\u016f, d\u011btsk\u00e9ho klinick\u00e9ho psychologa \u010di rehabilitace. \u00a0<\/p>\r\n<p>V\u00a0r\u00e1mci 1.&nbsp;etapy revitalizace dojde k&nbsp;proveden\u00ed kompletn\u00ed opravy fas\u00e1dy, v\u00fdm\u011bny oken, zateplen\u00ed dvorn\u00ed fas\u00e1dy a&nbsp;st\u0159echy, v\u010detn\u011b renovace \u010di v\u00fdm\u011bny v\u0161ech souvisej\u00edc\u00edch z\u00e1me\u010dnick\u00fdch a&nbsp;klemp\u00ed\u0159sk\u00fdch prvk\u016f, a&nbsp;revitalizace p\u0159ilehl\u00e9 severov\u00fdchodn\u00ed dvorn\u00ed \u010d\u00e1sti v\u010detn\u011b odvod\u016f de\u0161\u0165ov\u00e9 vody od budovy. \u00a0\u00a0\u00a0<\/p>\r\n<p>Detaily zak\u00e1zky naleznete <a href=\"https:\/\/www.profilzadavatele-vz.cz\/P19V10000568?fbclid=IwAR3CMuPK2Byh1DQt51z-Bls3Tz_yiqDCPQ4mSpHQm3iZF59GiiAm_XKoR14\">zde<\/a>.<\/p>","protected":false},"excerpt":{"rendered":"[perex] Po adaptaci nov\u00e9 budovy Polikliniky Prahy&nbsp;7 v&nbsp;ul. Franti\u0161ka K\u0159\u00ed\u017eka 22 se m\u011bstsk\u00e1 \u010d\u00e1st pou\u0161t\u00ed do rekonstrukce dal\u0161\u00edho l\u00e9ka\u0159sk\u00e9ho za\u0159\u00edzen\u00ed. Praha&nbsp;7 vyhl\u00e1sila zak\u00e1zku na 1.&nbsp;etapu revitalizace l\u00e9ka\u0159sk\u00e9ho domu v\u00a0ul. Dukelsk\u00fdch hrdin\u016f 1. [\/perex] Budova slou\u017e\u00ed jako v\u00fdjezdn\u00ed stanice Zdravotnick\u00e9 z\u00e1chrann\u00e9 slu\u017eby hl. m. Prahy a&nbsp;zdravotnick\u00e9 st\u0159edisko. Jsou zde um\u00edst\u011bny ordinace pediatr\u016f, d\u011btsk\u00e9ho klinick\u00e9ho psychologa \u010di [&hellip;]","protected":false},"author":5,"featured_media":28176,"comment_status":"closed","ping_status":"open","sticky":false,"template":"","format":"standard","meta":[],"categories":[34],"tags":[],"_links":{"self":[{"href":"https:\/\/www.praha7.cz\/api\/wp\/v2\/posts\/28175"}],"collection":[{"href":"https:\/\/www.praha7.cz\/api\/wp\/v2\/posts"}],"about":[{"href":"https:\/\/www.praha7.cz\/api\/wp\/v2\/types\/post"}],"author":[{"embeddable":true,"href":"https:\/\/www.praha7.cz\/api\/wp\/v2\/users\/5"}],"replies":[{"embeddable":true,"href":"https:\/\/www.praha7.cz\/api\/wp\/v2\/comments?post=28175"}],"version-history":[{"count":2,"href":"https:\/\/www.praha7.cz\/api\/wp\/v2\/posts\/28175\/revisions"}],"predecessor-version":[{"id":28178,"href":"https:\/\/www.praha7.cz\/api\/wp\/v2\/posts\/28175\/revisions\/28178"}],"wp:featuredmedia":[{"embeddable":true,"href":"https:\/\/www.praha7.cz\/api\/wp\/v2\/media\/28176"}],"wp:attachment":[{"href":"https:\/\/www.praha7.cz\/api\/wp\/v2\/media?parent=28175"}],"wp:term":[{"taxonomy":"category","embeddable":true,"href":"https:\/\/www.praha7.cz\/api\/wp\/v2\/categories?post=28175"},{"taxonomy":"post_tag","embeddable":true,"href":"https:\/\/www.praha7.cz\/api\/wp\/v2\/tags?post=28175"}],"curies":[{"name":"wp","href":"https:\/\/api.w.org\/{rel}","templated":true}]}}