    
{"id":28109,"date":"2019-07-11T15:41:39","date_gmt":"2019-07-11T13:41:39","guid":{"rendered":"https:\/\/www.praha7.cz\/?p=28109"},"modified":"2019-07-15T13:57:30","modified_gmt":"2019-07-15T11:57:30","slug":"praha-7-zastinila-detska-piskoviste","status":"publish","type":"post","link":"https:\/\/www.praha7.cz\/praha-7-zastinila-detska-piskoviste\/","title":{"rendered":"Praha&nbsp;7 zast\u00ednila d\u011btsk\u00e1 p\u00edskovi\u0161t\u011b"},"content":{"rendered":"<p>[perex]<\/p>\r\n<p>Sedm\u00e1 m\u011bstsk\u00e1 \u010d\u00e1st vybavila d\u011btsk\u00e1 p\u00edskovi\u0161t\u011b na t\u0159ech h\u0159i\u0161t\u00edch nov\u00fdm zast\u00edn\u011bn\u00edm. Ta d\u011btem umo\u017en\u00ed hr\u00e1t si na p\u00edskovi\u0161ti, kter\u00e9 nen\u00ed um\u00edst\u011bno kup\u0159\u00edkladu ve st\u00ednu strom\u016f, i&nbsp;v\u00a0parn\u00fdch slune\u010dn\u00edch dnech. Praha&nbsp;7 z\u00e1rove\u0148 dokon\u010dila instalaci nov\u00e9ho oplocen\u00ed na d\u011btsk\u00e9m h\u0159i\u0161ti ve vnitrobloku U&nbsp;Pr\u016fhonu.<\/p>\r\n<p>[\/perex]<\/p>\r\n<p>Polohovateln\u00e1 zast\u00edn\u011bn\u00ed, kter\u00e1 umo\u017en\u00ed zajistit na p\u00edskovi\u0161ti st\u00edn v\u00a0r\u016fzn\u00fdch f\u00e1z\u00edch dne, byla um\u00edst\u011bna na h\u0159i\u0161t\u00edch U&nbsp;Vody, ve vnitrobloku ve Schnirchov\u011b ul. a&nbsp;na dopravn\u00edm h\u0159i\u0161ti v\u00a0ul. Na V\u00fd\u0161in\u00e1ch.<\/p>\r\n<p>P\u0159ejeme v\u00e1m p\u0159\u00edjemn\u00fd \u010das str\u00e1ven\u00fd na h\u0159i\u0161t\u00edch v\u00a0Praze 7 za ka\u017ed\u00e9ho po\u010das\u00ed.<\/p>\r\n<p>&nbsp;<\/p>\r\n<p><em>Nov\u00e9 oplocen\u00ed na h\u0159i\u0161ti U&nbsp;Pr\u016fhonu<\/em><\/p>\r\n<p><img loading=\"lazy\" src=\"https:\/\/www.praha7.cz\/wp-content\/uploads\/2019\/07\/DH-U-Pr\u016fhonu-1333x1000.jpg\" alt=\"\" width=\"640\" height=\"480\" class=\"alignnone size-large wp-image-28111\" srcset=\"https:\/\/www.praha7.cz\/wp-content\/uploads\/2019\/07\/DH-U-Pr\u016fhonu-1333x1000.jpg 1333w, https:\/\/www.praha7.cz\/wp-content\/uploads\/2019\/07\/DH-U-Pr\u016fhonu-533x400.jpg 533w, https:\/\/www.praha7.cz\/wp-content\/uploads\/2019\/07\/DH-U-Pr\u016fhonu-768x576.jpg 768w\" sizes=\"(max-width: 640px) 100vw, 640px\" \/><\/p>","protected":false},"excerpt":{"rendered":"[perex] Sedm\u00e1 m\u011bstsk\u00e1 \u010d\u00e1st vybavila d\u011btsk\u00e1 p\u00edskovi\u0161t\u011b na t\u0159ech h\u0159i\u0161t\u00edch nov\u00fdm zast\u00edn\u011bn\u00edm. Ta d\u011btem umo\u017en\u00ed hr\u00e1t si na p\u00edskovi\u0161ti, kter\u00e9 nen\u00ed um\u00edst\u011bno kup\u0159\u00edkladu ve st\u00ednu strom\u016f, i&nbsp;v\u00a0parn\u00fdch slune\u010dn\u00edch dnech. Praha&nbsp;7 z\u00e1rove\u0148 dokon\u010dila instalaci nov\u00e9ho oplocen\u00ed na d\u011btsk\u00e9m h\u0159i\u0161ti ve vnitrobloku U&nbsp;Pr\u016fhonu. [\/perex] Polohovateln\u00e1 zast\u00edn\u011bn\u00ed, kter\u00e1 umo\u017en\u00ed zajistit na p\u00edskovi\u0161ti st\u00edn v\u00a0r\u016fzn\u00fdch f\u00e1z\u00edch dne, byla um\u00edst\u011bna [&hellip;]","protected":false},"author":5,"featured_media":28174,"comment_status":"closed","ping_status":"open","sticky":false,"template":"","format":"standard","meta":[],"categories":[34],"tags":[],"_links":{"self":[{"href":"https:\/\/www.praha7.cz\/api\/wp\/v2\/posts\/28109"}],"collection":[{"href":"https:\/\/www.praha7.cz\/api\/wp\/v2\/posts"}],"about":[{"href":"https:\/\/www.praha7.cz\/api\/wp\/v2\/types\/post"}],"author":[{"embeddable":true,"href":"https:\/\/www.praha7.cz\/api\/wp\/v2\/users\/5"}],"replies":[{"embeddable":true,"href":"https:\/\/www.praha7.cz\/api\/wp\/v2\/comments?post=28109"}],"version-history":[{"count":2,"href":"https:\/\/www.praha7.cz\/api\/wp\/v2\/posts\/28109\/revisions"}],"predecessor-version":[{"id":28117,"href":"https:\/\/www.praha7.cz\/api\/wp\/v2\/posts\/28109\/revisions\/28117"}],"wp:featuredmedia":[{"embeddable":true,"href":"https:\/\/www.praha7.cz\/api\/wp\/v2\/media\/28174"}],"wp:attachment":[{"href":"https:\/\/www.praha7.cz\/api\/wp\/v2\/media?parent=28109"}],"wp:term":[{"taxonomy":"category","embeddable":true,"href":"https:\/\/www.praha7.cz\/api\/wp\/v2\/categories?post=28109"},{"taxonomy":"post_tag","embeddable":true,"href":"https:\/\/www.praha7.cz\/api\/wp\/v2\/tags?post=28109"}],"curies":[{"name":"wp","href":"https:\/\/api.w.org\/{rel}","templated":true}]}}