    
{"id":28060,"date":"2019-07-11T10:37:39","date_gmt":"2019-07-11T08:37:39","guid":{"rendered":"https:\/\/www.praha7.cz\/?p=28060"},"modified":"2019-07-11T10:43:36","modified_gmt":"2019-07-11T08:43:36","slug":"kam-do-letniho-kina-na-sedmicce","status":"publish","type":"post","link":"https:\/\/www.praha7.cz\/kam-do-letniho-kina-na-sedmicce\/","title":{"rendered":"Kam do letn\u00edho kina na Sedmi\u010dce?"},"content":{"rendered":"<p>[perex]<\/p>\r\n<p>O nejlep\u0161\u00edm kin\u011b v&nbsp;Praze 7 u\u017e nen\u00ed mnoho let sporu &#8211; ov\u0161em v&nbsp;letn\u00edch m\u011bs\u00edc\u00edch plno lid\u00ed uv\u00edt\u00e1 tipy na m\u00edsta, kde se filmy prom\u00edtaj\u00ed pod \u0161ir\u00fdm nebem. A&nbsp;mo\u017en\u00e1 bude pro n\u011bkoho p\u0159ekvapen\u00edm, \u017ee n\u011bkolik z&nbsp;nich najdeme p\u0159\u00edmo na Sedmi\u010dce. Nechte se pozvat p\u0159ed filmov\u00e9 pl\u00e1tno t\u0159eba na st\u0159echu N\u00e1rodn\u00ed Galerie, do Stromovky \u010di do nitra zrekonstruovan\u00e9 p\u0159ekladn\u00ed\u00a0lodi.<\/p>\r\n<p>[\/perex]<\/p>\r\n<h3>Letn\u00ed kina v&nbsp;Praze 7:<\/h3>\r\n<ul>\r\n\t<li><strong>Letn\u00ed kino na st\u0159e\u0161e Veletr\u017en\u00edho pal\u00e1ce &amp; Letn\u00ed kino v&nbsp;zahrad\u011b AVU<\/strong><\/li>\r\n<\/ul>\r\n<p>Klasick\u00fd analogov\u00fd letn\u00ed biograf prom\u00edtaj\u00edc\u00ed pouze z&nbsp;16mm a&nbsp;35mm filmov\u00fdch kopi\u00ed.\u00a0<\/p>\r\n<p>Adresa:\u00a0Dukelsk\u00fdch Hrdin\u016f 47,\u00a0U Akademie 4<br \/>\r\nProgram a&nbsp;rezervace na <a href=\"http:\/\/praha.postreh.com\">veletrzak.cz\u00a0<\/a><br \/>\r\nVstupn\u00e9: 100,- (studenti) \/ 120,- K\u010d<br \/>\r\nFacebook:\u00a0<a href=\"https:\/\/www.facebook.com\/veletrzak\/\">Letn\u00ed retrokino na st\u0159e\u0161e Veletr\u017en\u00edho pal\u00e1ce a&nbsp;v&nbsp;zahrad\u011b AVU<\/a>\u00a0<\/p>\r\n<ul>\r\n\t<li><strong>Letn\u00ed kino\u00a0p\u0159ed\u00a0Crossem<\/strong><\/li>\r\n<\/ul>\r\n<p>V Crossu prom\u00edt\u00e1n\u00ed prob\u00edhaj\u00ed ka\u017edou st\u0159edu s&nbsp;voln\u00fdm vstupem. S&nbsp;sebou: deku &#8211; sed\u00ed se na zemi.<\/p>\r\n<p>Adresa: Plyn\u00e1rn\u00ed 1096<br \/>\r\nProgram na\u00a0<a href=\"http:\/\/www.crossclub.cz\/cs\/program\/?category=3\">crossclub.cz<\/a> <br \/>\r\nVstupn\u00e9: zdarma<br \/>\r\nFacebook: <a href=\"https:\/\/www.facebook.com\/letnikinocross\/\">Letn\u00ed Kino P\u0159ed Klubem Cross<\/a>\u00a0<\/p>\r\n<hr \/>\r\n<ul>\r\n\t<li><strong>Letn\u00ed kino Be2Can &#8211; Gau\u010d ve Stromovce<\/strong><\/li>\r\n<\/ul>\r\n<p>Sn\u00edmky z&nbsp;nejv\u011bt\u0161\u00edch sv\u011btov\u00fdch festival\u016f se v&nbsp;r\u00e1mci projektu Be2Can prom\u00edtaj\u00ed v&nbsp;Gau\u010di ve Stromovce ka\u017ed\u00fd \u010dtvrtek.<\/p>\r\n<p>Adresa:\u00a0V\u00fdstavi\u0161t\u011b 415<br \/>\r\nProgram na <a href=\"https:\/\/www.gaucvestromovce.cz\/akce-1?category=Letn%C3%AD+kino+Be2Can\">gaucvestromovce.cz<\/a><br \/>\r\nVstupn\u00e9: 100,- K\u010d<br \/>\r\nFacebook:\u00a0<a href=\"https:\/\/www.facebook.com\/gaucvestromovce\/\">Gau\u010d ve Stromovce<\/a>\u00a0<\/p>\r\n<hr \/>\r\n<ul>\r\n\t<li><strong>Kino Stalin<\/strong><\/li>\r\n<\/ul>\r\n<p>Mal\u00e9 letn\u00ed kino prom\u00edt\u00e1 v&nbsp;letn\u00edch m\u011bs\u00edc\u00edch ka\u017ed\u00fd \u010dtvrtek zdarma.<\/p>\r\n<p>Adresa: pod Metronomem v&nbsp;Letensk\u00fdch sadech<br \/>\r\nProgram na <a href=\"https:\/\/containall.cz\/stalin\/program\">containall.cz<\/a><br \/>\r\nVstupn\u00e9: zdarma<br \/>\r\nFacebook:\u00a0<a href=\"https:\/\/www.facebook.com\/StalinContainall\/\">Stalin<\/a>\u00a0<\/p>\r\n<hr \/>\r\n<ul>\r\n\t<li><strong>Containall ve Stromovce\u00a0<\/strong><\/li>\r\n<\/ul>\r\n<p>Sou\u010d\u00e1st\u00ed programu sez\u00f3nn\u00edho kulturn\u00edho centra Containall Stromovka jsou pravideln\u00e9 projekce letn\u00edho kina.<\/p>\r\n<p>Adresa: Kr\u00e1lovsk\u00e1 obora Stromovka<br \/>\r\nProgram na <a href=\"https:\/\/containall.cz\/stromovka\/program\">containall.cz<\/a><br \/>\r\nVstupn\u00e9: zdarma<br \/>\r\nFacebook: <a href=\"https:\/\/www.facebook.com\/containall\/\">Containall<\/a>\u00a0<\/p>\r\n<hr \/>\r\n<ul>\r\n\t<li><strong>Kinolo\u010f<\/strong><\/li>\r\n<\/ul>\r\n<p>Svoji prvn\u00ed letn\u00ed sezonu je p\u0159ipravena Kinolo\u010f, kterou najdete nedaleko zast\u00e1vky autobusu 156 V&nbsp;P\u0159\u00edstavu. Krom\u011b ka\u017edodenn\u00edch projekc\u00ed v&nbsp;\u00fatrob\u00e1ch lodi se m\u016f\u017eete t\u011b\u0161it i&nbsp;na venkovn\u00ed prom\u00edt\u00e1n\u00ed.<\/p>\r\n<p>Adresa: V&nbsp;P\u0159\u00edstavu<br \/>\r\nProgram na <a href=\"https:\/\/www.kinolod.cz\">kinolod.cz<\/a><br \/>\r\nVstupn\u00e9: 70,- a\u017e 130,-<br \/>\r\nFacebook: <a href=\"https:\/\/www.facebook.com\/kinolod\/\">Kinolo\u010f<\/a>\u00a0<\/p>\r\n<hr \/>\r\n<p>&nbsp;<\/p>","protected":false},"excerpt":{"rendered":"[perex] O&nbsp;nejlep\u0161\u00edm kin\u011b v&nbsp;Praze 7 u\u017e nen\u00ed mnoho let sporu &#8211; ov\u0161em v&nbsp;letn\u00edch m\u011bs\u00edc\u00edch plno lid\u00ed uv\u00edt\u00e1 tipy na m\u00edsta, kde se filmy prom\u00edtaj\u00ed pod \u0161ir\u00fdm nebem. A&nbsp;mo\u017en\u00e1 bude pro n\u011bkoho p\u0159ekvapen\u00edm, \u017ee n\u011bkolik z&nbsp;nich najdeme p\u0159\u00edmo na Sedmi\u010dce. Nechte se pozvat p\u0159ed filmov\u00e9 pl\u00e1tno t\u0159eba na st\u0159echu N\u00e1rodn\u00ed Galerie, do Stromovky \u010di do [&hellip;]","protected":false},"author":97,"featured_media":28063,"comment_status":"closed","ping_status":"open","sticky":false,"template":"","format":"standard","meta":[],"categories":[34],"tags":[],"_links":{"self":[{"href":"https:\/\/www.praha7.cz\/api\/wp\/v2\/posts\/28060"}],"collection":[{"href":"https:\/\/www.praha7.cz\/api\/wp\/v2\/posts"}],"about":[{"href":"https:\/\/www.praha7.cz\/api\/wp\/v2\/types\/post"}],"author":[{"embeddable":true,"href":"https:\/\/www.praha7.cz\/api\/wp\/v2\/users\/97"}],"replies":[{"embeddable":true,"href":"https:\/\/www.praha7.cz\/api\/wp\/v2\/comments?post=28060"}],"version-history":[{"count":13,"href":"https:\/\/www.praha7.cz\/api\/wp\/v2\/posts\/28060\/revisions"}],"predecessor-version":[{"id":28095,"href":"https:\/\/www.praha7.cz\/api\/wp\/v2\/posts\/28060\/revisions\/28095"}],"wp:featuredmedia":[{"embeddable":true,"href":"https:\/\/www.praha7.cz\/api\/wp\/v2\/media\/28063"}],"wp:attachment":[{"href":"https:\/\/www.praha7.cz\/api\/wp\/v2\/media?parent=28060"}],"wp:term":[{"taxonomy":"category","embeddable":true,"href":"https:\/\/www.praha7.cz\/api\/wp\/v2\/categories?post=28060"},{"taxonomy":"post_tag","embeddable":true,"href":"https:\/\/www.praha7.cz\/api\/wp\/v2\/tags?post=28060"}],"curies":[{"name":"wp","href":"https:\/\/api.w.org\/{rel}","templated":true}]}}