    
{"id":28053,"date":"2019-07-10T14:08:13","date_gmt":"2019-07-10T12:08:13","guid":{"rendered":"https:\/\/www.praha7.cz\/?p=28053"},"modified":"2019-09-06T14:20:15","modified_gmt":"2019-09-06T12:20:15","slug":"soucasna-divadelni-fotografie","status":"publish","type":"post","link":"https:\/\/www.praha7.cz\/soucasna-divadelni-fotografie\/","title":{"rendered":"Sou\u010dasn\u00e1 divadeln\u00ed fotografie"},"content":{"rendered":"<p>[perex]<\/p>\r\n<p>M\u011bstsk\u00e1 \u010d\u00e1st Praha&nbsp;7 v\u00e1s srde\u010dn\u011b zve na v\u00fdstavu Sou\u010dasn\u00e1 divadeln\u00ed fotografie, kter\u00e1 je putovn\u00ed verz\u00ed sout\u011b\u017en\u00ed P\u0159ehl\u00eddky divadeln\u00ed fotografie, jej\u00ed\u017e 1.&nbsp;ro\u010dn\u00edk v&nbsp;lo\u0148sk\u00e9m roce organizoval Institut um\u011bn\u00ed \u2013 Divadeln\u00ed \u00fastav. V\u00fdstava nab\u00edz\u00ed v\u00edt\u011bzn\u00e9 sn\u00edmky ze v\u0161ech sout\u011b\u017en\u00edch kategori\u00ed dopln\u011bn\u00e9 o&nbsp;fotografie z&nbsp;inscenac\u00ed \u010di performanc\u00ed realizovan\u00fdch v&nbsp;Praze 7.\u00a0V\u00fdstavu m\u016f\u017eete nav\u0161t\u00edvit\u00a0do 20.&nbsp;z\u00e1\u0159\u00ed v&nbsp;Galerii na \u00fa\u0159ad\u011b, n\u00e1b\u0159. Kpt. Jaro\u0161e 1000, Praha&nbsp;7 (2.&nbsp;patro).<\/p>\r\n<p>[\/perex]<\/p>\r\n<p>Do sout\u011b\u017ee se p\u0159ihl\u00e1silo 121 fotograf\u016f s&nbsp;1&nbsp;348 fotografiemi po\u0159\u00edzen\u00fdmi v&nbsp;letech 2015 \u2013 2017, z&nbsp;nich\u017e odborn\u00e1 porota vybrala laure\u00e1ty t\u011bch nejlep\u0161\u00edch sn\u00edmk\u016f. A&nbsp;to v&nbsp;kategori\u00edch Profesion\u00e1lov\u00e9: Inscenace\/divadeln\u011b-performativn\u00ed projekt a&nbsp;Portr\u00e9t v&nbsp;roli; a&nbsp;Studenti: Voln\u00e1 tvorba s&nbsp;divadeln\u00ed tematikou.<\/p>\r\n<p>V\u00edce\u00a0na\u00a0<a href=\"https:\/\/www.divadelnifotografie.cz\/\">divadelnifotografie.cz<\/a>.<\/p>\r\n<p>&nbsp;<\/p>","protected":false},"excerpt":{"rendered":"[perex] M\u011bstsk\u00e1 \u010d\u00e1st Praha&nbsp;7 v\u00e1s srde\u010dn\u011b zve na v\u00fdstavu Sou\u010dasn\u00e1 divadeln\u00ed fotografie, kter\u00e1 je putovn\u00ed verz\u00ed sout\u011b\u017en\u00ed P\u0159ehl\u00eddky divadeln\u00ed fotografie, jej\u00ed\u017e 1.&nbsp;ro\u010dn\u00edk v&nbsp;lo\u0148sk\u00e9m roce organizoval Institut um\u011bn\u00ed \u2013 Divadeln\u00ed \u00fastav. V\u00fdstava nab\u00edz\u00ed v\u00edt\u011bzn\u00e9 sn\u00edmky ze v\u0161ech sout\u011b\u017en\u00edch kategori\u00ed dopln\u011bn\u00e9 o&nbsp;fotografie z&nbsp;inscenac\u00ed \u010di performanc\u00ed realizovan\u00fdch v&nbsp;Praze 7.\u00a0V\u00fdstavu m\u016f\u017eete nav\u0161t\u00edvit\u00a0do 20.&nbsp;z\u00e1\u0159\u00ed v&nbsp;Galerii na \u00fa\u0159ad\u011b, n\u00e1b\u0159. Kpt. Jaro\u0161e [&hellip;]","protected":false},"author":97,"featured_media":28054,"comment_status":"closed","ping_status":"open","sticky":false,"template":"","format":"standard","meta":[],"categories":[34],"tags":[],"_links":{"self":[{"href":"https:\/\/www.praha7.cz\/api\/wp\/v2\/posts\/28053"}],"collection":[{"href":"https:\/\/www.praha7.cz\/api\/wp\/v2\/posts"}],"about":[{"href":"https:\/\/www.praha7.cz\/api\/wp\/v2\/types\/post"}],"author":[{"embeddable":true,"href":"https:\/\/www.praha7.cz\/api\/wp\/v2\/users\/97"}],"replies":[{"embeddable":true,"href":"https:\/\/www.praha7.cz\/api\/wp\/v2\/comments?post=28053"}],"version-history":[{"count":5,"href":"https:\/\/www.praha7.cz\/api\/wp\/v2\/posts\/28053\/revisions"}],"predecessor-version":[{"id":29502,"href":"https:\/\/www.praha7.cz\/api\/wp\/v2\/posts\/28053\/revisions\/29502"}],"wp:featuredmedia":[{"embeddable":true,"href":"https:\/\/www.praha7.cz\/api\/wp\/v2\/media\/28054"}],"wp:attachment":[{"href":"https:\/\/www.praha7.cz\/api\/wp\/v2\/media?parent=28053"}],"wp:term":[{"taxonomy":"category","embeddable":true,"href":"https:\/\/www.praha7.cz\/api\/wp\/v2\/categories?post=28053"},{"taxonomy":"post_tag","embeddable":true,"href":"https:\/\/www.praha7.cz\/api\/wp\/v2\/tags?post=28053"}],"curies":[{"name":"wp","href":"https:\/\/api.w.org\/{rel}","templated":true}]}}