    
{"id":28018,"date":"2019-07-07T12:25:41","date_gmt":"2019-07-07T10:25:41","guid":{"rendered":"https:\/\/www.praha7.cz\/?p=28018"},"modified":"2021-12-22T14:19:48","modified_gmt":"2021-12-22T13:19:48","slug":"zemrel-profesor-josef-koutecky-zakladatel-detske-onkologie","status":"publish","type":"post","link":"https:\/\/www.praha7.cz\/zemrel-profesor-josef-koutecky-zakladatel-detske-onkologie\/","title":{"rendered":"Zem\u0159el profesor Josef Kouteck\u00fd \u2013 zakladatel d\u011btsk\u00e9 onkologie"},"content":{"rendered":"<p>[perex]<\/p>\r\n<p>V\u00a0p\u00e1tek 5.&nbsp;\u010dervence 2019 zem\u0159el ve v\u011bku nedo\u017eit\u00fdch 89 let l\u00e9ka\u0159, v\u011bdec, pedagog, zakladatel d\u011btsk\u00e9 onkologie v\u00a0\u010ceskoslovensku a&nbsp;\u010destn\u00fd ob\u010dan Prahy&nbsp;7 prof. MUDr. Josef Kouteck\u00fd, DrSc.\u00a0M\u010c Praha&nbsp;7 vyjad\u0159uje svou nejhlub\u0161\u00ed soustrast v\u0161em poz\u016fstal\u00fdm.\u00a0<\/p>\r\n<p>[\/perex]<\/p>\r\n<p>Josef Kouteck\u00fd se narodil v\u00a0srpnu 1930 v\u00a0Praze. Ji\u017e na st\u0159edn\u00ed \u0161kole mu u\u010darovala biologie a\u00a0od t\u00e9to v\u00e1\u0161n\u011b byl jen kr\u016f\u010dek k\u00a0touze st\u00e1t se l\u00e9ka\u0159em. Nikdy od t\u00e9 doby neuva\u017eoval o\u00a0jin\u00e9m povol\u00e1n\u00ed. T\u011bsn\u011b p\u0159ed koncem jeho st\u0159edo\u0161kolsk\u00fdch studi\u00ed se rodina Kouteck\u00fdch p\u0159est\u011bhovala do Janovsk\u00e9ho ulice v\u00a0Praze 7.<\/p>\r\n<p>V z\u00e1\u0159\u00ed 1949 slo\u017eil Josef Kouteck\u00fd \u00fasp\u011b\u0161n\u011b p\u0159ij\u00edmac\u00ed zkou\u0161ky na tehdy jedinou existuj\u00edc\u00ed L\u00e9ka\u0159skou fakultu Univerzity Karlovy. Po promoci dostal (tehdy nucenou) um\u00edst\u011bnku do v\u00fdchodo\u010desk\u00e9ho kraje. Nastoupil na d\u011btsk\u00e9 odd\u011blen\u00ed mal\u00e9 nemocnice v\u00a0Nov\u00e9m Byd\u017eov\u011b, kde dostal p\u0159\u00edle\u017eitost \u201ep\u0159i\u010dichnout\u201c k\u00a0mnoha l\u00e9ka\u0159sk\u00fdm specializac\u00edm (d\u011btsk\u00e9 l\u00e9ka\u0159stv\u00ed, interna, chirurgie nebo infek\u010dn\u00ed). Po p\u016fl roce byl p\u0159elo\u017een do Jansk\u00fdch L\u00e1zn\u00ed do l\u00e9\u010debny pro d\u011bti posti\u017een\u00e9 d\u011btskou obrnou.<\/p>\r\n<p>V kv\u011btnu 1957 se kone\u010dn\u011b vr\u00e1til do d\u016fv\u011brn\u011b zn\u00e1m\u00e9ho prost\u0159ed\u00ed na Kliniku d\u011btsk\u00e9 chirurgie na Karlov\u011b vedenou prof. V\u00e1clavem Kafkou. Pro\u0161el v\u0161emi na klinice praktikovan\u00fdmi obory \u2013 b\u0159i\u0161n\u00ed a\u00a0hrudn\u00ed chirurgi\u00ed, urologi\u00ed, proktologi\u00ed, kardiochirurgi\u00ed a\u00a0traumatologi\u00ed. Od po\u010d\u00e1tku roku 1964, kdy dostal souhlas prof. Kafky, se za\u010dal v\u00a0r\u00e1mci kliniky c\u00edlen\u011b zab\u00fdvat d\u011btskou onkologi\u00ed. Stal se zakladatelem a\u00a0pr\u016fkopn\u00edkem tohoto specializovan\u00e9ho oboru v\u00a0na\u0161\u00ed zemi. Z\u00e1kladn\u00edmi tezemi prof. Kouteck\u00e9ho p\u0159i zakl\u00e1d\u00e1n\u00ed a\u00a0rozv\u00edjen\u00ed p\u00e9\u010de o\u00a0d\u011btsk\u00e9 pacienty byly jej\u00ed centralizace na jednom specializovan\u00e9m pracovi\u0161ti a\u00a0zaveden\u00ed komplexn\u00ed p\u00e9\u010de, kter\u00e1 zahrnuje v\u0161e od prevence p\u0159es diagnostiku, komplexn\u00ed l\u00e9\u010dbu, \u0159e\u0161en\u00ed \u010dasn\u00fdch a\u00a0pozdn\u00edch l\u00e9\u010debn\u00fdch komplikac\u00ed a\u017e po psychologickou p\u00e9\u010di o\u00a0nemocn\u00e9 d\u011bti, jejich rodi\u010de a\u00a0p\u0159i ne\u00fasp\u011b\u0161n\u00e9 l\u00e9\u010db\u011b i\u00a0o\u00a0poz\u016fstal\u00e9.<\/p>\r\n<p>Do roku 1970 pracoval na Karlov\u011b s\u00a0d\u011btsk\u00fdmi pacienty v\u00a0podstat\u011b neofici\u00e1ln\u011b, jen d\u00edky pochopen\u00ed veden\u00ed kliniky. V\u00a0tomt\u00e9\u017e roce tak\u00e9 poprv\u00e9 vycestoval na Z\u00e1pad, z\u00edskal stipendium Gutenbergovy univerzity v\u00a0Mohu\u010di, kde str\u00e1vil p\u016fl roku na d\u011btsk\u00e9 klinice, kde ji\u017e tehdy existovalo onkologick\u00e9 odd\u011blen\u00ed. V\u00a0roce 1971 se stal MUDr. Kouteck\u00fd prvn\u00edm onkologick\u00fdm ordin\u00e1\u0159em v\u00a0tehdej\u0161\u00ed \u010cSSR, o\u00a0t\u0159i roky pozd\u011bji vznikla autonomn\u00ed Stanice d\u011btsk\u00e9 onkologie v\u00a0r\u00e1mci Kliniky d\u011btsk\u00e9 chirurgie. Po p\u0159est\u011bhov\u00e1n\u00ed kliniky do Motola v\u00a0roce 1978 vzniklo samostatn\u00e9 odd\u011blen\u00ed d\u011btsk\u00e9 onkologie, funkci prim\u00e1\u0159e z\u00edskal pochopiteln\u011b MUDr. Kouteck\u00fd. Po dal\u0161\u00edch p\u011bti letech bylo odd\u011blen\u00ed ustaveno Klinikou d\u011btsk\u00e9 onkologie, p\u0159ednostou tohoto pracovi\u0161t\u011b z\u016fstal MUDr. Kouteck\u00fd v\u00edce ne\u017e dvacet let, do ledna 2004. Klinika se tak\u00e9 stala z\u00e1kladnou pro v\u00fduku onkologie.<\/p>\r\n<p>S\u00a0Kouteck\u00e9ho nespornou odbornou erudic\u00ed souvis\u00ed i\u00a0prezentace na 700 odborn\u00fdch p\u0159edn\u00e1\u0161ek a\u00a0publikace v\u00edce ne\u017e t\u0159\u00ed stovek v\u011bdeck\u00fdch prac\u00ed. Mezi nejv\u00fdznamn\u011bj\u0161\u00ed pat\u0159\u00ed nap\u0159. v\u016fbec prvn\u00ed \u010deskoslovensk\u00e1 monografie o\u00a0n\u00e1dorech N\u00e1dory d\u011btsk\u00e9ho v\u011bku (1978), prvn\u00ed \u010desk\u00e1 u\u010debnice Klinick\u00e1 onkologie (1988) \u010di N\u00e1dorov\u00e1 onemocn\u011bn\u00ed d\u011bt\u00ed a\u00a0mladistv\u00fdch (1996) pro praktick\u00e9 pediatry. O\u00a0\u00fasp\u011b\u0161n\u00e9m rozvoji oboru, kter\u00fd Josef Kouteck\u00fd zalo\u017eil, a\u00a0o\u00a0mno\u017estv\u00ed pr\u00e1ce, kterou v\u00a0t\u00e9to oblasti odvedl, sv\u011bd\u010d\u00ed nejl\u00e9pe rozd\u00edl v\u00a0po\u010dtu p\u0159e\u017eiv\u0161\u00edch d\u011btsk\u00fdch onkologick\u00fdch pacient\u016f na po\u010d\u00e1tku jeho kari\u00e9ry a\u00a0v\u00a0sou\u010dasnosti. Zat\u00edmco v\u00a0\u0161edes\u00e1t\u00fdch letech se poda\u0159ilo vyl\u00e9\u010dit pouh\u00e1 3&nbsp;% pacient\u016f, dnes je jich v\u00edce ne\u017e 80&nbsp;%.<\/p>\r\n<p>Dal\u0161\u00ed v\u00fdznamnou sou\u010d\u00e1st\u00ed pracovn\u00ed kari\u00e9ry MUDr. Kouteck\u00e9ho je bezesporu jeho pedagogick\u00e9 p\u016fsoben\u00ed. Ji\u017e jako sekund\u00e1rn\u00ed l\u00e9ka\u0159 vyu\u010doval na St\u0159edn\u00ed zdravotnick\u00e9 \u0161kole ve \u0160kolsk\u00e9 ulici. Pozd\u011bji, po p\u0159est\u011bhov\u00e1n\u00ed onkologick\u00e9ho pracovi\u0161t\u011b do Motola, za\u010dal p\u0159edn\u00e1\u0161et sv\u016fj obor na tehdej\u0161\u00ed Fakult\u011b d\u011btsk\u00e9ho l\u00e9ka\u0159stv\u00ed UK (dnes 2. LF UK). Akademick\u00fd sen\u00e1t t\u00e9to fakulty zvolil MUDr. Kouteck\u00e9ho sv\u00fdm d\u011bkanem v\u00a0roce 1990, nejprve na rok, pot\u00e9 tuto funkci vykon\u00e1val je\u0161t\u011b po dv\u011b volebn\u00ed obdob\u00ed do roku 1997. V\u00a0letech 1997\u20132000 byl dokonce prorektorem Univerzity Karlovy pro vn\u011bj\u0161\u00ed vztahy. Po nal\u00e9h\u00e1n\u00ed koleg\u016f z\u00a0fakulty p\u0159ijal funkci d\u011bkana 2.\u00a0l\u00e9ka\u0159sk\u00e9 fakulty je\u0161t\u011b na dv\u011b t\u0159\u00edlet\u00e1 funk\u010dn\u00ed obdob\u00ed v\u00a0letech 2000 a\u00a02003. Hlavn\u00edm c\u00edlem MUDr. Kouteck\u00e9ho v\u00a0akademick\u00fdch funkc\u00edch bylo vychov\u00e1vat nejen odborn\u011b zdatn\u00e9, ale i\u00a0lidsky kvalitn\u00ed adepty l\u00e9ka\u0159sk\u00e9ho povol\u00e1n\u00ed a\u00a0obecn\u011b pozvednout pokleslou kulturnost, kter\u00e1 zde nar\u016fstala po \u010dty\u0159icet let komunistick\u00e9ho re\u017eimu.<\/p>\r\n<p>S \u00fasp\u011bchy, kter\u00fdch MUDr. Kouteck\u00fd dos\u00e1hl b\u011bhem sv\u00e9 bohat\u00e9 l\u00e9ka\u0159sk\u00e9 a\u00a0v\u011bdeck\u00e9 kari\u00e9ry, souvis\u00ed i\u00a0\u0159ada ocen\u011bn\u00ed, kter\u00e1 obdr\u017eel. Jako prvn\u00edmu \u010desk\u00e9mu l\u00e9ka\u0159i mu v\u00a0roce 1996 ud\u011blil prezident republiky medaili Za z\u00e1sluhy II. stupn\u011b, sv\u00fdm nejvy\u0161\u0161\u00edm vyznamen\u00e1n\u00edm \u2013 \u010destnou medail\u00ed De scientia et humanitate optime meritis \u2013 mu vzdala hold Akademie v\u011bd \u010cR. D\u00e1le byl dr\u017eitelem medail\u00ed Josefa Hl\u00e1vky a\u00a0J. E. Purkyn\u011b, z\u00e1sluhy Kouteck\u00e9ho ocenila i\u00a0jeho alma mater, a\u00a0to jak fakulta ud\u011blen\u00edm zlat\u00e9 medaile 2. LF UK, tak univerzita zlatou medail\u00ed UK. V\u00a0roce 2009 z\u00edskal N\u00e1rodn\u00ed cenu vl\u00e1dy \u010cR \u010cesk\u00e1 hlava. MUDr. Kouteck\u00fd pat\u0159il mezi zakl\u00e1daj\u00edc\u00ed \u010dleny U\u010den\u00e9 spole\u010dnosti \u010cR, v\u00a0letech 1998\u20132002 byl jej\u00edm p\u0159edsedou. Od roku 1989 p\u016fsobil \u0159adu let v\u00a0p\u0159edsednick\u00e9 funkci \u010cesk\u00e9 onkologick\u00e9 spole\u010dnosti. \u010cestn\u00fdm ob\u010danem Prahy\u00a07 se stal prof. MUDr. Josef Kouteck\u00fd, DrSc., v\u00a0roce 2008, stejn\u00e9ho ocen\u011bn\u00ed se mu dostalo v\u00a0roce 2010 od obce Sob\u011bhrdy.<\/p>","protected":false},"excerpt":{"rendered":"[perex] V\u00a0p\u00e1tek 5.&nbsp;\u010dervence 2019 zem\u0159el ve v\u011bku nedo\u017eit\u00fdch 89 let l\u00e9ka\u0159, v\u011bdec, pedagog, zakladatel d\u011btsk\u00e9 onkologie v\u00a0\u010ceskoslovensku a&nbsp;\u010destn\u00fd ob\u010dan Prahy&nbsp;7 prof. MUDr. Josef Kouteck\u00fd, DrSc.\u00a0M\u010c Praha&nbsp;7 vyjad\u0159uje svou nejhlub\u0161\u00ed soustrast v\u0161em poz\u016fstal\u00fdm.\u00a0 [\/perex] Josef Kouteck\u00fd se narodil v\u00a0srpnu 1930 v\u00a0Praze. Ji\u017e na st\u0159edn\u00ed \u0161kole mu u\u010darovala biologie a\u00a0od t\u00e9to v\u00e1\u0161n\u011b byl jen kr\u016f\u010dek k\u00a0touze st\u00e1t [&hellip;]","protected":false},"author":5,"featured_media":28022,"comment_status":"closed","ping_status":"open","sticky":false,"template":"","format":"standard","meta":[],"categories":[34],"tags":[],"_links":{"self":[{"href":"https:\/\/www.praha7.cz\/api\/wp\/v2\/posts\/28018"}],"collection":[{"href":"https:\/\/www.praha7.cz\/api\/wp\/v2\/posts"}],"about":[{"href":"https:\/\/www.praha7.cz\/api\/wp\/v2\/types\/post"}],"author":[{"embeddable":true,"href":"https:\/\/www.praha7.cz\/api\/wp\/v2\/users\/5"}],"replies":[{"embeddable":true,"href":"https:\/\/www.praha7.cz\/api\/wp\/v2\/comments?post=28018"}],"version-history":[{"count":4,"href":"https:\/\/www.praha7.cz\/api\/wp\/v2\/posts\/28018\/revisions"}],"predecessor-version":[{"id":53336,"href":"https:\/\/www.praha7.cz\/api\/wp\/v2\/posts\/28018\/revisions\/53336"}],"wp:featuredmedia":[{"embeddable":true,"href":"https:\/\/www.praha7.cz\/api\/wp\/v2\/media\/28022"}],"wp:attachment":[{"href":"https:\/\/www.praha7.cz\/api\/wp\/v2\/media?parent=28018"}],"wp:term":[{"taxonomy":"category","embeddable":true,"href":"https:\/\/www.praha7.cz\/api\/wp\/v2\/categories?post=28018"},{"taxonomy":"post_tag","embeddable":true,"href":"https:\/\/www.praha7.cz\/api\/wp\/v2\/tags?post=28018"}],"curies":[{"name":"wp","href":"https:\/\/api.w.org\/{rel}","templated":true}]}}