    
{"id":27938,"date":"2019-07-04T11:42:30","date_gmt":"2019-07-04T09:42:30","guid":{"rendered":"https:\/\/www.praha7.cz\/?p=27938"},"modified":"2019-09-21T18:40:52","modified_gmt":"2019-09-21T16:40:52","slug":"vystava-studentu-vs-archip","status":"publish","type":"post","link":"https:\/\/www.praha7.cz\/vystava-studentu-vs-archip\/","title":{"rendered":"V\u00fdstava student\u016f V\u0160 ARCHIP"},"content":{"rendered":"<p>[perex]<\/p>\r\n<p>M\u011bstsk\u00e1 \u010d\u00e1st Praha&nbsp;7 v\u00e1s srde\u010dn\u011b zve na v\u00fdstavu architektonick\u00fdch projekt\u016f, kter\u00e9 vytvo\u0159ili studenti mezin\u00e1rodn\u00ed vysok\u00e9 \u0161koly architektury ARCHIP. Projekty \u0159e\u0161\u00ed t\u00e9ma N\u00e1vrh pro novou Trojskou l\u00e1vku a&nbsp;Instalace ve velk\u00e9 dvoran\u011b Veletr\u017en\u00edho pal\u00e1ce. V\u00fdstavu m\u016f\u017eete nav\u0161t\u00edvit od 3.&nbsp;\u010dervence do 20.&nbsp;z\u00e1\u0159\u00ed 2019 v&nbsp;Galerii na \u00fa\u0159ad\u011b, n\u00e1b\u0159. Kpt. Jaro\u0161e 1000, Praha&nbsp;7 (2.&nbsp;patro).<\/p>\r\n<p>[\/perex]<\/p>\r\n<p><strong>Vystaven\u00e9 projekty:<\/strong><\/p>\r\n<p>Amberlynn Blankenship: Bend, Don&#8217;t Break<\/p>\r\n<p>Mariam Makaradze: Blurry Structures<\/p>\r\n<p>Jesse Melchiskey: Rocks<\/p>\r\n<p>&nbsp;<\/p>","protected":false},"excerpt":{"rendered":"[perex] M\u011bstsk\u00e1 \u010d\u00e1st Praha&nbsp;7 v\u00e1s srde\u010dn\u011b zve na v\u00fdstavu architektonick\u00fdch projekt\u016f, kter\u00e9 vytvo\u0159ili studenti mezin\u00e1rodn\u00ed vysok\u00e9 \u0161koly architektury ARCHIP. Projekty \u0159e\u0161\u00ed t\u00e9ma N\u00e1vrh pro novou Trojskou l\u00e1vku a&nbsp;Instalace ve velk\u00e9 dvoran\u011b Veletr\u017en\u00edho pal\u00e1ce. V\u00fdstavu m\u016f\u017eete nav\u0161t\u00edvit od 3.&nbsp;\u010dervence do 20.&nbsp;z\u00e1\u0159\u00ed 2019 v&nbsp;Galerii na \u00fa\u0159ad\u011b, n\u00e1b\u0159. Kpt. Jaro\u0161e 1000, Praha&nbsp;7 (2.&nbsp;patro). [\/perex] Vystaven\u00e9 projekty: Amberlynn Blankenship: [&hellip;]","protected":false},"author":97,"featured_media":27939,"comment_status":"closed","ping_status":"open","sticky":false,"template":"","format":"standard","meta":[],"categories":[34],"tags":[],"_links":{"self":[{"href":"https:\/\/www.praha7.cz\/api\/wp\/v2\/posts\/27938"}],"collection":[{"href":"https:\/\/www.praha7.cz\/api\/wp\/v2\/posts"}],"about":[{"href":"https:\/\/www.praha7.cz\/api\/wp\/v2\/types\/post"}],"author":[{"embeddable":true,"href":"https:\/\/www.praha7.cz\/api\/wp\/v2\/users\/97"}],"replies":[{"embeddable":true,"href":"https:\/\/www.praha7.cz\/api\/wp\/v2\/comments?post=27938"}],"version-history":[{"count":7,"href":"https:\/\/www.praha7.cz\/api\/wp\/v2\/posts\/27938\/revisions"}],"predecessor-version":[{"id":29853,"href":"https:\/\/www.praha7.cz\/api\/wp\/v2\/posts\/27938\/revisions\/29853"}],"wp:featuredmedia":[{"embeddable":true,"href":"https:\/\/www.praha7.cz\/api\/wp\/v2\/media\/27939"}],"wp:attachment":[{"href":"https:\/\/www.praha7.cz\/api\/wp\/v2\/media?parent=27938"}],"wp:term":[{"taxonomy":"category","embeddable":true,"href":"https:\/\/www.praha7.cz\/api\/wp\/v2\/categories?post=27938"},{"taxonomy":"post_tag","embeddable":true,"href":"https:\/\/www.praha7.cz\/api\/wp\/v2\/tags?post=27938"}],"curies":[{"name":"wp","href":"https:\/\/api.w.org\/{rel}","templated":true}]}}