    
{"id":27896,"date":"2019-07-03T12:53:06","date_gmt":"2019-07-03T10:53:06","guid":{"rendered":"https:\/\/www.praha7.cz\/?p=27896"},"modified":"2019-07-03T12:53:15","modified_gmt":"2019-07-03T10:53:15","slug":"vystava-ilustraci-casopisu-hobulet","status":"publish","type":"post","link":"https:\/\/www.praha7.cz\/vystava-ilustraci-casopisu-hobulet\/","title":{"rendered":"V\u00fdstava ilustrac\u00ed \u010dasopisu Hobulet"},"content":{"rendered":"<p>[perex]<\/p>\r\n<p>M\u011bstsk\u00e1 \u010d\u00e1st Praha&nbsp;7 v\u00e1s srde\u010dn\u011b zve na retrospektivn\u00ed v\u00fdstavu ilustrac\u00ed ob\u00e1lek \u010dasopisu Hobulet. V\u00fdstava pob\u011b\u017e\u00ed od 3.&nbsp;\u010dervence do 13.&nbsp;z\u00e1\u0159\u00ed 2019 v&nbsp;Galerii na Milad\u011b a\u00a0p\u0159edstav\u00ed na 44 ilustrac\u00ed u&nbsp;p\u0159\u00edle\u017eitosti 4.&nbsp;narozenin m\u011bs\u00ed\u010dn\u00edku Prahy&nbsp;7 v&nbsp;nov\u00e9 podob\u011b.\u00a0Za tuto dobu do \u010dasopisu graficky p\u0159isp\u011blo mnoho renomovan\u00fdch um\u011blc\u016f, jak\u00fdmi jsou Josef Bolf, Eva Ko\u0165\u00e1tkov\u00e1, Vladim\u00edr 518 nebo Jan Vytiska.<\/p>\r\n<p>[\/perex]<\/p>\r\n<p>V\u00fdstava je p\u0159\u00edstupn\u00e1 v&nbsp;otev\u00edrac\u00edch hodin\u00e1ch <a href=\"https:\/\/www.praha7.cz\/radnice\/organizacni-struktura\/odbor-spravnich-agend\/oddeleni-egovernment\/pracoviste-informacniho-centra-milady-horakove\/\">Informa\u010dn\u00edho centra<\/a> Milady Hor\u00e1kov\u00e9 2, Praha&nbsp;7:<\/p>\r\n<p>pond\u011bl\u00ed a&nbsp;st\u0159eda: 7.30 \u2013 11.30&nbsp;12.30 \u2013 15.00<br \/>\r\n\u00fater\u00fd a&nbsp;\u010dtvrtek: 7.30 \u2013 12.30&nbsp;13.30 \u2013 18.00<br \/>\r\np\u00e1tek: 7.30 \u2013 12.00&nbsp;12.30 \u2013 14.00<\/p>\r\n<p>&nbsp;<\/p>\r\n<p><img loading=\"lazy\" src=\"https:\/\/www.praha7.cz\/wp-content\/uploads\/2019\/07\/v\u00fdstava-HBL-600x309.jpg\" alt=\"\" width=\"600\" height=\"309\" class=\"alignnone size-medium wp-image-27899\" srcset=\"https:\/\/www.praha7.cz\/wp-content\/uploads\/2019\/07\/v\u00fdstava-HBL-600x309.jpg 600w, https:\/\/www.praha7.cz\/wp-content\/uploads\/2019\/07\/v\u00fdstava-HBL-768x396.jpg 768w, https:\/\/www.praha7.cz\/wp-content\/uploads\/2019\/07\/v\u00fdstava-HBL-1500x773.jpg 1500w\" sizes=\"(max-width: 600px) 100vw, 600px\" \/><\/p>\r\n<p>&nbsp;<\/p>","protected":false},"excerpt":{"rendered":"[perex] M\u011bstsk\u00e1 \u010d\u00e1st Praha&nbsp;7 v\u00e1s srde\u010dn\u011b zve na retrospektivn\u00ed v\u00fdstavu ilustrac\u00ed ob\u00e1lek \u010dasopisu Hobulet. V\u00fdstava pob\u011b\u017e\u00ed od 3.&nbsp;\u010dervence do 13.&nbsp;z\u00e1\u0159\u00ed 2019 v&nbsp;Galerii na Milad\u011b a\u00a0p\u0159edstav\u00ed na 44 ilustrac\u00ed u&nbsp;p\u0159\u00edle\u017eitosti 4.&nbsp;narozenin m\u011bs\u00ed\u010dn\u00edku Prahy&nbsp;7 v&nbsp;nov\u00e9 podob\u011b.\u00a0Za tuto dobu do \u010dasopisu graficky p\u0159isp\u011blo mnoho renomovan\u00fdch um\u011blc\u016f, jak\u00fdmi jsou Josef Bolf, Eva Ko\u0165\u00e1tkov\u00e1, Vladim\u00edr 518 nebo Jan Vytiska. [\/perex] [&hellip;]","protected":false},"author":97,"featured_media":27898,"comment_status":"closed","ping_status":"open","sticky":false,"template":"","format":"standard","meta":[],"categories":[34],"tags":[],"_links":{"self":[{"href":"https:\/\/www.praha7.cz\/api\/wp\/v2\/posts\/27896"}],"collection":[{"href":"https:\/\/www.praha7.cz\/api\/wp\/v2\/posts"}],"about":[{"href":"https:\/\/www.praha7.cz\/api\/wp\/v2\/types\/post"}],"author":[{"embeddable":true,"href":"https:\/\/www.praha7.cz\/api\/wp\/v2\/users\/97"}],"replies":[{"embeddable":true,"href":"https:\/\/www.praha7.cz\/api\/wp\/v2\/comments?post=27896"}],"version-history":[{"count":2,"href":"https:\/\/www.praha7.cz\/api\/wp\/v2\/posts\/27896\/revisions"}],"predecessor-version":[{"id":27901,"href":"https:\/\/www.praha7.cz\/api\/wp\/v2\/posts\/27896\/revisions\/27901"}],"wp:featuredmedia":[{"embeddable":true,"href":"https:\/\/www.praha7.cz\/api\/wp\/v2\/media\/27898"}],"wp:attachment":[{"href":"https:\/\/www.praha7.cz\/api\/wp\/v2\/media?parent=27896"}],"wp:term":[{"taxonomy":"category","embeddable":true,"href":"https:\/\/www.praha7.cz\/api\/wp\/v2\/categories?post=27896"},{"taxonomy":"post_tag","embeddable":true,"href":"https:\/\/www.praha7.cz\/api\/wp\/v2\/tags?post=27896"}],"curies":[{"name":"wp","href":"https:\/\/api.w.org\/{rel}","templated":true}]}}