    
{"id":27875,"date":"2019-07-03T15:52:38","date_gmt":"2019-07-03T13:52:38","guid":{"rendered":"https:\/\/www.praha7.cz\/?p=27875"},"modified":"2019-07-04T09:37:21","modified_gmt":"2019-07-04T07:37:21","slug":"balena-voda-je-v-pripade-havarie-dostupna-i-v-praze-7","status":"publish","type":"post","link":"https:\/\/www.praha7.cz\/balena-voda-je-v-pripade-havarie-dostupna-i-v-praze-7\/","title":{"rendered":"Balen\u00e1 voda je v&nbsp;p\u0159\u00edpad\u011b hav\u00e1rie dostupn\u00e1 i&nbsp;v&nbsp;Praze 7"},"content":{"rendered":"<p>[perex]<\/p>\r\n<p>M\u010c Praha&nbsp;7 se p\u0159ipojila k&nbsp;projektu &#8222;Balen\u00e1 voda&#8220;, kter\u00fd v&nbsp;roce 2015 zah\u00e1jila spole\u010dnost\u00a0<a href=\"https:\/\/www.pvk.cz\/\">Pra\u017esk\u00e9 vodovody a&nbsp;kanalizace<\/a>. Jedn\u00e1 se o&nbsp;don\u00e1\u0161ku pitn\u00e9 vody v&nbsp;n\u00e1hradn\u00edm balen\u00ed p\u0159\u00edmo do bytu handicapovan\u00fdm osob\u00e1m.\u00a0Slu\u017eba je ur\u010dena pro p\u0159\u00edpad hav\u00e1rie na vodovodn\u00ed s\u00edti s\u00a0p\u0159edpokladem p\u0159eru\u0161en\u00ed dod\u00e1vky pitn\u00e9 vody v\u00a0trv\u00e1n\u00ed del\u0161\u00edm ne\u017e 5 hodin. Mohou ji vyu\u017e\u00edt dr\u017eitel\u00e9 platn\u00e9ho pr\u016fkazu TP, ZTP a&nbsp;nebo ZTP\/P, p\u0159i\u010dem\u017e\u00a0s\u00e1\u010dky s\u00a0pitnou vodou jsou dod\u00e1v\u00e1ny zdarma.\u00a0<\/p>\r\n<p>[\/perex]<\/p>\r\n<h4>Jak projekt \u201eBalen\u00e1 voda\u201c v\u00a0praxi funguje?<\/h4>\r\n<p>Pro don\u00e1\u0161ku Balen\u00e9 vody je zapot\u0159eb\u00ed, aby se dr\u017eitel\u00e9 uveden\u00fdch pr\u016fkaz\u016f zaregistrovali pomoc\u00ed vypln\u011bn\u00e9ho <a href=\"https:\/\/www.praha7.cz\/wp-content\/uploads\/2019\/07\/\u017d\u00e1dost-o-balenou-vodu.pdf\">formul\u00e1\u0159e<\/a>. N\u00e1sledn\u011b jej doru\u010dili osobn\u011b nebo po\u0161tou do Pra\u017esk\u00fdch vodovod\u016f a&nbsp;kanalizac\u00ed.\u00a0Slu\u017ebu PVK zah\u00e1jily v&nbsp;roce 2015.<\/p>\r\n<ul>\r\n\t<li>Adresa pro <strong>doru\u010den\u00ed po\u0161tou<\/strong>: Pra\u017esk\u00e9 vodovody a&nbsp;kanalizace, a.s., Ke Kablu 971, 102&nbsp;00 Praha 10 (ob\u00e1lku ozna\u010dte heslem \u201eBalen\u00e1 voda\u201c)<\/li>\r\n\t<li>Adresa pro <strong>osobn\u00ed odevzd\u00e1n\u00ed<\/strong>: Z\u00e1kaznick\u00e9 centrum PVK, Dykova 3, Praha 10<\/li>\r\n\t<li>Pap\u00edrov\u00e9 let\u00e1ky s&nbsp;registra\u010dn\u00edm formul\u00e1\u0159em jsou <strong>dostupn\u00e9 tak\u00e9 v&nbsp;Informa\u010dn\u00edch centrech<\/strong> Prahy&nbsp;7 (Milady Hor\u00e1kov\u00e9 2, D\u011blnick\u00e1 44)<\/li>\r\n<\/ul>\r\n<p>V dob\u011b, kdy bude v&nbsp;m\u00edst\u011b z\u00e1jemcem registrovan\u00e9 adresy omezena nebo p\u0159eru\u0161ena dod\u00e1vka pitn\u00e9 vody z&nbsp;d\u016fvodu hav\u00e1rie vodovodu, obdr\u017e\u00ed registrovan\u00fd z\u00e1jemce na telefon <strong>SMS zpr\u00e1vu<\/strong>:\u00a0&#8222;Voda PVK: m\u00e1te-li z\u00e1jem o&nbsp;donesen\u00ed pitn\u00e9 vody v&nbsp;n\u00e1hradn\u00edm balen\u00ed, zavolejte na tel. 228&nbsp;883&nbsp;606, nejpozd\u011bji do hodiny od obdr\u017een\u00ed t\u00e9to zpr\u00e1vy.&#8220; N\u00e1sledn\u011b bude zah\u00e1jena distribuce s\u00e1\u010dk\u016f s&nbsp;pitnou vodou na zaregistrovan\u00e9 adresy.\u00a0Distribuci pitn\u00e9 vody do m\u00edsta, kter\u00e9 si z\u00e1jemce zvol\u00ed, zaji\u0161\u0165uj\u00ed zam\u011bstnanci PVK, a.s., a&nbsp;smuvn\u00ed partne\u0159i, kte\u0159\u00ed se v\u017edy prok\u00e1\u017e\u00ed pr\u016fkazem. Distribuce bude poskytov\u00e1na v&nbsp;dob\u011b od 9.00 do 21.00 hod., pokud to technick\u00e9 a&nbsp;m\u00edstn\u00ed podm\u00ednky umo\u017en\u00ed.<\/p>\r\n<p>V\u0161echny kontejnery s\u00a0balenou vodou jsou vybaveny \u010dipy, tak\u017ee PVK mohou sledovat jejich p\u0159esnou polohu a&nbsp;z\u00e1rove\u0148 maj\u00ed p\u0159ehled pohyb\u016f kontejner\u016f od v\u00fdrobn\u00ed linky p\u0159es sklady do samotn\u00e9 distribuce. Do ka\u017ed\u00e9ho kontejneru se vejde zhruba sto dvoulitrov\u00fdch s\u00e1\u010dk\u016f.\u00a0Pot\u0159ebn\u00e9 \u00fadaje o&nbsp;jakosti pitn\u00e9 vody, v\u010detn\u011b data spot\u0159eby, jsou uvedeny na s\u00e1\u010dku. Balic\u00ed linka je instalov\u00e1na v&nbsp;\u00fapravn\u011b vody K\u00e1ran\u00fd.\u00a0Jakost vody v\u00a0s\u00e1\u010dc\u00edch je pr\u016fb\u011b\u017en\u011b kontrolov\u00e1na akreditovanou laborato\u0159\u00ed.<\/p>\r\n<p>Bli\u017e\u0161\u00ed informace jsou uvedeny na webov\u00e9 str\u00e1nce <a href=\"https:\/\/www.pvk.cz\/zakaznici\/dodavky-pitne-vody-v-nahradnim-baleni\/\">pvk.cz<\/a> nebo budou poskytov\u00e1ny na tel. 601\u00a0274\u00a0274 a&nbsp;840\u00a0111\u00a0112.<\/p>\r\n<p><img loading=\"lazy\" src=\"https:\/\/www.praha7.cz\/wp-content\/uploads\/2019\/07\/IMG_20190620_105806-533x400.jpg\" alt=\"\" width=\"533\" height=\"400\" class=\"alignnone size-medium wp-image-27880\" srcset=\"https:\/\/www.praha7.cz\/wp-content\/uploads\/2019\/07\/IMG_20190620_105806-533x400.jpg 533w, https:\/\/www.praha7.cz\/wp-content\/uploads\/2019\/07\/IMG_20190620_105806-768x576.jpg 768w, https:\/\/www.praha7.cz\/wp-content\/uploads\/2019\/07\/IMG_20190620_105806-1333x1000.jpg 1333w\" sizes=\"(max-width: 533px) 100vw, 533px\" \/><\/p>\r\n<p>&nbsp;<\/p>","protected":false},"excerpt":{"rendered":"[perex] M\u010c Praha&nbsp;7 se p\u0159ipojila k&nbsp;projektu &#8222;Balen\u00e1 voda&#8220;, kter\u00fd v&nbsp;roce 2015 zah\u00e1jila spole\u010dnost\u00a0Pra\u017esk\u00e9 vodovody a&nbsp;kanalizace. Jedn\u00e1 se o&nbsp;don\u00e1\u0161ku pitn\u00e9 vody v&nbsp;n\u00e1hradn\u00edm balen\u00ed p\u0159\u00edmo do bytu handicapovan\u00fdm osob\u00e1m.\u00a0Slu\u017eba je ur\u010dena pro p\u0159\u00edpad hav\u00e1rie na vodovodn\u00ed s\u00edti s\u00a0p\u0159edpokladem p\u0159eru\u0161en\u00ed dod\u00e1vky pitn\u00e9 vody v\u00a0trv\u00e1n\u00ed del\u0161\u00edm ne\u017e 5 hodin. Mohou ji vyu\u017e\u00edt dr\u017eitel\u00e9 platn\u00e9ho pr\u016fkazu TP, ZTP a&nbsp;nebo ZTP\/P, [&hellip;]","protected":false},"author":97,"featured_media":27879,"comment_status":"closed","ping_status":"open","sticky":false,"template":"","format":"standard","meta":[],"categories":[34],"tags":[],"_links":{"self":[{"href":"https:\/\/www.praha7.cz\/api\/wp\/v2\/posts\/27875"}],"collection":[{"href":"https:\/\/www.praha7.cz\/api\/wp\/v2\/posts"}],"about":[{"href":"https:\/\/www.praha7.cz\/api\/wp\/v2\/types\/post"}],"author":[{"embeddable":true,"href":"https:\/\/www.praha7.cz\/api\/wp\/v2\/users\/97"}],"replies":[{"embeddable":true,"href":"https:\/\/www.praha7.cz\/api\/wp\/v2\/comments?post=27875"}],"version-history":[{"count":13,"href":"https:\/\/www.praha7.cz\/api\/wp\/v2\/posts\/27875\/revisions"}],"predecessor-version":[{"id":27924,"href":"https:\/\/www.praha7.cz\/api\/wp\/v2\/posts\/27875\/revisions\/27924"}],"wp:featuredmedia":[{"embeddable":true,"href":"https:\/\/www.praha7.cz\/api\/wp\/v2\/media\/27879"}],"wp:attachment":[{"href":"https:\/\/www.praha7.cz\/api\/wp\/v2\/media?parent=27875"}],"wp:term":[{"taxonomy":"category","embeddable":true,"href":"https:\/\/www.praha7.cz\/api\/wp\/v2\/categories?post=27875"},{"taxonomy":"post_tag","embeddable":true,"href":"https:\/\/www.praha7.cz\/api\/wp\/v2\/tags?post=27875"}],"curies":[{"name":"wp","href":"https:\/\/api.w.org\/{rel}","templated":true}]}}