    
{"id":27853,"date":"2019-07-02T10:24:08","date_gmt":"2019-07-02T08:24:08","guid":{"rendered":"https:\/\/www.praha7.cz\/?p=27853"},"modified":"2019-07-03T15:49:02","modified_gmt":"2019-07-03T13:49:02","slug":"jizda-motocyklu-harley-davidson-omezi-dopravu-v-praze","status":"publish","type":"post","link":"https:\/\/www.praha7.cz\/jizda-motocyklu-harley-davidson-omezi-dopravu-v-praze\/","title":{"rendered":"J\u00edzda motocykl\u016f Harley Davidson omez\u00ed dopravu v&nbsp;Praze"},"content":{"rendered":"<p>[perex] V\u00a0sobotu 6.&nbsp;\u010dervence 2019 se v\u00a0r\u00e1mci akce Prague Harley Days 2019, kter\u00e1 se o&nbsp;v\u00edkendu kon\u00e1 na V\u00fdstavi\u0161ti Praha, uskute\u010dn\u00ed organizovan\u00e1 proj\u00ed\u017e\u010fka motocykl\u016f Harley Davidson. Pl\u00e1novan\u00e1 je na dobu od 10:00 do 12:00 hodin a&nbsp;povede po komunikac\u00edch v&nbsp;Praze 1, 7 a&nbsp;8. [\/perex]<\/p>\r\n<p>Na trase proj\u00ed\u017e\u010fky je povolen pohybliv\u00fd z\u00e1bor, jedn\u00e1 se o&nbsp;tyto komunikace: <br \/>\r\nZa Elektr\u00e1rnou, U&nbsp;V\u00fdstavi\u0161t\u011b, Dukelsk\u00fdch hrdin\u016f, Veletr\u017en\u00ed, Bubensk\u00e1, Hl\u00e1vk\u016fv most, Wilsonova, V\u00e1clavsk\u00e9 n\u00e1m\u011bst\u00ed (oto\u010den\u00ed nad p\u011b\u0161\u00ed z\u00f3nou), Mezibransk\u00e1, \u017ditn\u00e1, Karlovo n\u00e1m\u011bst\u00ed, Resslova, Masarykovo n\u00e1b\u0159e\u017e\u00ed, Smetanovo n\u00e1b\u0159e\u017e\u00ed, K\u0159i\u017eovnick\u00e1, N\u00e1m\u011bst\u00ed Jana Palacha, M\u00e1nes\u016fv most, Kl\u00e1rov, Chotkova, Badeniho, Milady Hor\u00e1kov\u00e9, Veletr\u017en\u00ed, Dukelsk\u00fdch hrdin\u016f, V\u00fdstavi\u0161t\u011b Hole\u0161ovice.<\/p>\r\n<p>&nbsp;<\/p>\r\n<p>FB Ud\u00e1lost\u00a0<a href=\"https:\/\/www.facebook.com\/events\/297387877563768\/\">Prague Harley Days 2019<\/a><\/p>\r\n<p>V\u00edce informac\u00ed o&nbsp;akci <a href=\"https:\/\/www.vystavistepraha.eu\/kalendar-akci\/detail\/prague-harley-days-2\/\">Prague Harley Days<\/a>.<\/p>\r\n<p>&nbsp;<\/p>\r\n<p><span style=\"font-size: 14px;\">Na akci je zaji\u0161t\u011bna asistence Policie \u010cR.<\/span><\/p>\r\n<p><span style=\"font-size: 14px;\">Po\u0159adatelem akce je spol. KLASIK MOTO, a.s.<\/span><\/p>\r\n<p>&nbsp;<\/p>","protected":false},"excerpt":{"rendered":"[perex] V\u00a0sobotu 6.&nbsp;\u010dervence 2019 se v\u00a0r\u00e1mci akce Prague Harley Days 2019, kter\u00e1 se o&nbsp;v\u00edkendu kon\u00e1 na V\u00fdstavi\u0161ti Praha, uskute\u010dn\u00ed organizovan\u00e1 proj\u00ed\u017e\u010fka motocykl\u016f Harley Davidson. Pl\u00e1novan\u00e1 je na dobu od 10:00 do 12:00 hodin a&nbsp;povede po komunikac\u00edch v&nbsp;Praze 1, 7 a&nbsp;8. [\/perex] Na trase proj\u00ed\u017e\u010fky je povolen pohybliv\u00fd z\u00e1bor, jedn\u00e1 se o&nbsp;tyto komunikace: Za Elektr\u00e1rnou, U&nbsp;V\u00fdstavi\u0161t\u011b, [&hellip;]","protected":false},"author":97,"featured_media":27907,"comment_status":"closed","ping_status":"open","sticky":false,"template":"","format":"standard","meta":[],"categories":[34],"tags":[],"_links":{"self":[{"href":"https:\/\/www.praha7.cz\/api\/wp\/v2\/posts\/27853"}],"collection":[{"href":"https:\/\/www.praha7.cz\/api\/wp\/v2\/posts"}],"about":[{"href":"https:\/\/www.praha7.cz\/api\/wp\/v2\/types\/post"}],"author":[{"embeddable":true,"href":"https:\/\/www.praha7.cz\/api\/wp\/v2\/users\/97"}],"replies":[{"embeddable":true,"href":"https:\/\/www.praha7.cz\/api\/wp\/v2\/comments?post=27853"}],"version-history":[{"count":3,"href":"https:\/\/www.praha7.cz\/api\/wp\/v2\/posts\/27853\/revisions"}],"predecessor-version":[{"id":27857,"href":"https:\/\/www.praha7.cz\/api\/wp\/v2\/posts\/27853\/revisions\/27857"}],"wp:featuredmedia":[{"embeddable":true,"href":"https:\/\/www.praha7.cz\/api\/wp\/v2\/media\/27907"}],"wp:attachment":[{"href":"https:\/\/www.praha7.cz\/api\/wp\/v2\/media?parent=27853"}],"wp:term":[{"taxonomy":"category","embeddable":true,"href":"https:\/\/www.praha7.cz\/api\/wp\/v2\/categories?post=27853"},{"taxonomy":"post_tag","embeddable":true,"href":"https:\/\/www.praha7.cz\/api\/wp\/v2\/tags?post=27853"}],"curies":[{"name":"wp","href":"https:\/\/api.w.org\/{rel}","templated":true}]}}