    
{"id":27826,"date":"2019-07-01T09:07:37","date_gmt":"2019-07-01T07:07:37","guid":{"rendered":"https:\/\/www.praha7.cz\/?p=27826"},"modified":"2019-07-01T09:07:37","modified_gmt":"2019-07-01T07:07:37","slug":"v-praze-plati-zakaz-rozdelavani-ohnu","status":"publish","type":"post","link":"https:\/\/www.praha7.cz\/v-praze-plati-zakaz-rozdelavani-ohnu\/","title":{"rendered":"V Praze plat\u00ed z\u00e1kaz rozd\u011bl\u00e1v\u00e1n\u00ed oh\u0148\u016f"},"content":{"rendered":"<p>[perex]<\/p>\r\n<p>Na z\u00e1klad\u011b v\u00fdstrahy p\u0159ed nebezpe\u010d\u00edm po\u017e\u00e1ru, kterou vydal \u010cesk\u00fd hydrometeorologick\u00fd \u00fastav, bude od ned\u011ble 30.&nbsp;\u010dervna 2019 od 10:00 hodin a\u017e do odvol\u00e1n\u00ed na \u00fazem\u00ed Prahy platit na\u0159\u00edzen\u00ed t\u00fdkaj\u00edc\u00ed se z\u00e1kazu rozd\u011bl\u00e1v\u00e1n\u00ed oh\u0148\u016f na rizikov\u00fdch m\u00edstech. Vyhl\u00e1\u0161en\u00ed doby zv\u00fd\u0161en\u00e9ho nebezpe\u010d\u00ed po\u017e\u00e1ru pro \u00fazem\u00ed hl. m. Prahy je zve\u0159ejn\u011bno na\u00a0<a href=\"http:\/\/www.praha.eu\/jnp\/cz\/o_meste\/magistrat\/deska\/index.html\">\u00da\u0159edn\u00ed desce Magistr\u00e1tu hl. m. Prahy<\/a>.<\/p>\r\n<p>[\/perex]<\/p>\r\n<p>Podle Na\u0159\u00edzen\u00ed \u010d. 6\/2019 Sb. hl. m. Prahy, kter\u00fdm se stanov\u00ed podm\u00ednky k&nbsp;zabezpe\u010den\u00ed po\u017e\u00e1rn\u00ed ochrany v&nbsp;dob\u011b zv\u00fd\u0161en\u00e9ho nebezpe\u010d\u00ed vzniku po\u017e\u00e1ru, se za m\u00edsto zv\u00fd\u0161en\u00e9ho nebezpe\u010d\u00ed vzniku pova\u017euje:<\/p>\r\n<p>a) lesn\u00ed porost a&nbsp;jeho okol\u00ed do vzd\u00e1lenosti 50&nbsp;m od jeho okraje,<\/p>\r\n<p>b) lesopark, park, zahrada a&nbsp;dal\u0161\u00ed porosty umo\u017e\u0148uj\u00edc\u00ed vznik a&nbsp;\u0161\u00ed\u0159en\u00ed po\u017e\u00e1ru,<\/p>\r\n<p>c) sklady sena, sl\u00e1my a&nbsp;jejich okol\u00ed do vzd\u00e1lenosti 50&nbsp;m od jejich okraje,<\/p>\r\n<p>d) plocha zem\u011bd\u011blsk\u00fdch kultur, kter\u00e9 jsou sv\u00fdm rostlinn\u00fdm charakterem schopny vzn\u00edcen\u00ed a&nbsp;\u0161\u00ed\u0159en\u00ed po\u017e\u00e1ru.<\/p>\r\n<p>&nbsp;<\/p>\r\n<p>Podle na\u0159\u00edzen\u00ed jsou v&nbsp;dob\u011b zv\u00fd\u0161en\u00e9ho nebezpe\u010d\u00ed vzniku po\u017e\u00e1ru v&nbsp;t\u011bchto m\u00edstech zak\u00e1zan\u00e9 n\u00e1sleduj\u00edc\u00ed \u010dinnosti:<\/p>\r\n<p>a) rozd\u011bl\u00e1v\u00e1n\u00ed nebo udr\u017eovan\u00ed otev\u0159en\u00e9ho ohn\u011b (nap\u0159\u00edklad p\u00e1len\u00ed klestu a&nbsp;k\u016fry, spalov\u00e1n\u00ed ho\u0159lav\u00fdch l\u00e1tek na voln\u00e9m prostranstv\u00ed),<\/p>\r\n<p>b) kou\u0159en\u00ed (s&nbsp;v\u00fdjimkou elektronick\u00fdch cigaret),<\/p>\r\n<p>c) pou\u017e\u00edv\u00e1n\u00ed pyrotechnick\u00fdch v\u00fdrobk\u016f,<\/p>\r\n<p>d) pou\u017e\u00edv\u00e1n\u00ed jin\u00fdch zdroj\u016f zap\u00e1len\u00ed, nap\u0159\u00edklad l\u00e9taj\u00edc\u00ed p\u0159\u00e1n\u00ed, lampiony, pochodn\u011b,<\/p>\r\n<p>e) odhazov\u00e1n\u00ed ho\u0159\u00edc\u00edch nebo doutnaj\u00edc\u00edch p\u0159edm\u011bt\u016f,<\/p>\r\n<p>f) j\u00edzda parn\u00ed lokomotivy, pokud nejsou zaji\u0161t\u011bna bezpe\u010dnostn\u00ed opat\u0159en\u00ed k&nbsp;zamezen\u00ed vzniku po\u017e\u00e1ru,<\/p>\r\n<p>g) spot\u0159ebov\u00e1v\u00e1n\u00ed vody ze zdroje pro ha\u0161en\u00ed po\u017e\u00e1r\u016f k&nbsp;jin\u00fdm \u00fa\u010del\u016fm ne\u017e k&nbsp;ha\u0161en\u00ed.<\/p>\r\n<p>&nbsp;<\/p>\r\n<p>Na\u0159\u00edzen\u00ed p\u0159ipou\u0161t\u00ed ve v\u00fdjime\u010dn\u00fdch p\u0159\u00edpadech rozd\u011bl\u00e1v\u00e1n\u00ed ohn\u011b na m\u00edstech ozna\u010den\u00fdch p\u00edsmenem b) \/lesopark, park, zahrada a&nbsp;dal\u0161\u00ed porosty umo\u017e\u0148uj\u00edc\u00ed vznik a&nbsp;\u0161\u00ed\u0159en\u00ed po\u017e\u00e1ru\/ p\u0159i spln\u011bn\u00ed t\u011bchto podm\u00ednek:<\/p>\r\n<p>a) provozovatel \u010dinnosti (organiz\u00e1tor akce) p\u0159edem vyhodnot\u00ed podm\u00ednky provozov\u00e1n\u00ed \u010dinnosti s&nbsp;ohledem na m\u00edsto, dobu a&nbsp;specifika \u010dinnosti a&nbsp;prokazateln\u011b nastav\u00ed takov\u00e1 opat\u0159en\u00ed, aby nedo\u0161lo ke vzniku po\u017e\u00e1ru,<\/p>\r\n<p>b) provozovatel \u010dinnosti (organiz\u00e1tor akce) ozn\u00e1m\u00ed z\u00e1m\u011br proveden\u00ed \u010dinnosti na krajsk\u00e9 opera\u010dn\u00ed a&nbsp;informa\u010dn\u00ed st\u0159edisko Hasi\u010dsk\u00e9ho z\u00e1chrann\u00e9ho sboru hlavn\u00edho m\u011bsta Prahy p\u0159ed zah\u00e1jen\u00edm \u010dinnosti,<\/p>\r\n<p>c) provozovatel \u010dinnosti (organiz\u00e1tor akce) zajist\u00ed p\u0159ed zah\u00e1jen\u00edm \u010dinnosti asistenci jednotky po\u017e\u00e1rn\u00ed ochrany, p\u0159i\u010dem\u017e je povinen \u0159\u00eddit se pokyny jej\u00edho velitele.<\/p>\r\n<p>&nbsp;<\/p>\r\n<p>Pln\u00fd text uveden\u00e9ho na\u0159\u00edzen\u00ed je k\u00a0dispozici na port\u00e1lu praha.eu v\u00a0sekci <a href=\"http:\/\/www.praha.eu\/jnp\/cz\/o_meste\/vyhlasky_a_narizeni\/vyhledavani_v_pravnich_predpisech\/narizeni_c_6_2019_sb_hl_m_prahy.html\">Vyhl\u00e1\u0161ky a&nbsp;na\u0159\u00edzen\u00ed<\/a>.\u00a0<\/p>","protected":false},"excerpt":{"rendered":"[perex] Na z\u00e1klad\u011b v\u00fdstrahy p\u0159ed nebezpe\u010d\u00edm po\u017e\u00e1ru, kterou vydal \u010cesk\u00fd hydrometeorologick\u00fd \u00fastav, bude od ned\u011ble 30.&nbsp;\u010dervna 2019 od 10:00 hodin a\u017e do odvol\u00e1n\u00ed na \u00fazem\u00ed Prahy platit na\u0159\u00edzen\u00ed t\u00fdkaj\u00edc\u00ed se z\u00e1kazu rozd\u011bl\u00e1v\u00e1n\u00ed oh\u0148\u016f na rizikov\u00fdch m\u00edstech. Vyhl\u00e1\u0161en\u00ed doby zv\u00fd\u0161en\u00e9ho nebezpe\u010d\u00ed po\u017e\u00e1ru pro \u00fazem\u00ed hl. m. Prahy je zve\u0159ejn\u011bno na\u00a0\u00da\u0159edn\u00ed desce Magistr\u00e1tu hl. m. Prahy. [\/perex] [&hellip;]","protected":false},"author":5,"featured_media":16145,"comment_status":"closed","ping_status":"open","sticky":false,"template":"","format":"standard","meta":[],"categories":[34],"tags":[],"_links":{"self":[{"href":"https:\/\/www.praha7.cz\/api\/wp\/v2\/posts\/27826"}],"collection":[{"href":"https:\/\/www.praha7.cz\/api\/wp\/v2\/posts"}],"about":[{"href":"https:\/\/www.praha7.cz\/api\/wp\/v2\/types\/post"}],"author":[{"embeddable":true,"href":"https:\/\/www.praha7.cz\/api\/wp\/v2\/users\/5"}],"replies":[{"embeddable":true,"href":"https:\/\/www.praha7.cz\/api\/wp\/v2\/comments?post=27826"}],"version-history":[{"count":2,"href":"https:\/\/www.praha7.cz\/api\/wp\/v2\/posts\/27826\/revisions"}],"predecessor-version":[{"id":27829,"href":"https:\/\/www.praha7.cz\/api\/wp\/v2\/posts\/27826\/revisions\/27829"}],"wp:featuredmedia":[{"embeddable":true,"href":"https:\/\/www.praha7.cz\/api\/wp\/v2\/media\/16145"}],"wp:attachment":[{"href":"https:\/\/www.praha7.cz\/api\/wp\/v2\/media?parent=27826"}],"wp:term":[{"taxonomy":"category","embeddable":true,"href":"https:\/\/www.praha7.cz\/api\/wp\/v2\/categories?post=27826"},{"taxonomy":"post_tag","embeddable":true,"href":"https:\/\/www.praha7.cz\/api\/wp\/v2\/tags?post=27826"}],"curies":[{"name":"wp","href":"https:\/\/api.w.org\/{rel}","templated":true}]}}