    
{"id":27544,"date":"2019-06-22T12:53:38","date_gmt":"2019-06-22T10:53:38","guid":{"rendered":"https:\/\/www.praha7.cz\/?p=27544"},"modified":"2019-06-22T12:53:38","modified_gmt":"2019-06-22T10:53:38","slug":"prahou-7-projede-charitativni-spanila-jizda-motocyklu-mda-ride-2019","status":"publish","type":"post","link":"https:\/\/www.praha7.cz\/prahou-7-projede-charitativni-spanila-jizda-motocyklu-mda-ride-2019\/","title":{"rendered":"Prahou 7 projede charitativn\u00ed spanil\u00e1 j\u00edzda motocykl\u016f MDA Ride 2019"},"content":{"rendered":"<p>[perex]<\/p>\r\n<p>V\u00a0sobotu 22.&nbsp;\u010dervna 2019 se kon\u00e1 nejv\u011bt\u0161\u00ed motocyklov\u00e1 charitativn\u00ed akce v\u00a0\u010cesk\u00e9 republice \u2013 <a href=\"https:\/\/www.mdaride.cz\/\">MDA Ride<\/a>. P\u0159ehl\u00eddka motocykl\u016f spojen\u00e1 se sb\u00edrkou, jej\u00ed\u017e v\u00fdt\u011b\u017eek je v\u011bnov\u00e1n na pomoc lidem se svalovou dystrofi\u00ed, se op\u011bt uskute\u010dn\u00ed na V\u00e1clavsk\u00e9m n\u00e1m\u011bst\u00ed.<br \/>\r\n[\/perex]<\/p>\r\n<p>Od 9:00 do 22:00 hodin je p\u0159ipraven v\u00a0m\u00edst\u011b kon\u00e1n\u00ed doprovodn\u00fd program a&nbsp;ve 14:00 bude zah\u00e1jena spanil\u00e1 j\u00edzda motocykl\u016f Prahou. Na trase j\u00edzdy, kter\u00e1 se dotkne tak\u00e9 Prahy&nbsp;7, je t\u0159eba po\u010d\u00edtat s\u00a0kr\u00e1tkodob\u00fdm dopravn\u00edm omezen\u00edm.<\/p>\r\n<p>Spanil\u00e1 j\u00edzda pojede po trase: Mezibransk\u00e1, Sokolsk\u00e1, Nuselsk\u00fd most, 5.&nbsp;kv\u011btna, n\u00e1m\u011bst\u00ed Hrdin\u016f, Lomnick\u00e9ho, Na Dolin\u00e1ch, Podolsk\u00e9 n\u00e1b\u0159e\u017e\u00ed, Ra\u0161\u00ednovo n\u00e1b\u0159e\u017e\u00ed, Masarykovo n\u00e1b\u0159e\u017e\u00ed, most Legi\u00ed, V\u00edt\u011bzn\u00e1, \u00dajezd, Karmelitsk\u00e1, Malostransk\u00e9 n\u00e1m\u011bst\u00ed, Letensk\u00e1, Kl\u00e1rov, n\u00e1b\u0159e\u017e\u00ed Edvarda Bene\u0161e, n\u00e1b\u0159e\u017e\u00ed Kpt. Jaro\u0161e, Hl\u00e1vk\u016fv most a&nbsp;Wilsonova, odkud se bike\u0159i vr\u00e1t\u00ed na V\u00e1clavsk\u00e9 n\u00e1m\u011bst\u00ed.<\/p>","protected":false},"excerpt":{"rendered":"[perex] V\u00a0sobotu 22.&nbsp;\u010dervna 2019 se kon\u00e1 nejv\u011bt\u0161\u00ed motocyklov\u00e1 charitativn\u00ed akce v\u00a0\u010cesk\u00e9 republice \u2013 MDA Ride. P\u0159ehl\u00eddka motocykl\u016f spojen\u00e1 se sb\u00edrkou, jej\u00ed\u017e v\u00fdt\u011b\u017eek je v\u011bnov\u00e1n na pomoc lidem se svalovou dystrofi\u00ed, se op\u011bt uskute\u010dn\u00ed na V\u00e1clavsk\u00e9m n\u00e1m\u011bst\u00ed. [\/perex] Od 9:00 do 22:00 hodin je p\u0159ipraven v\u00a0m\u00edst\u011b kon\u00e1n\u00ed doprovodn\u00fd program a&nbsp;ve 14:00 bude zah\u00e1jena spanil\u00e1 j\u00edzda motocykl\u016f [&hellip;]","protected":false},"author":5,"featured_media":27545,"comment_status":"closed","ping_status":"open","sticky":false,"template":"","format":"standard","meta":[],"categories":[34],"tags":[],"_links":{"self":[{"href":"https:\/\/www.praha7.cz\/api\/wp\/v2\/posts\/27544"}],"collection":[{"href":"https:\/\/www.praha7.cz\/api\/wp\/v2\/posts"}],"about":[{"href":"https:\/\/www.praha7.cz\/api\/wp\/v2\/types\/post"}],"author":[{"embeddable":true,"href":"https:\/\/www.praha7.cz\/api\/wp\/v2\/users\/5"}],"replies":[{"embeddable":true,"href":"https:\/\/www.praha7.cz\/api\/wp\/v2\/comments?post=27544"}],"version-history":[{"count":1,"href":"https:\/\/www.praha7.cz\/api\/wp\/v2\/posts\/27544\/revisions"}],"predecessor-version":[{"id":27546,"href":"https:\/\/www.praha7.cz\/api\/wp\/v2\/posts\/27544\/revisions\/27546"}],"wp:featuredmedia":[{"embeddable":true,"href":"https:\/\/www.praha7.cz\/api\/wp\/v2\/media\/27545"}],"wp:attachment":[{"href":"https:\/\/www.praha7.cz\/api\/wp\/v2\/media?parent=27544"}],"wp:term":[{"taxonomy":"category","embeddable":true,"href":"https:\/\/www.praha7.cz\/api\/wp\/v2\/categories?post=27544"},{"taxonomy":"post_tag","embeddable":true,"href":"https:\/\/www.praha7.cz\/api\/wp\/v2\/tags?post=27544"}],"curies":[{"name":"wp","href":"https:\/\/api.w.org\/{rel}","templated":true}]}}