    
{"id":27054,"date":"2019-06-07T13:04:09","date_gmt":"2019-06-07T11:04:09","guid":{"rendered":"https:\/\/www.praha7.cz\/?p=27054"},"modified":"2019-06-07T16:18:25","modified_gmt":"2019-06-07T14:18:25","slug":"kontaktni-misto-pro-bydleni-prerusi-10-a-12-cervna-provoz","status":"publish","type":"post","link":"https:\/\/www.praha7.cz\/kontaktni-misto-pro-bydleni-prerusi-10-a-12-cervna-provoz\/","title":{"rendered":"Kontaktn\u00ed m\u00edsto pro bydlen\u00ed p\u0159eru\u0161\u00ed 10.&nbsp;a&nbsp;12.&nbsp;\u010dervna provoz"},"content":{"rendered":"<p>[perex]<\/p>\r\n<p>V pond\u011bl\u00ed 10.&nbsp;6.&nbsp;od 08:00 \u2013 17:30 a&nbsp;ve st\u0159edu 12.&nbsp;6.&nbsp;od 13:00 \u2013 17:30 bude <a href=\"https:\/\/www.praha7.cz\/temata\/pomahame\/kontaktni-misto\/\">Kontaktn\u00ed m\u00edsto pro bydlen\u00ed<\/a> mimo provoz. V\u00a0akutn\u00edch p\u0159\u00edpadech se pros\u00edm obracejte na\u00a0<a href=\"https:\/\/www.praha7.cz\/radnice\/organizacni-struktura\/odbor-socialnich-veci-a-zdravotnictvi\/oddeleni-socialni-prace\/\">Odd\u011blen\u00ed soci\u00e1ln\u00ed pr\u00e1ce<\/a>\u00a0(dve\u0159e \u010d. 130 \u2013 131).<\/p>\r\n<p>D\u011bkujeme za pochopen\u00ed.\u00a0<\/p>\r\n<p>[\/perex]<\/p>","protected":false},"excerpt":{"rendered":"[perex] V&nbsp;pond\u011bl\u00ed 10.&nbsp;6.&nbsp;od 08:00 \u2013 17:30 a&nbsp;ve st\u0159edu 12.&nbsp;6.&nbsp;od 13:00 \u2013 17:30 bude Kontaktn\u00ed m\u00edsto pro bydlen\u00ed mimo provoz. V\u00a0akutn\u00edch p\u0159\u00edpadech se pros\u00edm obracejte na\u00a0Odd\u011blen\u00ed soci\u00e1ln\u00ed pr\u00e1ce\u00a0(dve\u0159e \u010d. 130 \u2013 131). D\u011bkujeme za pochopen\u00ed.\u00a0 [\/perex]","protected":false},"author":97,"featured_media":13136,"comment_status":"closed","ping_status":"open","sticky":false,"template":"","format":"standard","meta":[],"categories":[34],"tags":[],"_links":{"self":[{"href":"https:\/\/www.praha7.cz\/api\/wp\/v2\/posts\/27054"}],"collection":[{"href":"https:\/\/www.praha7.cz\/api\/wp\/v2\/posts"}],"about":[{"href":"https:\/\/www.praha7.cz\/api\/wp\/v2\/types\/post"}],"author":[{"embeddable":true,"href":"https:\/\/www.praha7.cz\/api\/wp\/v2\/users\/97"}],"replies":[{"embeddable":true,"href":"https:\/\/www.praha7.cz\/api\/wp\/v2\/comments?post=27054"}],"version-history":[{"count":6,"href":"https:\/\/www.praha7.cz\/api\/wp\/v2\/posts\/27054\/revisions"}],"predecessor-version":[{"id":27072,"href":"https:\/\/www.praha7.cz\/api\/wp\/v2\/posts\/27054\/revisions\/27072"}],"wp:featuredmedia":[{"embeddable":true,"href":"https:\/\/www.praha7.cz\/api\/wp\/v2\/media\/13136"}],"wp:attachment":[{"href":"https:\/\/www.praha7.cz\/api\/wp\/v2\/media?parent=27054"}],"wp:term":[{"taxonomy":"category","embeddable":true,"href":"https:\/\/www.praha7.cz\/api\/wp\/v2\/categories?post=27054"},{"taxonomy":"post_tag","embeddable":true,"href":"https:\/\/www.praha7.cz\/api\/wp\/v2\/tags?post=27054"}],"curies":[{"name":"wp","href":"https:\/\/api.w.org\/{rel}","templated":true}]}}