    
{"id":26647,"date":"2019-05-27T15:02:53","date_gmt":"2019-05-27T13:02:53","guid":{"rendered":"https:\/\/www.praha7.cz\/?p=26647"},"modified":"2019-07-25T11:05:35","modified_gmt":"2019-07-25T09:05:35","slug":"hledate-zajimavou-praci-ve-sprave-majetku-3","status":"publish","type":"post","link":"https:\/\/www.praha7.cz\/hledate-zajimavou-praci-ve-sprave-majetku-3\/","title":{"rendered":"Hled\u00e1te zaj\u00edmavou pr\u00e1ci ve spr\u00e1v\u011b majetku?"},"content":{"rendered":"<p>[perex]<\/p>\r\n<p>\u00da\u0159ad Prahy&nbsp;7 sh\u00e1n\u00ed do sv\u00e9ho t\u00fdmu kolegyni\/kolegu na pozici technik\/\u010dka odd\u011blen\u00ed p\u0159\u00edpravy a&nbsp;realizace staveb Odboru majetku. Vyzn\u00e1te se ve stavebnictv\u00ed? Bavila by v\u00e1s p\u0159\u00edprava a&nbsp;koordinace stavebn\u00edch projekt\u016f od pl\u00e1n\u016f a\u017e po realizaci? M\u00e1te z\u00e1jem pracovat v\u00a0dynamicky se rozv\u00edjej\u00edc\u00ed m\u011bstsk\u00e9 \u010d\u00e1sti pro \u00fa\u0159ad s\u00a0tak trochu jin\u00fdm p\u0159\u00edstupem? Nev\u00e1hejte a&nbsp;p\u0159ihlaste se do na\u0161eho popt\u00e1vkov\u00e9ho \u0159\u00edzen\u00ed.<\/p>\r\n<p>[\/perex]<\/p>\r\n<h3>Co u&nbsp;n\u00e1s budete d\u011blat?<\/h3>\r\n<p>Hlavn\u00ed n\u00e1pln\u00ed va\u0161\u00ed pr\u00e1ce bude zad\u00e1v\u00e1n\u00ed projektov\u00e9 dokumentace pl\u00e1novan\u00fdch staveb, p\u0159\u00edprava podklad\u016f pro vyhl\u00e1\u0161en\u00ed zak\u00e1zek na stavby a&nbsp;rekonstrukce, zaji\u0161t\u011bn\u00ed investorsk\u00e9ho dozoru v\u00a0pr\u016fb\u011bhu stavby a&nbsp;veden\u00ed dlouhodob\u00e9ho pl\u00e1nu oprav a&nbsp;investic do nemovit\u00e9ho majetku Prahy&nbsp;7.<\/p>\r\n<p>&nbsp;<\/p>\r\n<h3>Co od v\u00e1s o\u010dek\u00e1v\u00e1me?<\/h3>\r\n<p>&#8211; vy\u0161\u0161\u00ed odborn\u00e9 vzd\u011bl\u00e1n\u00ed nebo st\u0159edn\u00ed vzd\u011bl\u00e1n\u00ed s&nbsp;maturitn\u00ed zkou\u0161kou<\/p>\r\n<p>&#8211; up\u0159ednost\u0148ujeme p\u0159ehled v&nbsp;oboru pozemn\u00edch staveb<\/p>\r\n<p>&#8211; up\u0159ednost\u0148ujeme znalost pr\u00e1ce s&nbsp;projektovou dokumentac\u00ed staveb, v\u010detn\u011b pr\u00e1ce s&nbsp;rozpo\u010dtem projektu<\/p>\r\n<p>&#8211; v\u00fdhodou praxe ve stavebnictv\u00ed (znalost p\u0159\u00edpravy a&nbsp;realizace)<\/p>\r\n<p>&#8211; v\u00fdhodou znalost z\u00e1kona 183\/2006 Sb. (stavebn\u00ed z\u00e1kon)<\/p>\r\n<p>&#8211; v\u00fdhodou vzd\u011bl\u00e1n\u00ed ve stavebn\u00edm sm\u011bru<\/p>\r\n<p>&#8211; v\u00fdhodou V\u0160 vzd\u011bl\u00e1n\u00ed (technick\u00e9ho sm\u011bru)<\/p>\r\n<p>&#8211; v\u00fdhodou orientace v&nbsp;oblasti ve\u0159ejn\u00e9 spr\u00e1vy a&nbsp;zad\u00e1v\u00e1n\u00ed ve\u0159ejn\u00fdch zak\u00e1zek<\/p>\r\n<p>&#8211; vhodn\u00e9 pro absolventy<\/p>\r\n<p>&#8211; ve v\u00fdjime\u010dn\u00fdch p\u0159\u00edpadech se mohou hl\u00e1sit uchaze\u010di i&nbsp;z\u00a0jin\u00fdch obor\u016f<\/p>\r\n<p>&nbsp;<\/p>\r\n<h3>Co v\u00e1m nab\u00edz\u00edme?<\/h3>\r\n<p>Pracovn\u00ed pom\u011br na dobu neur\u010ditou. N\u00e1stupn\u00ed plat v&nbsp;9.&nbsp;platov\u00e9 t\u0159\u00edd\u011b a\u017e do v\u00fd\u0161e 27\u00a0420&nbsp;K\u010d podle d\u00e9lky odborn\u00e9 praxe. Po zku\u0161ebn\u00ed dob\u011b osobn\u00ed p\u0159\u00edplatek a\u017e do v\u00fd\u0161e 50 %\u00a0maxim\u00e1ln\u00edho n\u00e1stupn\u00edho platu.<\/p>\r\n<table width=\"1109\" height=\"217\" style=\"color: black !important; font-weight: normal !important;\">\r\n<tbody>\r\n<tr>\r\n<td style=\"height: 0px; text-align: center;\"><\/td>\r\n<td style=\"height: 0px; text-align: center;\"><\/td>\r\n<td style=\"height: 0px; text-align: center;\"><\/td>\r\n<\/tr>\r\n<tr>\r\n<td style=\"width: 361px; text-align: center;\">\r\n<p><img loading=\"lazy\" src=\"https:\/\/www.praha7.cz\/wp-content\/uploads\/2018\/11\/rust.jpg\" alt=\"\" width=\"99\" height=\"96\" class=\"alignnone size-full wp-image-21382\" \/><\/p>\r\n<span style=\"font-weight: normal !important; color: black !important;\">Platov\u00e9 ohodnocen\u00ed, kter\u00e9 roste spolu s&nbsp;v\u00e1mi.<\/span><\/td>\r\n<td style=\"width: 363px; text-align: center;\">\r\n<p><img loading=\"lazy\" src=\"https:\/\/www.praha7.cz\/wp-content\/uploads\/2018\/11\/benefit.jpg\" alt=\"\" width=\"99\" height=\"96\" class=\"alignnone size-full wp-image-21381\" \/><\/p>\r\n<span style=\"font-weight: normal !important; color: black !important;\">\u0160irokou \u0161k\u00e1lu benefit\u016f, kter\u00e9 p\u0159ich\u00e1zej\u00ed ve spr\u00e1vn\u00fd \u010das.<\/span><\/td>\r\n<td style=\"width: 363px; text-align: center;\">\r\n<p><img loading=\"lazy\" src=\"https:\/\/www.praha7.cz\/wp-content\/uploads\/2018\/11\/dovolena.jpg\" alt=\"\" width=\"99\" height=\"96\" class=\"alignnone size-full wp-image-21383\" \/><\/p>\r\n<span style=\"font-weight: normal !important; color: black !important;\">5 t\u00fddn\u016f dovolen\u00e9, na kterou nebudete cht\u00edt odjet.<\/span><\/td>\r\n<\/tr>\r\n<tr>\r\n<td style=\"width: 361px; text-align: center;\">\r\n<p><img loading=\"lazy\" src=\"https:\/\/www.praha7.cz\/wp-content\/uploads\/2018\/11\/vzdelavani.jpg\" alt=\"\" width=\"142\" height=\"96\" class=\"alignnone size-full wp-image-21384\" \/><\/p>\r\n<span style=\"font-weight: normal !important; color: black !important;\">Mo\u017enost dal\u0161\u00edho vzd\u011bl\u00e1v\u00e1n\u00ed, abyste se ve sv\u011bt\u011b neztratili.<\/span><\/td>\r\n<td style=\"width: 363px; text-align: center;\">\r\n<p><img loading=\"lazy\" src=\"https:\/\/www.praha7.cz\/wp-content\/uploads\/2018\/11\/inspirace.jpg\" alt=\"\" width=\"99\" height=\"96\" class=\"alignnone size-full wp-image-21385\" \/><\/p>\r\n<span style=\"font-weight: normal !important; color: black !important;\">Pr\u00e1ci v&nbsp;inspirativn\u00edm kolektivu, kde se p\u0159ed n\u00e1pady nezav\u00edraj\u00ed o\u010di.<\/span><\/td>\r\n<td style=\"width: 363px; text-align: center;\">\r\n<p><img loading=\"lazy\" src=\"https:\/\/www.praha7.cz\/wp-content\/uploads\/2018\/11\/perspektiva.jpg\" alt=\"\" width=\"99\" height=\"96\" class=\"alignnone size-full wp-image-21386\" \/><\/p>\r\n<span style=\"font-weight: normal !important; color: black !important;\">Perspektivn\u00ed zam\u011bstn\u00e1n\u00ed, kde pom\u00e1h\u00e1te m\u011bnit sv\u011bt kolem sebe.<\/span><\/td>\r\n<\/tr>\r\n<\/tbody>\r\n<\/table>\r\n<p>&nbsp;<\/p>\r\n<h3>Jak se k\u00a0n\u00e1m dostanete?<\/h3>\r\n<p>P\u0159ihl\u00e1\u0161ku a&nbsp;souhlas se zpracov\u00e1n\u00edm osobn\u00edch \u00fadaj\u016f (naleznete ve Formul\u00e1\u0159\u00edch <a href=\"https:\/\/www.praha7.cz\/radnice\/povinne-zverejnovane-informace\/formulare\/\">Odboru person\u00e1ln\u00edch \u010dinnost\u00ed<\/a>) v\u010detn\u011b strukturovan\u00e9ho \u017eivotopisu je mo\u017en\u00e9 osobn\u011b doru\u010dit v&nbsp;\u00fa\u0159edn\u00edch hodin\u00e1ch do podatelny \u00da\u0159adu M\u010c Praha&nbsp;7 nebo zaslat na n\u00ed\u017ee uvedenou adresu, p\u0159\u00edpadn\u011b zaslat i&nbsp;e-mailem na <a href=\"mailto:pouzarovae@praha7.cz\">pouzarovae@praha7.cz<\/a> <span style=\"color: #ff0000;\"><strong>nejpozd\u011bji do 24.&nbsp;6.&nbsp;2019<\/strong><\/span>.<\/p>\r\n<p>&nbsp;<\/p>\r\n<p><strong>P\u0159edpokl\u00e1dan\u00fd vznik pracovn\u00edho pom\u011bru je 1.&nbsp;7.&nbsp;2019.<\/strong><\/p>\r\n<p>&nbsp;<\/p>\r\n<p><em>M\u011bstsk\u00e1 \u010d\u00e1st Praha&nbsp;7<\/em><\/p>\r\n<p><em>\u00da\u0159ad m\u011bstsk\u00e9 \u010d\u00e1sti Praha&nbsp;7<\/em><\/p>\r\n<p><em>Odbor person\u00e1ln\u00edch \u010dinnost\u00ed<\/em><\/p>\r\n<p><em>n\u00e1b\u0159. Kpt. Jaro\u0161e 1000<\/em><\/p>\r\n<p><em>170&nbsp;00 Praha&nbsp;7<\/em><\/p>\r\n<p>&nbsp;<\/p>\r\n<p>Ve\u0161ker\u00e9 pot\u0159ebn\u00e9 informace pro p\u0159ihl\u00e1\u0161en\u00ed do popt\u00e1vkov\u00e9ho \u0159\u00edzen\u00ed naleznete <a href=\"https:\/\/www.praha7.cz\/wp-content\/uploads\/2019\/05\/M\u010c-P7-Odbor-person\u00e1ln\u00ed-V\u0158-Pozice-Technik-Odbor-majetku-1.pdf\">zde<\/a>.<\/p>","protected":false},"excerpt":{"rendered":"[perex] \u00da\u0159ad Prahy&nbsp;7 sh\u00e1n\u00ed do sv\u00e9ho t\u00fdmu kolegyni\/kolegu na pozici technik\/\u010dka odd\u011blen\u00ed p\u0159\u00edpravy a&nbsp;realizace staveb Odboru majetku. Vyzn\u00e1te se ve stavebnictv\u00ed? Bavila by v\u00e1s p\u0159\u00edprava a&nbsp;koordinace stavebn\u00edch projekt\u016f od pl\u00e1n\u016f a\u017e po realizaci? M\u00e1te z\u00e1jem pracovat v\u00a0dynamicky se rozv\u00edjej\u00edc\u00ed m\u011bstsk\u00e9 \u010d\u00e1sti pro \u00fa\u0159ad s\u00a0tak trochu jin\u00fdm p\u0159\u00edstupem? Nev\u00e1hejte a&nbsp;p\u0159ihlaste se do na\u0161eho popt\u00e1vkov\u00e9ho \u0159\u00edzen\u00ed. [\/perex] [&hellip;]","protected":false},"author":5,"featured_media":21635,"comment_status":"closed","ping_status":"open","sticky":false,"template":"","format":"standard","meta":[],"categories":[34],"tags":[],"_links":{"self":[{"href":"https:\/\/www.praha7.cz\/api\/wp\/v2\/posts\/26647"}],"collection":[{"href":"https:\/\/www.praha7.cz\/api\/wp\/v2\/posts"}],"about":[{"href":"https:\/\/www.praha7.cz\/api\/wp\/v2\/types\/post"}],"author":[{"embeddable":true,"href":"https:\/\/www.praha7.cz\/api\/wp\/v2\/users\/5"}],"replies":[{"embeddable":true,"href":"https:\/\/www.praha7.cz\/api\/wp\/v2\/comments?post=26647"}],"version-history":[{"count":3,"href":"https:\/\/www.praha7.cz\/api\/wp\/v2\/posts\/26647\/revisions"}],"predecessor-version":[{"id":28394,"href":"https:\/\/www.praha7.cz\/api\/wp\/v2\/posts\/26647\/revisions\/28394"}],"wp:featuredmedia":[{"embeddable":true,"href":"https:\/\/www.praha7.cz\/api\/wp\/v2\/media\/21635"}],"wp:attachment":[{"href":"https:\/\/www.praha7.cz\/api\/wp\/v2\/media?parent=26647"}],"wp:term":[{"taxonomy":"category","embeddable":true,"href":"https:\/\/www.praha7.cz\/api\/wp\/v2\/categories?post=26647"},{"taxonomy":"post_tag","embeddable":true,"href":"https:\/\/www.praha7.cz\/api\/wp\/v2\/tags?post=26647"}],"curies":[{"name":"wp","href":"https:\/\/api.w.org\/{rel}","templated":true}]}}