    
{"id":26641,"date":"2019-05-28T09:00:09","date_gmt":"2019-05-28T07:00:09","guid":{"rendered":"https:\/\/www.praha7.cz\/?p=26641"},"modified":"2020-07-28T16:00:45","modified_gmt":"2020-07-28T14:00:45","slug":"50-narozeniny-sabatu","status":"publish","type":"post","link":"https:\/\/www.praha7.cz\/50-narozeniny-sabatu\/","title":{"rendered":"50.&nbsp;narozeniny SaBaTu"},"content":{"rendered":"<p>[perex]<\/p>\r\n<p>SaBaT \u2013 slovo, pod kter\u00fdm se ka\u017ed\u00e9mu vybav\u00ed n\u011bco jin\u00e9ho. N\u011bkoho\u00a0p\u0159epadnou my\u0161lenky na \u010darod\u011bjnice a\u00a0jejich ritu\u00e1ly, jin\u00fd se zasn\u00ed p\u0159i vzpom\u00ednce na tvrdou rockovou hudbu. Fanou\u0161ci a\u00a0hlavn\u011b hr\u00e1\u010dky a\u00a0hr\u00e1\u010di softballu a\u00a0baseballu v\u00a0\u010cesk\u00e9 republice ale budou m\u00edt hned jasno. SaBaT pro n\u011b znamen\u00e1 jedno \u2013 Softball a\u00a0Baseball Troja. Letos si tento tradi\u010dn\u00ed sportovn\u00ed klub z\u00a0Prahy&nbsp;7 p\u0159ipom\u00edn\u00e1\u00a050 let sv\u00e9 existence a\u00a0nutno \u0159\u00edct, \u017ee existence velice bohat\u00e9. Jak to\u00a0ale s\u00a0t\u00edm p\u00e1lkov\u00e1n\u00edm v&nbsp;Praze 7 a\u00a0vlastn\u011b u\u00a0n\u00e1s v\u016fbec za\u010dalo?<\/p>\r\n<p>[\/perex]<\/p>\r\n<p><strong>Po\u010d\u00e1tky p\u00e1lkovac\u00edch her, jak se softballu a\u00a0baseballu\u00a0<\/strong><br \/>\r\nv\u00a060.&nbsp;letech minul\u00e9ho stolet\u00ed \u0159\u00edkalo, jsou spojen\u00e9 s\u00a0organizac\u00ed YMCA (Young Men\u2019s\u00a0Christian Association\u00a0\u2013 K\u0159es\u0165ansk\u00e9 sdru\u017een\u00ed mlad\u00fdch lid\u00ed). Zat\u00edmco volejbal a\u00a0basketbal se po druh\u00e9 sv\u011btov\u00e9 v\u00e1lce rozv\u00edjely tak\u0159ka raketov\u00fdm tempem, \u201eplaygroundball\u201c se v\u00a0tehdej\u0161\u00edm \u010ceskoslovensku zprvu usadil v\u00a0pov\u011bdom\u00ed jen n\u011bkolika nad\u0161enc\u016f.<\/p>\r\n<p>\u201eNa st\u0159edn\u00edch a\u00a0vysok\u00fdch \u0161kol\u00e1ch to tu v\u00a060.&nbsp;letech se softballem za\u010dali zkou\u0161et t\u011blocvik\u00e1\u0159i a\u00a0frekventanti organizace YMCA. Byl to tehdy nov\u00fd a\u00a0zaj\u00edmav\u00fd sport, a\u00a0tak se mu mezi studenty a\u00a0kantory za\u010dalo postupn\u011b da\u0159it,\u201c vzpom\u00edn\u00e1 na za\u010d\u00e1tky Jan M\u011b\u0159i\u010dka, viceprezident SaBaTu, kter\u00fd se tomuto sportu v\u011bnuje u\u017e v\u00edce ne\u017e \u010dty\u0159icet let. \u010clensk\u00e1 z\u00e1kladna se p\u016fvodn\u011b skl\u00e1dala z\u00a0vysoko\u0161kol\u00e1k\u016f a\u00a0v\u00fdjime\u010dn\u011b tak\u00e9 mlad\u0161\u00edch hr\u00e1\u010dek a\u00a0hr\u00e1\u010d\u016f ze st\u0159edn\u00edch \u0161kol.<\/p>\r\n<p>Softball a\u00a0baseball to m\u011bl ve sv\u00fdch za\u010d\u00e1tc\u00edch t\u011b\u017ek\u00e9 hlavn\u011b u\u00a0\u010ceskoslovensk\u00e9ho svazu t\u011blesn\u00e9 v\u00fdchovy a\u00a0sportu (\u010cSTV). U\u00a0stranick\u00fdch funkcion\u00e1\u0159\u016f byly toti\u017e tyto sporty vn\u00edm\u00e1ny jako bur\u017eoazn\u00ed. Tehdej\u0161\u00edm pr\u016fkopn\u00edk\u016fm dalo pom\u011brn\u011b hodn\u011b pr\u00e1ce prosadit zalo\u017een\u00ed svazu softballu a\u00a0baseballu a\u00a0jeho za\u010dlen\u011bn\u00ed do ofici\u00e1ln\u00edch t\u011blov\u00fdchovn\u00fdch a\u00a0sportovn\u00edch struktur. Paradoxn\u011b v\u00a0t\u00e9 dob\u011b hodn\u011b pomohla\u00a0socialistick\u00e1 Kuba, kde baseball byl a\u00a0st\u00e1le je nejobl\u00edben\u011bj\u0161\u00edm sportem a\u00a0odkud se k\u00a0n\u00e1m tak\u00e9 relativn\u011b brzy za\u010dalo dov\u00e1\u017eet pot\u0159ebn\u00e9 vybaven\u00ed, tedy p\u00e1lky, m\u00ed\u010de a\u00a0rukavice. Hr\u00e1\u010di a\u00a0tren\u00e9\u0159i tehdy zkou\u0161eli nav\u00e1zat podobn\u00e9 obchodn\u00ed vztahy se zam\u011bstnanci americk\u00e9 ambas\u00e1dy, zde ale \u010dasto nar\u00e1\u017eeli na pracovn\u00edky StB, co\u017e m\u011blo nep\u0159\u00edjemn\u00e9 dohry.<\/p>\r\n<p><strong>Letensk\u00e1 pl\u00e1\u0148\u00a0\u2013 r\u00e1j p\u00e1lka\u0159sk\u00fdch sport\u016f<\/strong><br \/>\r\nPrvn\u00ed ofici\u00e1ln\u00ed sout\u011b\u017e mu\u017e\u016f se datuje do roku 1964, kdy si ji zahr\u00e1lo t\u0159in\u00e1ct t\u00fdm\u016f. Z\u00a0n\u00ed potom vznikla prvn\u00ed a\u00a0druh\u00e1 liga mu\u017e\u016f a\u00a0po n\u00ed v\u00a0dal\u0161\u00edch letech nejvy\u0161\u0161\u00ed sout\u011b\u017e \u017een. D\u00e1 se \u0159\u00edci, \u017ee v\u00a0t\u00e9to dob\u011b na tom byl l\u00e9pe softball. Baseball se za\u010dal prosazovat a\u017e pozd\u011bji, p\u0159i\u010dem\u017e bylo celkem b\u011b\u017en\u00e9, \u017ee hr\u00e1\u010di d\u011blali oba dva sporty sou\u010dasn\u011b.<\/p>\r\n<p>V\u00a0n\u00e1sleduj\u00edc\u00edch letech byly zakl\u00e1d\u00e1ny nov\u00e9 kluby, ale ani n\u00e1r\u016fst po\u010dtu odd\u00edl\u016f nep\u0159im\u011bl funkcion\u00e1\u0159e \u010cSTV k\u00a0tomu, aby povolili zalo\u017een\u00ed celorepublikov\u00e9 sout\u011b\u017ee. Dlouhou dobu se tak hr\u00e1ly jen n\u00e1rodn\u00ed ligy, d\u00edky \u010demu\u017e se softball a\u00a0baseball v\u00a0\u010cesku a\u00a0na Slovensku rozv\u00edjely odd\u011blen\u011b. T\u00fdmy se tehdy potk\u00e1valy jen na neofici\u00e1ln\u00edch turnaj\u00edch.<\/p>\r\n<p>Pra\u017esk\u00e9 kluby hr\u00e1ly softball v\u011bt\u0161inou na Letensk\u00e9 pl\u00e1ni. Zde byl dostate\u010dn\u00fd prostor pro v\u00edce h\u0159i\u0161\u0165, tak\u017ee se tu v\u00a0jednu dobu potk\u00e1vala cel\u00e1 \u0159ada t\u00fdm\u016f. Baseballisti m\u011bli ve sv\u00fdch za\u010d\u00e1tc\u00edch \u00fato\u010di\u0161t\u011b na strahovsk\u00e9m spartaki\u00e1dn\u00edm stadionu.<\/p>\r\n<p>S\u00a0postupem let se p\u00e1lkovac\u00ed sporty za\u010daly p\u0159ibli\u017eovat mlad\u0161\u00edm generac\u00edm, co\u017e vy\u00fastilo v\u00a0zalo\u017een\u00ed \u0159ady juniorsk\u00fdch, kadetsk\u00fdch a\u00a0\u017e\u00e1kovsk\u00fdch t\u00fdm\u016f d\u011bv\u010dat a\u00a0kluk\u016f. \u201e\u010clensk\u00e1 z\u00e1kladna se od 60.&nbsp;let v\u00edce ne\u017e zdesetin\u00e1sobila a\u00a0dnes jsme na tom tak, \u017ee jen v\u00a0ml\u00e1de\u017enick\u00e9 kategorii m\u00e1me 189 t\u00fdm\u016f s\u00a0v\u00edce ne\u017e t\u0159emi tis\u00edci registrovan\u00fdmi hr\u00e1\u010dkami a\u00a0hr\u00e1\u010di. V\u00a0p\u0159\u00edpad\u011b baseballu je situace velice podobn\u00e1,\u201c vypo\u010d\u00edt\u00e1v\u00e1 Jan M\u011b\u0159i\u010dka.<\/p>\r\n<p><a href=\"https:\/\/www.praha7.cz\/50-narozeniny-sabatu\/clanek_sabat_vyber_4\/\" rel=\"attachment wp-att-26643\"><img loading=\"lazy\" src=\"https:\/\/www.praha7.cz\/wp-content\/uploads\/2019\/05\/Clanek_SaBaT_VYBER_4.jpg\" alt=\"\" width=\"3102\" height=\"2484\" class=\"alignnone wp-image-26643 size-full\" srcset=\"https:\/\/www.praha7.cz\/wp-content\/uploads\/2019\/05\/Clanek_SaBaT_VYBER_4.jpg 3102w, https:\/\/www.praha7.cz\/wp-content\/uploads\/2019\/05\/Clanek_SaBaT_VYBER_4-500x400.jpg 500w, https:\/\/www.praha7.cz\/wp-content\/uploads\/2019\/05\/Clanek_SaBaT_VYBER_4-768x615.jpg 768w, https:\/\/www.praha7.cz\/wp-content\/uploads\/2019\/05\/Clanek_SaBaT_VYBER_4-1249x1000.jpg 1249w\" sizes=\"(max-width: 3102px) 100vw, 3102px\" \/><\/a><\/p>\r\n<p><strong>Cesta SaBaTu do Troje<\/strong> <br \/>\r\nZ\u00e1klad softballov\u00e9ho t\u00fdmu mu\u017e\u016f vznikl v\u00a0roce 1969, a\u00a0to\u00a0p\u0159i vysoko\u0161kolsk\u00e9m odd\u00edlu TJ Technika Praha strojn\u00ed. \u201eTento t\u00fdm se hned zapojil do sout\u011b\u017e\u00ed po\u0159\u00e1dan\u00fdch tehdej\u0161\u00edm svazem softballu a\u00a0baseballu. Na softballisty potom v\u00a070.&nbsp;letech nav\u00e1zaly \u017eeny a\u00a0netrvalo dlouho a\u00a0ob\u011b dv\u011b dru\u017estva se dostala a\u017e do nejvy\u0161\u0161\u00edch sout\u011b\u017e\u00ed,\u201c p\u0159ibli\u017euje za\u010d\u00e1tek trojsk\u00e9ho SaBaTu Jan M\u011b\u0159i\u010dka, kter\u00fd v\u00a0tomto klubu p\u016fsob\u00ed jako tren\u00e9r od roku 1988. Postupn\u011b se zm\u011bnil pom\u011br mezi studenty a\u00a0absolventy vysok\u00fdch \u0161kol a\u00a0tehdej\u0161\u00ed SaBaT se p\u0159ipojil k\u00a0jedn\u00e9 z\u00a0nejstar\u0161\u00edch pra\u017esk\u00fdch t\u011blov\u00fdchovn\u00fdch jednot\u00a0\u2013 Slavoj Praha&nbsp;7.<\/p>\r\n<p>Nejmlad\u0161\u00ed kapitola historie SaBaTu za\u010d\u00edn\u00e1 vznikem samostatn\u00e9ho sportovn\u00edho klubu. Ten byl \u201eznovuzalo\u017een\u201c na podzim roku 1992, kdy do\u0161lo k\u00a0podstatn\u00e9 zm\u011bn\u011b struktury cel\u00e9ho odd\u00edlu. Dal\u0161\u00ed v\u00fdznamnou ud\u00e1lost\u00ed v\u00a0historii organizace byl vznik baseballov\u00e9 v\u011btve, jej\u00ed\u017e z\u00e1klady polo\u017eili hr\u00e1\u010di rozpadaj\u00edc\u00edho se klubu KOVO. Druh\u00fdm miln\u00edkem klubu byla jasn\u011b dan\u00e1 orientace na ml\u00e1de\u017e. \u201ePostupn\u011b jsme zalo\u017eili nejen dorosteneck\u00e1 dru\u017estva, ale tak\u00e9 odd\u00edly kadet\u016f, \u017e\u00e1k\u016f a\u00a0\u017e\u00e1ky\u0148. N\u00e1r\u016fst \u010dlensk\u00e9 z\u00e1kladny si pak vy\u017e\u00e1dal zalo\u017een\u00ed B t\u00fdm\u016f,\u201c p\u0159ibli\u017euje Jan M\u011b\u0159i\u010dka.<\/p>\r\n<p>Za zm\u00ednku stoj\u00ed i\u00a0m\u00edsta, kde se dne\u0161n\u00ed SaBaT vyv\u00edjel. Softballist\u00e9 a\u00a0baseballist\u00e9 z\u00a0Troje jich za 50 let sv\u00e9ho p\u016fsoben\u00ed vyst\u0159\u00eddali hned n\u011bkolik. Jako ka\u017ed\u00fd pra\u017esk\u00fd odd\u00edl provozuj\u00edc\u00ed p\u00e1lka\u0159sk\u00e9 sporty se i\u00a0SaBaT v\u00a070.&nbsp;letech usadil na n\u011bjak\u00fd \u010das na\u00a0Letensk\u00e9 pl\u00e1ni. Pot\u00e9 n\u00e1sledoval velk\u00fd spartaki\u00e1dn\u00ed stadion na Strahov\u011b, na kter\u00fd v\u00a090.&nbsp;letech kr\u00e1tce nav\u00e1zala Z\u0160 \u017dernoseck\u00e1 v\u00a0Praze 8. Od roku 1987 je SaBaT napevno usazen v\u00a0Troji, nejd\u0159\u00edve na louce u\u00a0Kazanky (pl\u00e1\u017eov\u00e9 h\u0159i\u0161t\u011b) a\u00a0dnes u\u00a0Trojsk\u00e9ho mostu. \u201ePo povodn\u00edch v\u00a0srpnu 2002 to se softballem a\u00a0baseballem v\u00a0Troji vypadalo v\u0161elijak. Nab\u00edzelo se i\u00a0st\u011bhov\u00e1n\u00ed do zcela nov\u00e9ho \u00fato\u010di\u0161t\u011b. Cht\u011bl bych pod\u011bkovat v\u0161em, kte\u0159\u00ed n\u00e1m pomohli postavit SaBaT znovu na nohy,\u201c dod\u00e1v\u00e1 Jan M\u011b\u0159i\u010dka.<\/p>\r\n<p>Klub se py\u0161n\u00ed celou \u0159adou \u00fasp\u011bch\u016f. Jak t\u011bmi t\u00fdmov\u00fdmi\u00a0\u2013 softballistky hraj\u00ed dlouhodob\u011b prvn\u00ed i\u00a0druhou nejvy\u0161\u0161\u00ed sout\u011b\u017e a\u00a0baseballist\u00e9 druhou ligu, v\u00a0n\u00ed\u017e pravideln\u011b bojuj\u00ed o\u00a0postup do prvn\u00ed, tak t\u011bmi individu\u00e1ln\u00edmi. D\u016fle\u017eit\u00fdmi postavami \u010desk\u00e9ho (\u010deskoslovensk\u00e9ho) softballu a\u00a0baseballu, kter\u00e9 pat\u0159ily (a\u00a0nebo je\u0161t\u011b pat\u0159\u00ed) mezi trojsk\u00e9 v\u00e1le\u010dn\u00edky, jsou nap\u0159\u00edklad Krist\u00fdna Kalinov\u00e1, Helena Vavru\u0161ov\u00e1 nebo Janov\u00e9 M\u011b\u0159i\u010dka a\u00a0Z\u00e1kora. Za ty nejmlad\u0161\u00ed uve\u010fme Jitku Horovou, dlouholetou \u010deskou softballovou reprezentantku a\u00a0v\u00a0sou\u010dasnosti st\u00e1le aktivn\u00ed hr\u00e1\u010dku a\u00a0tren\u00e9rku, nebo Daniela Vavru\u0161u aktu\u00e1ln\u011b h\u00e1j\u00edc\u00edho barvy prvoligov\u00e9 Kotl\u00e1\u0159ky. Daniel Vavru\u0161a je nejen \u010desk\u00fdm baseballov\u00fdm reprezentantem a\u00a0v\u00edt\u011bzem \u010desk\u00e9 baseballov\u00e9 ligy, ale tak\u00e9 jedin\u00fdm \u010cechem, kter\u00fd podepsal smlouvu s\u00a0legend\u00e1rn\u00edmi New York Yankees z\u00a0nejslavn\u011bj\u0161\u00ed baseballov\u00e9 ligy sv\u011bta\u00a0\u2013 americk\u00e9 Major League Baseball.<\/p>\r\n<p>Softball a\u00a0baseball maj\u00ed v\u00a0\u010cesku zkr\u00e1tka bohatou tradici a\u00a0na sv\u00e9m kont\u011b \u0159adu v\u00fdznamn\u00fdch \u00fasp\u011bch\u016f. Nap\u0159\u00edklad mu\u017ei jsou \u00fa\u0159aduj\u00edc\u00edmi mistry Evropy (t\u0159ikr\u00e1t po sob\u011b) a\u00a0letos v\u00a0\u010dervnu se bude v\u00a0\u010cR konat softballov\u00e9 mistrovstv\u00ed sv\u011bta, a\u00a0to v\u016fbec poprv\u00e9 na star\u00e9m kontinent\u011b.<\/p>\r\n<hr \/>\r\n<p>Softball a\u00a0baseball v\u00a0Troji si svoji pades\u00e1tiletou historii p\u0159ipomene na Den d\u011bt\u00ed, tedy 1.&nbsp;\u010dervna. Na programu\u00a0budou nejen z\u00e1pasy, ale tak\u00e9 \u0159ada doprovodn\u00fdch aktivit pro d\u011bti i\u00a0dosp\u011bl\u00e9. Pokud m\u00e1te z\u00e1jem a\u00a0chu\u0165 u\u017e\u00edt si den\u00a0s\u00a0trojsk\u00fdmi v\u00e1le\u010dnicemi a\u00a0v\u00e1le\u010dn\u00edky, ur\u010dit\u011b p\u0159ij\u010fte.<\/p>\r\n<p>O\u00a0trojsk\u00e9m SaBaTu a\u00a0jeho aktivit\u00e1ch se m\u016f\u017eete\u00a0dozv\u011bd\u011bt v\u00edce na <a href=\"http:\/\/www.sabat.cz\">www.sabat.cz<\/a>.<\/p>\r\n<p><a href=\"https:\/\/www.praha7.cz\/50-narozeniny-sabatu\/clanek_sabat_vyber_6\/\" rel=\"attachment wp-att-26644\"><img loading=\"lazy\" src=\"https:\/\/www.praha7.cz\/wp-content\/uploads\/2019\/05\/Clanek_SaBaT_VYBER_6.jpg\" alt=\"\" width=\"1535\" height=\"1063\" class=\"alignnone wp-image-26644 size-full\" srcset=\"https:\/\/www.praha7.cz\/wp-content\/uploads\/2019\/05\/Clanek_SaBaT_VYBER_6.jpg 1535w, https:\/\/www.praha7.cz\/wp-content\/uploads\/2019\/05\/Clanek_SaBaT_VYBER_6-578x400.jpg 578w, https:\/\/www.praha7.cz\/wp-content\/uploads\/2019\/05\/Clanek_SaBaT_VYBER_6-768x532.jpg 768w, https:\/\/www.praha7.cz\/wp-content\/uploads\/2019\/05\/Clanek_SaBaT_VYBER_6-1444x1000.jpg 1444w\" sizes=\"(max-width: 1535px) 100vw, 1535px\" \/><\/a><\/p>\r\n<p>&nbsp;<\/p>","protected":false},"excerpt":{"rendered":"[perex] SaBaT \u2013 slovo, pod kter\u00fdm se ka\u017ed\u00e9mu vybav\u00ed n\u011bco jin\u00e9ho. N\u011bkoho\u00a0p\u0159epadnou my\u0161lenky na \u010darod\u011bjnice a\u00a0jejich ritu\u00e1ly, jin\u00fd se zasn\u00ed p\u0159i vzpom\u00ednce na tvrdou rockovou hudbu. Fanou\u0161ci a\u00a0hlavn\u011b hr\u00e1\u010dky a\u00a0hr\u00e1\u010di softballu a\u00a0baseballu v\u00a0\u010cesk\u00e9 republice ale budou m\u00edt hned jasno. SaBaT pro n\u011b znamen\u00e1 jedno \u2013 Softball a\u00a0Baseball Troja. Letos si tento tradi\u010dn\u00ed sportovn\u00ed klub z\u00a0Prahy&nbsp;7 [&hellip;]","protected":false},"author":76,"featured_media":26642,"comment_status":"closed","ping_status":"open","sticky":false,"template":"","format":"standard","meta":[],"categories":[37],"tags":[],"_links":{"self":[{"href":"https:\/\/www.praha7.cz\/api\/wp\/v2\/posts\/26641"}],"collection":[{"href":"https:\/\/www.praha7.cz\/api\/wp\/v2\/posts"}],"about":[{"href":"https:\/\/www.praha7.cz\/api\/wp\/v2\/types\/post"}],"author":[{"embeddable":true,"href":"https:\/\/www.praha7.cz\/api\/wp\/v2\/users\/76"}],"replies":[{"embeddable":true,"href":"https:\/\/www.praha7.cz\/api\/wp\/v2\/comments?post=26641"}],"version-history":[{"count":3,"href":"https:\/\/www.praha7.cz\/api\/wp\/v2\/posts\/26641\/revisions"}],"predecessor-version":[{"id":39823,"href":"https:\/\/www.praha7.cz\/api\/wp\/v2\/posts\/26641\/revisions\/39823"}],"wp:featuredmedia":[{"embeddable":true,"href":"https:\/\/www.praha7.cz\/api\/wp\/v2\/media\/26642"}],"wp:attachment":[{"href":"https:\/\/www.praha7.cz\/api\/wp\/v2\/media?parent=26641"}],"wp:term":[{"taxonomy":"category","embeddable":true,"href":"https:\/\/www.praha7.cz\/api\/wp\/v2\/categories?post=26641"},{"taxonomy":"post_tag","embeddable":true,"href":"https:\/\/www.praha7.cz\/api\/wp\/v2\/tags?post=26641"}],"curies":[{"name":"wp","href":"https:\/\/api.w.org\/{rel}","templated":true}]}}