    
{"id":26621,"date":"2019-05-27T13:17:01","date_gmt":"2019-05-27T11:17:01","guid":{"rendered":"https:\/\/www.praha7.cz\/?p=26621"},"modified":"2019-05-27T13:17:01","modified_gmt":"2019-05-27T11:17:01","slug":"kampan-pesky-do-skoly-2019-startuje","status":"publish","type":"post","link":"https:\/\/www.praha7.cz\/kampan-pesky-do-skoly-2019-startuje\/","title":{"rendered":"Kampa\u0148 P\u011b\u0161ky do \u0161koly 2019 startuje"},"content":{"rendered":"<p>[perex]<br \/>\r\nLetos v\u00a0z\u00e1\u0159\u00ed prob\u011bhne 2.&nbsp;ro\u010dn\u00edk kampan\u011b P\u011b\u0161ky do \u0161koly, kterou po\u0159\u00e1d\u00e1 organizace <a href=\"https:\/\/www.prazskematky.cz\">Pra\u017esk\u00e9 matky<\/a>. \u0160koly, jednotliv\u00e9 t\u0159\u00eddy i&nbsp;rodi\u010de se mohou k\u00a0\u00fa\u010dasti v&nbsp;kampani p\u0159ihl\u00e1sit ji\u017e nyn\u00ed. A&nbsp;pro\u010d? Proto\u017ee n\u011bkter\u00e9 v\u011bci za\u017eijete jen venku, kdy\u017e jdete spolu p\u011b\u0161ky, dr\u017e\u00edte se za ruku a&nbsp;m\u016f\u017eete si t\u0159eba pov\u00eddat. V\u017edy\u0165 spole\u010dn\u00e9ho \u010dasu je tak m\u00e1lo\u2026\u00a0<br \/>\r\n[\/perex]<br \/>\r\n<strong>Rann\u00ed ritu\u00e1l<\/strong><\/p>\r\n<p>Rann\u00ed provoz p\u0159ed \u0161kolami je pro d\u011bti nebezpe\u010dn\u00fd. Tvo\u0159\u00ed se zde kolony aut, sp\u011bchaj\u00edc\u00ed \u0159idi\u010di se sna\u017e\u00ed zaparkovat co nejbl\u00ed\u017ee ke \u0161koln\u00edm dve\u0159\u00edm, d\u011bti vyskakuj\u00ed mezi man\u00e9vruj\u00edc\u00ed auta. A&nbsp;p\u0159itom by sta\u010dilo jen m\u00e1lo, aby rann\u00ed ritu\u00e1l dostal zcela jin\u00fd rozm\u011br a&nbsp;cesta do \u0161koly se stala z\u00e1\u017eitkem, kdy rodi\u010d a&nbsp;d\u00edt\u011b mohou pro\u017e\u00edvat spole\u010dn\u00e9 chv\u00edle a&nbsp;sd\u00edlet radost z\u00a0ka\u017edodenn\u00edch mali\u010dkost\u00ed.<\/p>\r\n<p>Kampa\u0148 P\u011b\u0161ky do \u0161koly chce ve sv\u00e9m druh\u00e9m ro\u010dn\u00edku upozornit na to, \u017ee cesty do \u0161koly jsou nevyu\u017eitou p\u0159\u00edle\u017eitost\u00ed, jak b\u00fdt spolu, objevovat sv\u011bt a&nbsp;v\u00edce se h\u00fdbat.\u00a0\u201e<em>P\u011b\u0161\u00ed cesta do \u0161koly je v\u00fdborn\u00e1 v\u011bc. Pokud d\u00edt\u011b nejde samo, je to lep\u0161\u00ed pro vytv\u00e1\u0159en\u00ed vztah\u016f. Cestou sd\u00edl\u00ed, jak se p\u0159ede\u0161l\u00fd den m\u011blo a&nbsp;co ho \u010dek\u00e1. Je to cenn\u00fd ventil pocit\u016f a&nbsp;z\u00e1rove\u0148 sd\u00edlen\u00ed pro\u017eitk\u016f. Soci\u00e1ln\u00ed vztahy napom\u00e1haj\u00ed lep\u0161\u00edmu psychick\u00e9mu zdrav\u00ed d\u011bt\u00ed<\/em>,\u201c\u00a0\u0159\u00edk\u00e1 <strong>PhDr. Ilona \u0160pa\u0148helov\u00e1<\/strong>, <strong>d\u011btsk\u00e1 psycholo\u017eka<\/strong>, sama matka \u010dty\u0159 d\u011bt\u00ed.<\/p>\r\n<p>Celou tiskovou zpr\u00e1vu naleznete <a href=\"https:\/\/www.prazskematky.cz\/aktuality\/budes-se-mnou-chodit\/\">zde<\/a>.<\/p>\r\n<p>Kontakt:<br \/>\r\nBlanka Klime\u0161ov\u00e1<br \/>\r\nkoordin\u00e1torka projektu P\u011b\u0161ky do \u0161koly<br \/>\r\nblanka.klimesova@prazskematky.cz<br \/>\r\nTel.: 777&nbsp;813\u00a0934<\/p>","protected":false},"excerpt":{"rendered":"[perex] Letos v\u00a0z\u00e1\u0159\u00ed prob\u011bhne 2.&nbsp;ro\u010dn\u00edk kampan\u011b P\u011b\u0161ky do \u0161koly, kterou po\u0159\u00e1d\u00e1 organizace Pra\u017esk\u00e9 matky. \u0160koly, jednotliv\u00e9 t\u0159\u00eddy i&nbsp;rodi\u010de se mohou k\u00a0\u00fa\u010dasti v&nbsp;kampani p\u0159ihl\u00e1sit ji\u017e nyn\u00ed. A&nbsp;pro\u010d? Proto\u017ee n\u011bkter\u00e9 v\u011bci za\u017eijete jen venku, kdy\u017e jdete spolu p\u011b\u0161ky, dr\u017e\u00edte se za ruku a&nbsp;m\u016f\u017eete si t\u0159eba pov\u00eddat. V\u017edy\u0165 spole\u010dn\u00e9ho \u010dasu je tak m\u00e1lo\u2026\u00a0 [\/perex] Rann\u00ed ritu\u00e1l Rann\u00ed provoz [&hellip;]","protected":false},"author":97,"featured_media":26624,"comment_status":"closed","ping_status":"open","sticky":false,"template":"","format":"standard","meta":[],"categories":[34],"tags":[],"_links":{"self":[{"href":"https:\/\/www.praha7.cz\/api\/wp\/v2\/posts\/26621"}],"collection":[{"href":"https:\/\/www.praha7.cz\/api\/wp\/v2\/posts"}],"about":[{"href":"https:\/\/www.praha7.cz\/api\/wp\/v2\/types\/post"}],"author":[{"embeddable":true,"href":"https:\/\/www.praha7.cz\/api\/wp\/v2\/users\/97"}],"replies":[{"embeddable":true,"href":"https:\/\/www.praha7.cz\/api\/wp\/v2\/comments?post=26621"}],"version-history":[{"count":2,"href":"https:\/\/www.praha7.cz\/api\/wp\/v2\/posts\/26621\/revisions"}],"predecessor-version":[{"id":26632,"href":"https:\/\/www.praha7.cz\/api\/wp\/v2\/posts\/26621\/revisions\/26632"}],"wp:featuredmedia":[{"embeddable":true,"href":"https:\/\/www.praha7.cz\/api\/wp\/v2\/media\/26624"}],"wp:attachment":[{"href":"https:\/\/www.praha7.cz\/api\/wp\/v2\/media?parent=26621"}],"wp:term":[{"taxonomy":"category","embeddable":true,"href":"https:\/\/www.praha7.cz\/api\/wp\/v2\/categories?post=26621"},{"taxonomy":"post_tag","embeddable":true,"href":"https:\/\/www.praha7.cz\/api\/wp\/v2\/tags?post=26621"}],"curies":[{"name":"wp","href":"https:\/\/api.w.org\/{rel}","templated":true}]}}