    
{"id":26597,"date":"2019-05-27T10:46:34","date_gmt":"2019-05-27T08:46:34","guid":{"rendered":"https:\/\/www.praha7.cz\/?p=26597"},"modified":"2019-05-28T09:14:32","modified_gmt":"2019-05-28T07:14:32","slug":"dvoji-domov","status":"publish","type":"post","link":"https:\/\/www.praha7.cz\/dvoji-domov\/","title":{"rendered":"Dvoj\u00ed domov"},"content":{"rendered":"<p>Do \u010ceska p\u0159ijela za prac\u00ed, ale z\u00e1hy se zamilovala. \u201eSv\u00e9ho man\u017eela jsem potkala na autobusov\u00e9 zast\u00e1vce, kdy\u017e jsem se ho ptala na spoj. To bylo\u00a0v\u00a0roce 2007, pak jsem byla p\u0159es rok doma na Ukrajin\u011b a\u00a0on mi telefonoval, pos\u00edlal mi v\u011bci a\u00a0podporoval m\u011b,\u201c vzpom\u00edn\u00e1 na za\u010d\u00e1tek sv\u00e9ho vztahu Vasylyna Kofr\u00e1nkov\u00e1. S\u00a0Jarom\u00edrem\u00a0Kofr\u00e1nkem se nakonec vzali. Ministerstvu vnitra pak trvalo p\u0159es rok, ne\u017e posoudilo jej\u00ed \u017e\u00e1dost a\u00a0ud\u011blilo j\u00ed p\u0159echodn\u00fd pobyt. Po svatb\u011b bydleli man\u017eel\u00e9 na Letn\u00e9. Pan Kofr\u00e1nek ale koncem roku 2016 zem\u0159el a\u00a0pronaj\u00edmatelka nemovitosti se nav\u00edc rozhodla byt rekonstruovat pro vlastn\u00ed pot\u0159eby. Najednou toho bylo v\u0161eho moc\u00a0\u2013 smrt man\u017eela, akutn\u00ed nutnost hled\u00e1n\u00ed nov\u00e9ho bydlen\u00ed, vy\u0159izov\u00e1n\u00ed nejr\u016fzn\u011bj\u0161\u00edch formalit a\u00a0p\u00e9\u010de o\u00a0\u0161estn\u00e1ctilet\u00e9ho syna Romana.<\/p>\r\n<p>P\u0159esto\u017ee Vasylyna vl\u00e1dne \u010de\u0161tinou pom\u011brn\u011b dob\u0159e, jej\u00ed specifick\u00fd p\u0159\u00edzvuk se p\u0159i hled\u00e1n\u00ed nov\u00e9ho podn\u00e1jmu stal nep\u0159ekonatelnou p\u0159ek\u00e1\u017ekou. Nakonec se synem zakotvila v\u00a0obecn\u00edm soci\u00e1ln\u00edm byt\u011b azylov\u00e9ho domu. P\u011bna dn\u00ed zdaleka nevon\u011bla po \u0161ampa\u0148sk\u00e9m, b\u011bh \u010dasu se ale p\u0159eci jen ust\u00e1lil a\u00a0Vasylyna, p\u016fvodn\u011b vyu\u010den\u00e1 vlakov\u00e1 pr\u016fvod\u010d\u00ed, na\u0161la m\u00edsto v\u00a0kuchyni v\u00a0bistru na Letn\u00e9 a\u00a0zhruba po roce j\u00ed a\u00a0synovi p\u0159id\u011blila bytov\u00e1 komise radnice m\u011bstsk\u00fd byt.<\/p>\r\n<p>Od smrti man\u017eela pracuje pan\u00ed Kofr\u00e1nkov\u00e1 ji\u017e ve t\u0159et\u00edm ob\u010derstven\u00ed na Sedmi\u010dce. Minim\u00e1ln\u00ed mzda, dlouh\u00e9 sm\u011bny ani ned\u00e1vn\u00e1 h\u00e1dka s\u00a0kolegyn\u00ed kv\u016fli Vasylynin\u011b p\u016fvodu ji p\u0159esto nep\u0159ipravily o\u00a0pot\u011b\u0161en\u00ed z\u00a0drobn\u00fdch radost\u00ed: \u201eSe sousedkou si d\u00e1me kaf\u00ed\u010dko a\u00a0popov\u00edd\u00e1me si, zajdu se pod\u00edvat za man\u017eelem na h\u0159bitov, s\u00a0kamar\u00e1dem na proch\u00e1zku po okol\u00ed, p\u0159es internet sleduji ukrajinskou televizi,\u201c vypo\u010d\u00edt\u00e1v\u00e1 Vasylyna.<\/p>\r\n<p>V\u00e1lka su\u017euj\u00edc\u00ed Ukrajinu ji tr\u00e1p\u00ed, z\u00e1m\u011brn\u011b ale konflikt nesleduje. Je nav\u00edc daleko od jej\u00edho rodi\u0161t\u011b, kam jezd\u00ed tak dvakr\u00e1t do roka\u00a0\u2013 kdy\u017e j\u00ed to finance a\u00a0\u010dasov\u011b n\u00e1ro\u010dn\u00e1 pr\u00e1ce dovol\u00ed. S\u00a0domovinou je nad\u00e1le ve spojen\u00ed ale i\u00a0jinak. Kdykoliv m\u016f\u017ee, pos\u00edl\u00e1 do rodn\u00e9ho Kosivu v\u00a0Ivanofrankivsk\u00e9 oblasti n\u011bco na p\u0159ilep\u0161enou. \u201eJe pro m\u011b a\u017e nepochopiteln\u00e9, co v\u0161e se v\u00a0\u010cesku ji\u017e m\u00e1 za nepot\u0159ebn\u00e9 a\u00a0k\u00a0vyhozen\u00ed. Autobusem p\u0159itom m\u016f\u017eete na Ukrajinu poslat i\u00a0pra\u010dku.\u201c Svou pomoc ale nezam\u011b\u0159uje jen na v\u00fdchod, z\u00a0bistra nosila zbyl\u00e9 potraviny a\u00a0vy\u0159azen\u00e9 porce j\u00eddla bezdomovc\u016fm. \u201eM\u016f\u017eete b\u00fdt py\u0161n\u00ed na to,\u00a0jak u\u00a0v\u00e1s maj\u00ed mu\u017ei v\u00a0\u00fact\u011b \u017eeny. To my na\u00a0Ukrajin\u011b nezn\u00e1me. Ale ta spousta lid\u00ed \u017eij\u00edc\u00edch\u00a0na ulici, tomu nerozum\u00edm.\u201c<\/p>\r\n<p>Nejv\u00edce j\u00ed v\u00a0Praze chyb\u00ed \u010das. \u201ePracuji i\u00a0\u0161est dn\u00ed v\u00a0t\u00fddnu, tak\u017ee nechod\u00edm do kostela tak \u010dasto, jak bych cht\u011bla. Tak\u00e9 mi samoz\u0159ejm\u011b chyb\u011bj\u00ed n\u011bkter\u00e1 na\u0161e j\u00eddla, ale piro\u017eky nebo rybu po na\u0161em si uva\u0159\u00edm sama a\u00a0t\u0159eba vezmu sv\u00fdm p\u0159\u00e1tel\u016fm na zahr\u00e1dku. Jsou to vlastn\u011b sam\u00ed \u010ce\u0161i,\u201c uzav\u00edr\u00e1 Vasylyna. A\u00a0mo\u017en\u00e1 p\u0159ibudou i\u00a0dal\u0161\u00ed p\u0159\u00e1tel\u00e9\u00a0\u2013 letos toti\u017e Vasylyna pl\u00e1nuje kyp\u0159it z\u00e1honky tak\u00e9 na nedalek\u00e9 Prazelenin\u011b.\u00a0<\/p>","protected":false},"excerpt":{"rendered":"Do \u010ceska p\u0159ijela za prac\u00ed, ale z\u00e1hy se zamilovala. \u201eSv\u00e9ho man\u017eela jsem potkala na autobusov\u00e9 zast\u00e1vce, kdy\u017e jsem se ho ptala na spoj. To bylo\u00a0v\u00a0roce 2007, pak jsem byla p\u0159es rok doma na Ukrajin\u011b a\u00a0on mi telefonoval, pos\u00edlal mi v\u011bci a\u00a0podporoval m\u011b,\u201c vzpom\u00edn\u00e1 na za\u010d\u00e1tek sv\u00e9ho vztahu Vasylyna Kofr\u00e1nkov\u00e1. S\u00a0Jarom\u00edrem\u00a0Kofr\u00e1nkem se nakonec vzali. Ministerstvu vnitra [&hellip;]","protected":false},"author":76,"featured_media":26598,"comment_status":"closed","ping_status":"open","sticky":false,"template":"","format":"standard","meta":[],"categories":[37],"tags":[],"_links":{"self":[{"href":"https:\/\/www.praha7.cz\/api\/wp\/v2\/posts\/26597"}],"collection":[{"href":"https:\/\/www.praha7.cz\/api\/wp\/v2\/posts"}],"about":[{"href":"https:\/\/www.praha7.cz\/api\/wp\/v2\/types\/post"}],"author":[{"embeddable":true,"href":"https:\/\/www.praha7.cz\/api\/wp\/v2\/users\/76"}],"replies":[{"embeddable":true,"href":"https:\/\/www.praha7.cz\/api\/wp\/v2\/comments?post=26597"}],"version-history":[{"count":2,"href":"https:\/\/www.praha7.cz\/api\/wp\/v2\/posts\/26597\/revisions"}],"predecessor-version":[{"id":26600,"href":"https:\/\/www.praha7.cz\/api\/wp\/v2\/posts\/26597\/revisions\/26600"}],"wp:featuredmedia":[{"embeddable":true,"href":"https:\/\/www.praha7.cz\/api\/wp\/v2\/media\/26598"}],"wp:attachment":[{"href":"https:\/\/www.praha7.cz\/api\/wp\/v2\/media?parent=26597"}],"wp:term":[{"taxonomy":"category","embeddable":true,"href":"https:\/\/www.praha7.cz\/api\/wp\/v2\/categories?post=26597"},{"taxonomy":"post_tag","embeddable":true,"href":"https:\/\/www.praha7.cz\/api\/wp\/v2\/tags?post=26597"}],"curies":[{"name":"wp","href":"https:\/\/api.w.org\/{rel}","templated":true}]}}