    
{"id":26522,"date":"2019-05-23T14:11:57","date_gmt":"2019-05-23T12:11:57","guid":{"rendered":"https:\/\/www.praha7.cz\/?p=26522"},"modified":"2019-06-03T12:48:49","modified_gmt":"2019-06-03T10:48:49","slug":"altan-art-malujeme-pro-radost","status":"publish","type":"post","link":"https:\/\/www.praha7.cz\/altan-art-malujeme-pro-radost\/","title":{"rendered":"Alt\u00e1n Art \u2013 Malujeme pro radost"},"content":{"rendered":"<p>[perex]<\/p>\r\n<p>M\u011bstsk\u00e1 \u010d\u00e1st Praha&nbsp;7 v\u00e1s srde\u010dn\u011b zve na vernis\u00e1\u017e v\u00fdstavy obraz\u016f a&nbsp;kreseb amat\u00e9rsk\u00fdch um\u011blc\u016f z&nbsp;Kulturn\u011b komunitn\u00edho centra ART na Letn\u00e9 pod n\u00e1zvem &#8222;Malujeme pro radost&#8220;. Vernis\u00e1\u017e se kon\u00e1 ve st\u0159edu 5.&nbsp;\u010dervna 2019 v&nbsp;17.30 hod. v&nbsp;Galerii na \u00fa\u0159ad\u011b, n\u00e1b\u0159. Kpt. Jaro\u0161e 1000, Praha&nbsp;7.<\/p>\r\n<p>V r\u00e1mci programu vernis\u00e1\u017ee vystoup\u00ed amat\u00e9r\u0161t\u00ed um\u011blci z&nbsp;Kulturn\u011b komunitn\u00edho centra ART na Letn\u00e9.<\/p>\r\n<p>V\u00fdstava potrv\u00e1 do 28.&nbsp;6.&nbsp;2019.<\/p>\r\n<p>Vstup zdarma.<\/p>\r\n<p>[\/perex]<\/p>","protected":false},"excerpt":{"rendered":"[perex] M\u011bstsk\u00e1 \u010d\u00e1st Praha&nbsp;7 v\u00e1s srde\u010dn\u011b zve na vernis\u00e1\u017e v\u00fdstavy obraz\u016f a&nbsp;kreseb amat\u00e9rsk\u00fdch um\u011blc\u016f z&nbsp;Kulturn\u011b komunitn\u00edho centra ART na Letn\u00e9 pod n\u00e1zvem &#8222;Malujeme pro radost&#8220;. Vernis\u00e1\u017e se kon\u00e1 ve st\u0159edu 5.&nbsp;\u010dervna 2019 v&nbsp;17.30 hod. v&nbsp;Galerii na \u00fa\u0159ad\u011b, n\u00e1b\u0159. Kpt. Jaro\u0161e 1000, Praha&nbsp;7. V&nbsp;r\u00e1mci programu vernis\u00e1\u017ee vystoup\u00ed amat\u00e9r\u0161t\u00ed um\u011blci z&nbsp;Kulturn\u011b komunitn\u00edho centra ART na Letn\u00e9. [&hellip;]","protected":false},"author":97,"featured_media":26523,"comment_status":"closed","ping_status":"open","sticky":false,"template":"","format":"standard","meta":[],"categories":[34],"tags":[],"_links":{"self":[{"href":"https:\/\/www.praha7.cz\/api\/wp\/v2\/posts\/26522"}],"collection":[{"href":"https:\/\/www.praha7.cz\/api\/wp\/v2\/posts"}],"about":[{"href":"https:\/\/www.praha7.cz\/api\/wp\/v2\/types\/post"}],"author":[{"embeddable":true,"href":"https:\/\/www.praha7.cz\/api\/wp\/v2\/users\/97"}],"replies":[{"embeddable":true,"href":"https:\/\/www.praha7.cz\/api\/wp\/v2\/comments?post=26522"}],"version-history":[{"count":2,"href":"https:\/\/www.praha7.cz\/api\/wp\/v2\/posts\/26522\/revisions"}],"predecessor-version":[{"id":26875,"href":"https:\/\/www.praha7.cz\/api\/wp\/v2\/posts\/26522\/revisions\/26875"}],"wp:featuredmedia":[{"embeddable":true,"href":"https:\/\/www.praha7.cz\/api\/wp\/v2\/media\/26523"}],"wp:attachment":[{"href":"https:\/\/www.praha7.cz\/api\/wp\/v2\/media?parent=26522"}],"wp:term":[{"taxonomy":"category","embeddable":true,"href":"https:\/\/www.praha7.cz\/api\/wp\/v2\/categories?post=26522"},{"taxonomy":"post_tag","embeddable":true,"href":"https:\/\/www.praha7.cz\/api\/wp\/v2\/tags?post=26522"}],"curies":[{"name":"wp","href":"https:\/\/api.w.org\/{rel}","templated":true}]}}