    
{"id":26448,"date":"2019-05-21T15:44:24","date_gmt":"2019-05-21T13:44:24","guid":{"rendered":"https:\/\/www.praha7.cz\/?p=26448"},"modified":"2019-05-21T16:55:52","modified_gmt":"2019-05-21T14:55:52","slug":"vypadek-proudu-v-holesovicich","status":"publish","type":"post","link":"https:\/\/www.praha7.cz\/vypadek-proudu-v-holesovicich\/","title":{"rendered":"V\u00fdpadek proudu v&nbsp;Hole\u0161ovic\u00edch"},"content":{"rendered":"V Hole\u0161ovic\u00edch a&nbsp;na Mal\u00e9 Stran\u011b do\u0161lo k&nbsp;v\u00fdpadku proudu. P\u0159edpoklad opravy 16:45.","protected":false},"excerpt":{"rendered":"V Hole\u0161ovic\u00edch a&nbsp;na Mal\u00e9 Stran\u011b do\u0161lo k&nbsp;v\u00fdpadku proudu. P\u0159edpoklad opravy 16:45.","protected":false},"author":5,"featured_media":26059,"comment_status":"closed","ping_status":"open","sticky":false,"template":"","format":"standard","meta":[],"categories":[1],"tags":[],"_links":{"self":[{"href":"https:\/\/www.praha7.cz\/api\/wp\/v2\/posts\/26448"}],"collection":[{"href":"https:\/\/www.praha7.cz\/api\/wp\/v2\/posts"}],"about":[{"href":"https:\/\/www.praha7.cz\/api\/wp\/v2\/types\/post"}],"author":[{"embeddable":true,"href":"https:\/\/www.praha7.cz\/api\/wp\/v2\/users\/5"}],"replies":[{"embeddable":true,"href":"https:\/\/www.praha7.cz\/api\/wp\/v2\/comments?post=26448"}],"version-history":[{"count":1,"href":"https:\/\/www.praha7.cz\/api\/wp\/v2\/posts\/26448\/revisions"}],"predecessor-version":[{"id":26449,"href":"https:\/\/www.praha7.cz\/api\/wp\/v2\/posts\/26448\/revisions\/26449"}],"wp:featuredmedia":[{"embeddable":true,"href":"https:\/\/www.praha7.cz\/api\/wp\/v2\/media\/26059"}],"wp:attachment":[{"href":"https:\/\/www.praha7.cz\/api\/wp\/v2\/media?parent=26448"}],"wp:term":[{"taxonomy":"category","embeddable":true,"href":"https:\/\/www.praha7.cz\/api\/wp\/v2\/categories?post=26448"},{"taxonomy":"post_tag","embeddable":true,"href":"https:\/\/www.praha7.cz\/api\/wp\/v2\/tags?post=26448"}],"curies":[{"name":"wp","href":"https:\/\/api.w.org\/{rel}","templated":true}]}}