    
{"id":26409,"date":"2019-05-20T18:10:28","date_gmt":"2019-05-20T16:10:28","guid":{"rendered":"https:\/\/www.praha7.cz\/?p=26409"},"modified":"2019-05-27T11:26:49","modified_gmt":"2019-05-27T09:26:49","slug":"volby-do-evropskeho-parlamentu-2","status":"publish","type":"post","link":"https:\/\/www.praha7.cz\/volby-do-evropskeho-parlamentu-2\/","title":{"rendered":"Volby do Evropsk\u00e9ho parlamentu"},"content":{"rendered":"<p>[perex]<\/p>\r\n<p>Volby do Evropsk\u00e9ho parlamentu se uskute\u010dn\u00ed ve dnech 24.\u00a0a\u00a025.\u00a0kv\u011btna 2019. V\u00edce informac\u00ed k\u00a0volb\u00e1m naleznete <a href=\"https:\/\/www.praha7.cz\/potrebuji-zaridit\/volby\/\">pod t\u00edmto odkazem<\/a>.\u00a0<\/p>\r\n<p>[\/perex]<\/p>\r\n<p>Pokud se voli\u010d ze z\u00e1va\u017en\u00fdch, zejm\u00e9na zdravotn\u00edch d\u016fvod\u016f nem\u016f\u017ee dostavit do volebn\u00ed m\u00edstnosti, m\u00e1 mo\u017enost po\u017e\u00e1dat o&nbsp;p\u0159enosnou volebn\u00ed schr\u00e1nku, kterou ve dnech voleb donesou \u010dlenov\u00e9 komise k&nbsp;n\u011bmu do bytu. N\u00e1v\u0161t\u011bvu komise lze objednat na tel. \u010d\u00edslech: 603&nbsp;863&nbsp;878, 778&nbsp;110&nbsp;017, a&nbsp;to i&nbsp;b\u011bhem volebn\u00edch dn\u016f.<\/p>","protected":false},"excerpt":{"rendered":"[perex] Volby do Evropsk\u00e9ho parlamentu se uskute\u010dn\u00ed ve dnech 24.\u00a0a\u00a025.\u00a0kv\u011btna 2019. V\u00edce informac\u00ed k\u00a0volb\u00e1m naleznete pod t\u00edmto odkazem.\u00a0 [\/perex] Pokud se voli\u010d ze z\u00e1va\u017en\u00fdch, zejm\u00e9na zdravotn\u00edch d\u016fvod\u016f nem\u016f\u017ee dostavit do volebn\u00ed m\u00edstnosti, m\u00e1 mo\u017enost po\u017e\u00e1dat o&nbsp;p\u0159enosnou volebn\u00ed schr\u00e1nku, kterou ve dnech voleb donesou \u010dlenov\u00e9 komise k&nbsp;n\u011bmu do bytu. N\u00e1v\u0161t\u011bvu komise lze objednat na tel. \u010d\u00edslech: [&hellip;]","protected":false},"author":5,"featured_media":18066,"comment_status":"closed","ping_status":"open","sticky":false,"template":"","format":"standard","meta":[],"categories":[34],"tags":[],"_links":{"self":[{"href":"https:\/\/www.praha7.cz\/api\/wp\/v2\/posts\/26409"}],"collection":[{"href":"https:\/\/www.praha7.cz\/api\/wp\/v2\/posts"}],"about":[{"href":"https:\/\/www.praha7.cz\/api\/wp\/v2\/types\/post"}],"author":[{"embeddable":true,"href":"https:\/\/www.praha7.cz\/api\/wp\/v2\/users\/5"}],"replies":[{"embeddable":true,"href":"https:\/\/www.praha7.cz\/api\/wp\/v2\/comments?post=26409"}],"version-history":[{"count":4,"href":"https:\/\/www.praha7.cz\/api\/wp\/v2\/posts\/26409\/revisions"}],"predecessor-version":[{"id":26563,"href":"https:\/\/www.praha7.cz\/api\/wp\/v2\/posts\/26409\/revisions\/26563"}],"wp:featuredmedia":[{"embeddable":true,"href":"https:\/\/www.praha7.cz\/api\/wp\/v2\/media\/18066"}],"wp:attachment":[{"href":"https:\/\/www.praha7.cz\/api\/wp\/v2\/media?parent=26409"}],"wp:term":[{"taxonomy":"category","embeddable":true,"href":"https:\/\/www.praha7.cz\/api\/wp\/v2\/categories?post=26409"},{"taxonomy":"post_tag","embeddable":true,"href":"https:\/\/www.praha7.cz\/api\/wp\/v2\/tags?post=26409"}],"curies":[{"name":"wp","href":"https:\/\/api.w.org\/{rel}","templated":true}]}}