    
{"id":26284,"date":"2019-05-15T12:09:18","date_gmt":"2019-05-15T10:09:18","guid":{"rendered":"https:\/\/www.praha7.cz\/?p=26284"},"modified":"2019-05-15T12:14:05","modified_gmt":"2019-05-15T10:14:05","slug":"setkani-volme-spolecne-k-volbam-do-evropskeho-parlamentu","status":"publish","type":"post","link":"https:\/\/www.praha7.cz\/setkani-volme-spolecne-k-volbam-do-evropskeho-parlamentu\/","title":{"rendered":"Setk\u00e1n\u00ed Volme spole\u010dn\u011b! k&nbsp;volb\u00e1m do Evropsk\u00e9ho parlamentu"},"content":{"rendered":"<p>[perex]<\/p>\r\n<p>Spole\u010dnost pro podporu lid\u00ed s&nbsp;ment\u00e1ln\u00edm posti\u017een\u00edm v&nbsp;\u010cR, z.s., pom\u00e1h\u00e1 lidem s&nbsp;ment\u00e1ln\u00edm\u00a0hendikepem p\u0159ipravit se na \u00fa\u010dast v&nbsp;nadch\u00e1zej\u00edc\u00edch volb\u00e1ch do Evropsk\u00e9ho parlamentu. Ve spolupr\u00e1ci s&nbsp;organizac\u00ed Quip po\u0159\u00e1d\u00e1 <strong>ve st\u0159edu 16.&nbsp;kv\u011btna 2019 od 14:30 hodin <\/strong>ve\u0159ejn\u00e9 setk\u00e1n\u00ed ve Vod\u00e1rensk\u00e9 v\u011b\u017ei na Letn\u00e9 pod\u00a0n\u00e1zvem\u00a0<strong>Volme spole\u010dn\u011b!<\/strong> \u00da\u010dastn\u00edci se na n\u011bm dozv\u00ed o&nbsp;volb\u00e1ch v\u0161e podstatn\u00e9: kdy se volby konaj\u00ed, pro\u010d do EP volit, s\u00a0jak\u00fdmi programy jednotliv\u00e9 \u010desk\u00e9 politick\u00e9 strany kandiduj\u00ed a&nbsp;jak prakticky volit \u2013 krok za krokem.\u00a0<\/p>\r\n<p>[\/perex]<\/p>\r\n<p>Velk\u00e1 \u010d\u00e1st lid\u00ed s\u00a0ment\u00e1ln\u00edm posti\u017een\u00edm nen\u00ed nijak omezena na pr\u00e1vu volit sv\u00e9 z\u00e1stupce do org\u00e1n\u016f ve\u0159ejn\u00e9 spr\u00e1vy a&nbsp;budou tedy moci volit tak\u00e9 ve volb\u00e1ch do Evropsk\u00e9ho parlamentu 24.\u00a0\u2013\u00a025.&nbsp;kv\u011btna 2019. Tradi\u010dn\u011b jim p\u0159i uplat\u0148ov\u00e1n\u00ed tohoto pr\u00e1va pom\u00e1h\u00e1 <a href=\"http:\/\/www.spmpcr.cz\/\">Spole\u010dnost pro podporu lid\u00ed s\u00a0ment\u00e1ln\u00edm posti\u017een\u00edm<\/a>.<\/p>\r\n<p><strong>Let\u00e1ky nau\u010d\u00ed voli\u010de jak na to<\/strong><br \/>\r\nJi\u017e podruh\u00e9 bude ve\u0159ejnosti k\u00a0dispozici praktick\u00fd let\u00e1k, kter\u00fd voli\u010de n\u00e1zorn\u011b provede cel\u00fdm procesem volby &#8211; <a href=\"https:\/\/www.praha7.cz\/wp-content\/uploads\/2019\/05\/jak_se_hlasuje_do_evropskeho_parlamentu.pdf\">Jak se hlasuje do Evropsk\u00e9ho parlamentu<\/a>. Form\u00e1t snadn\u00e9ho \u010dten\u00ed pou\u017e\u00edv\u00e1 zjednodu\u0161en\u00e9 a\u00a0jednozna\u010dn\u00e9 formulace, d\u00edky kter\u00fdm jsou texty p\u0159\u00edstupn\u011bj\u0161\u00ed lidem s\u00a0ment\u00e1ln\u00edm posti\u017een\u00edm. Je to ov\u011b\u0159en\u00fd a&nbsp;efektivn\u00ed zp\u016fsob, jak lidem s\u00a0ment\u00e1ln\u00edmi hendikepy usnadnit orientaci v\u00a0p\u00edsemn\u00fdch dokumentech. Materi\u00e1l p\u0159ipravila organizace spole\u010dn\u011b s\u00a0Ministerstvem vnitra \u010cesk\u00e9 republiky.<\/p>\r\n<p>\u201e<em>Na podobnou iniciativu, kterou jsme p\u0159ipravili k\u00a0lo\u0148sk\u00fdm volb\u00e1m do obecn\u00edch zastupitelstev a&nbsp;do Sen\u00e1tu, jsme m\u011bli velmi dobr\u00e9 ohlasy<\/em>,\u201c\u00a0uvedla <strong>Camille Latimier, \u0159editelka SPMP \u010cR<\/strong>.\u00a0\u201c<em>Zjistili jsme ale, \u017ee mnoho voli\u010d\u016f by si r\u00e1do proces voleb vyzkou\u0161elo nane\u010disto. Letos jim proto vych\u00e1z\u00edme vst\u0159\u00edc.<\/em>\u201c<\/p>\r\n<p>Co se bude na setk\u00e1n\u00ed Volme spole\u010dn\u011b! d\u00edt a&nbsp;co se dozv\u00edte:\u00a0<\/p>\r\n<ul>\r\n\t<li>Jak podpo\u0159it ob\u010dany s&nbsp;posti\u017een\u00edm v&nbsp;du\u0161evn\u00ed oblasti ve v\u00fdkonu volebn\u00edho pr\u00e1va?<\/li>\r\n\t<li>Kdy se konaj\u00ed volby do Evropsk\u00e9ho parlamentu?<\/li>\r\n\t<li>Pro\u010d volit do Evropsk\u00e9ho parlamentu?<\/li>\r\n\t<li>O \u010dem Evropsk\u00fd parlament rozhoduje?<\/li>\r\n\t<li>Kdo kandiduje a&nbsp;kde najdete jejich programy?<\/li>\r\n\t<li>Na co nezapomenout v&nbsp;den voleb?<\/li>\r\n\t<li>Budete se moct p\u0159ipojit k&nbsp;v\u00fdzv\u011b politick\u00fdm stran\u00e1m a&nbsp;hnut\u00edm, aby sv\u00e9 programy p\u0159ipravovaly do budoucna v\u010das a&nbsp;ve form\u00e1tu tzv. snadn\u00e9ho \u010dten\u00ed.<\/li>\r\n\t<li>Budete m\u00edt mo\u017enost vyzkou\u0161et si volby na ne\u010disto a&nbsp;otestovat si svoje znalosti.\u00a0<\/li>\r\n<\/ul>\r\n<p>Na setk\u00e1n\u00ed Volme spole\u010dn\u011b! se lze p\u0159ihl\u00e1sit <a href=\"https:\/\/docs.google.com\/forms\/d\/e\/1FAIpQLSfWp850tPDH8s8YRzp8x8ikUFv1iu25S50RheOyC9QftWfpwQ\/viewform\">zde<\/a>.<\/p>\r\n<p>Akce se z\u00fa\u010dastn\u00ed\u00a0\u010dlenka Rady hl. m. Prahy pro oblast soci\u00e1ln\u00ed politiky a&nbsp;zdravotnictv\u00ed Mgr. Milena Johnov\u00e1.<\/p>\r\n<p>Pozv\u00e1nka <a href=\"http:\/\/www.helpnet.cz\/sites\/default\/files\/volme_spolecne.pdf\">Volme spole\u010dn\u011b!<\/a><\/p>","protected":false},"excerpt":{"rendered":"[perex] Spole\u010dnost pro podporu lid\u00ed s&nbsp;ment\u00e1ln\u00edm posti\u017een\u00edm v&nbsp;\u010cR, z.s., pom\u00e1h\u00e1 lidem s&nbsp;ment\u00e1ln\u00edm\u00a0hendikepem p\u0159ipravit se na \u00fa\u010dast v&nbsp;nadch\u00e1zej\u00edc\u00edch volb\u00e1ch do Evropsk\u00e9ho parlamentu. Ve spolupr\u00e1ci s&nbsp;organizac\u00ed Quip po\u0159\u00e1d\u00e1 ve st\u0159edu 16.&nbsp;kv\u011btna 2019 od 14:30 hodin ve\u0159ejn\u00e9 setk\u00e1n\u00ed ve Vod\u00e1rensk\u00e9 v\u011b\u017ei na Letn\u00e9 pod\u00a0n\u00e1zvem\u00a0Volme spole\u010dn\u011b! \u00da\u010dastn\u00edci se na n\u011bm dozv\u00ed o&nbsp;volb\u00e1ch v\u0161e podstatn\u00e9: kdy se volby konaj\u00ed, pro\u010d [&hellip;]","protected":false},"author":97,"featured_media":26295,"comment_status":"closed","ping_status":"open","sticky":false,"template":"","format":"standard","meta":[],"categories":[34],"tags":[],"_links":{"self":[{"href":"https:\/\/www.praha7.cz\/api\/wp\/v2\/posts\/26284"}],"collection":[{"href":"https:\/\/www.praha7.cz\/api\/wp\/v2\/posts"}],"about":[{"href":"https:\/\/www.praha7.cz\/api\/wp\/v2\/types\/post"}],"author":[{"embeddable":true,"href":"https:\/\/www.praha7.cz\/api\/wp\/v2\/users\/97"}],"replies":[{"embeddable":true,"href":"https:\/\/www.praha7.cz\/api\/wp\/v2\/comments?post=26284"}],"version-history":[{"count":8,"href":"https:\/\/www.praha7.cz\/api\/wp\/v2\/posts\/26284\/revisions"}],"predecessor-version":[{"id":26296,"href":"https:\/\/www.praha7.cz\/api\/wp\/v2\/posts\/26284\/revisions\/26296"}],"wp:featuredmedia":[{"embeddable":true,"href":"https:\/\/www.praha7.cz\/api\/wp\/v2\/media\/26295"}],"wp:attachment":[{"href":"https:\/\/www.praha7.cz\/api\/wp\/v2\/media?parent=26284"}],"wp:term":[{"taxonomy":"category","embeddable":true,"href":"https:\/\/www.praha7.cz\/api\/wp\/v2\/categories?post=26284"},{"taxonomy":"post_tag","embeddable":true,"href":"https:\/\/www.praha7.cz\/api\/wp\/v2\/tags?post=26284"}],"curies":[{"name":"wp","href":"https:\/\/api.w.org\/{rel}","templated":true}]}}