    
{"id":26218,"date":"2019-05-14T13:31:24","date_gmt":"2019-05-14T11:31:24","guid":{"rendered":"https:\/\/www.praha7.cz\/?p=26218"},"modified":"2019-05-14T13:31:31","modified_gmt":"2019-05-14T11:31:31","slug":"noc-kostelu-2019-na-sedmicce","status":"publish","type":"post","link":"https:\/\/www.praha7.cz\/noc-kostelu-2019-na-sedmicce\/","title":{"rendered":"Noc kostel\u016f 2019 na Sedmi\u010dce"},"content":{"rendered":"<p>[perex]<\/p>\r\n<p>Tradi\u010dn\u00ed\u00a0<a href=\"https:\/\/www.nockostelu.cz\/\">Noc kostel\u016f<\/a>, p\u0159i kter\u00e9 se kostely otev\u0159ou ve\u0159ejnosti, bude prob\u00edhat v&nbsp;p\u00e1tek 24.&nbsp;kv\u011btna 2019.\u00a0Program u&nbsp;sv. Anton\u00edna za\u010dne po m\u0161i svat\u00e9 a&nbsp;skon\u010d\u00ed a\u017e o&nbsp;p\u016flnoci. N\u00e1v\u0161t\u011bvn\u00edci budou m\u00edt jedine\u010dnou p\u0159\u00edle\u017eitost vystoupat do kosteln\u00edch v\u011b\u017e\u00ed &#8211; \u010di nap\u0159\u00edklad vhodit svou prosbu do p\u0159ipraven\u00e9 schr\u00e1nky v&nbsp;r\u00e1mci Po\u0161ty do nebe. Program u&nbsp;sv. Klimenta je pl\u00e1nov\u00e1n od 18:00 do 22:00 hodin a&nbsp;bude v\u00edce zam\u011b\u0159en na d\u011bti.<\/p>\r\n<p>[\/perex]<\/p>\r\n<h3>Kostel sv. Anton\u00edna Padu\u00e1nsk\u00e9ho, Strossmayerovo n\u00e1m\u011bst\u00ed<\/h3>\r\n<p><strong>Program:<\/strong><\/p>\r\n<p><strong>18:00 &#8211; 18:45 M\u0161e svat\u00e1<\/strong><br \/>\r\n<strong>19:00 &#8211; 22:00 V\u00fdstup do v\u011b\u017e\u00ed<\/strong>\u00a0vzh\u016fru a\u017e ke zvon\u016fm<br \/>\r\n<strong>20:00 &#8211; 20:30 Proch\u00e1zka kostelem<\/strong>\u00a0uveden\u00ed do liturgick\u00e9ho prostoru aneb Co v&nbsp;kostele najdete a&nbsp;k&nbsp;\u010demu to je?<br \/>\r\n<strong>21:30 &#8211; 22:00 Co v\u0161e najdete v&nbsp;kostele?<\/strong>\u00a0uveden\u00ed do liturgick\u00e9ho prostoru<br \/>\r\n<strong>23:30 &#8211; 00:00 Adorace p\u0159ed Nejsv\u011bt\u011bj\u0161\u00ed sv\u00e1tost\u00ed\u00a0<\/strong>motlitba pro ka\u017ed\u00e9ho, prostor pro ticho<\/p>\r\n<p><strong>Celove\u010dern\u00ed program:<\/strong><\/p>\r\n<p><strong>Po\u0161ta do nebe<\/strong>\u00a0<br \/>\r\nPo cel\u00fd ve\u010der budete moci vhodit do schr\u00e1nky um\u00edst\u011bn\u00e9 v&nbsp;kostele sv\u00e1 pod\u011bkov\u00e1n\u00ed a&nbsp;prosby k&nbsp;Bohu<\/p>\r\n<p><strong>Setk\u00e1n\u00ed s&nbsp;kn\u011bzem\u00a0<\/strong><br \/>\r\nP\u0159\u00edle\u017eitost k&nbsp;setk\u00e1n\u00ed a&nbsp;rozhovoru s&nbsp;kn\u011bzem<\/p>\r\n<p>V\u00edce informac\u00ed <a href=\"https:\/\/www.nockostelu.cz\/kostel\/202\/\">Noc kostel\u016f &#8211; Sv. Anton\u00edn<\/a>.<\/p>\r\n<h3>Kostel sv. Klimenta, Kosteln\u00ed<\/h3>\r\n<p><strong>Program:<\/strong><\/p>\r\n<p><strong>18:00 &#8211; 20:00 Na h\u0159bitov\u011b to \u017eije!<\/strong>\u00a0Program pro d\u011bti<\/p>\r\n<ul>\r\n\t<li>hr\u00e1tky pro d\u011bti<\/li>\r\n\t<li>po roce op\u011bt rozkvete vz\u00e1cn\u00fd Klimentovn\u00edk<\/li>\r\n\t<li>a mo\u017en\u00e1 p\u0159ilet\u00ed i&nbsp;v\u010dely<\/li>\r\n<\/ul>\r\n<p><strong>19:00 &#8211; 19:30 Sezn\u00e1men\u00ed s&nbsp;histori\u00ed<\/strong> Prohl\u00eddka kostela s&nbsp;v\u00fdkladem<br \/>\r\n<strong>19:30 &#8211; 22:00 Mo\u017enost prohl\u00eddky kostela<\/strong><\/p>\r\n<p>V\u00edce informac\u00ed\u00a0<a href=\"https:\/\/www.nockostelu.cz\/kostel\/1425\/\">Noc kostel\u016f &#8211; Sv. Kliment<\/a>.<\/p>\r\n<p>Kontaktn\u00ed osoba: Jan Beran &#8211; email: jberan@upcmail.cz<\/p>\r\n<p><a href=\"https:\/\/www.praha7.cz\/wp-content\/uploads\/2019\/05\/Noc_kostelu_Praha_2019.pdf\">Pra\u017esk\u00e1 bro\u017eurka<\/a> s&nbsp;mapou p\u0159ihl\u00e1\u0161en\u00fdch kostel\u016f a&nbsp;s&nbsp;jejich programy.<\/p>\r\n<p>Facebook <a href=\"https:\/\/www.facebook.com\/nockostelu\">Noc kostel\u016f<\/a>\u00a0<\/p>\r\n<p><iframe loading=\"lazy\" width=\"560\" height=\"314\" src=\"\/\/www.youtube.com\/embed\/j1O2uCRIyUE\" allowfullscreen=\"allowfullscreen\"><\/iframe><\/p>","protected":false},"excerpt":{"rendered":"[perex] Tradi\u010dn\u00ed\u00a0Noc kostel\u016f, p\u0159i kter\u00e9 se kostely otev\u0159ou ve\u0159ejnosti, bude prob\u00edhat v&nbsp;p\u00e1tek 24.&nbsp;kv\u011btna 2019.\u00a0Program u&nbsp;sv. Anton\u00edna za\u010dne po m\u0161i svat\u00e9 a&nbsp;skon\u010d\u00ed a\u017e o&nbsp;p\u016flnoci. N\u00e1v\u0161t\u011bvn\u00edci budou m\u00edt jedine\u010dnou p\u0159\u00edle\u017eitost vystoupat do kosteln\u00edch v\u011b\u017e\u00ed &#8211; \u010di nap\u0159\u00edklad vhodit svou prosbu do p\u0159ipraven\u00e9 schr\u00e1nky v&nbsp;r\u00e1mci Po\u0161ty do nebe. Program u&nbsp;sv. Klimenta je pl\u00e1nov\u00e1n od 18:00 do 22:00 hodin [&hellip;]","protected":false},"author":97,"featured_media":26219,"comment_status":"closed","ping_status":"open","sticky":false,"template":"","format":"standard","meta":[],"categories":[34],"tags":[],"_links":{"self":[{"href":"https:\/\/www.praha7.cz\/api\/wp\/v2\/posts\/26218"}],"collection":[{"href":"https:\/\/www.praha7.cz\/api\/wp\/v2\/posts"}],"about":[{"href":"https:\/\/www.praha7.cz\/api\/wp\/v2\/types\/post"}],"author":[{"embeddable":true,"href":"https:\/\/www.praha7.cz\/api\/wp\/v2\/users\/97"}],"replies":[{"embeddable":true,"href":"https:\/\/www.praha7.cz\/api\/wp\/v2\/comments?post=26218"}],"version-history":[{"count":13,"href":"https:\/\/www.praha7.cz\/api\/wp\/v2\/posts\/26218\/revisions"}],"predecessor-version":[{"id":26235,"href":"https:\/\/www.praha7.cz\/api\/wp\/v2\/posts\/26218\/revisions\/26235"}],"wp:featuredmedia":[{"embeddable":true,"href":"https:\/\/www.praha7.cz\/api\/wp\/v2\/media\/26219"}],"wp:attachment":[{"href":"https:\/\/www.praha7.cz\/api\/wp\/v2\/media?parent=26218"}],"wp:term":[{"taxonomy":"category","embeddable":true,"href":"https:\/\/www.praha7.cz\/api\/wp\/v2\/categories?post=26218"},{"taxonomy":"post_tag","embeddable":true,"href":"https:\/\/www.praha7.cz\/api\/wp\/v2\/tags?post=26218"}],"curies":[{"name":"wp","href":"https:\/\/api.w.org\/{rel}","templated":true}]}}