    
{"id":26188,"date":"2019-05-13T14:55:11","date_gmt":"2019-05-13T12:55:11","guid":{"rendered":"https:\/\/www.praha7.cz\/?p=26188"},"modified":"2019-05-13T14:57:21","modified_gmt":"2019-05-13T12:57:21","slug":"zamestnanci-prazskych-skol-dostanou-pridano-hlavni-mesto-letos-na-jejich-platy-venuje-navic-miliardu-korun","status":"publish","type":"post","link":"https:\/\/www.praha7.cz\/zamestnanci-prazskych-skol-dostanou-pridano-hlavni-mesto-letos-na-jejich-platy-venuje-navic-miliardu-korun\/","title":{"rendered":"Zam\u011bstnanci pra\u017esk\u00fdch \u0161kol dostanou p\u0159id\u00e1no, hlavn\u00ed m\u011bsto letos na jejich platy v\u011bnuje nav\u00edc miliardu korun"},"content":{"rendered":"<p>[perex]<\/p>\r\n<p>Pra\u017e\u0161t\u00ed radn\u00ed dnes schv\u00e1lili nav\u00fd\u0161en\u00ed mezd u\u010ditel\u016fm a&nbsp;zam\u011bstnanc\u016fm \u0161kol pro rok 2019 o&nbsp;dal\u0161\u00edch 300 milion\u016f korun. Celkem tak Praha letos p\u0159id\u00e1 na platy ve \u0161kolstv\u00ed nad r\u00e1mec pen\u011bz od Ministerstva \u0161kolstv\u00ed 1\u00a0miliardu korun. Pen\u00edze m\u011bsto \u0161kol\u00e1m po\u0161le ve dvou \u010d\u00e1stech \u2013 v\u00a0srpnu a&nbsp;listopadu. U\u010ditel\u016fm je \u0159editel\u00e9 vyplat\u00ed n\u00e1sledn\u011b.<\/p>\r\n<p>[\/perex]<\/p>\r\n<p>Pra\u017e\u0161t\u00ed radn\u00ed dnes schv\u00e1lili nav\u00fd\u0161en\u00ed mezd u\u010ditel\u016fm a&nbsp;zam\u011bstnanc\u016fm \u0161kol pro rok 2019 o&nbsp;dal\u0161\u00edch 300 milion\u016f korun. Celkem tak Praha letos p\u0159id\u00e1 na platy ve \u0161kolstv\u00ed nad r\u00e1mec pen\u011bz od Ministerstva \u0161kolstv\u00ed 1\u00a0miliardu korun. Pen\u00edze m\u011bsto \u0161kol\u00e1m po\u0161le ve dvou \u010d\u00e1stech \u2013 v\u00a0srpnu a&nbsp;listopadu. U\u010ditel\u016fm je \u0159editel\u00e9 vyplat\u00ed n\u00e1sledn\u011b.<\/p>\r\n<p><em>\u201e\u0160kolstv\u00ed je pro pra\u017eskou koalici absolutn\u00ed prioritou a&nbsp;na rozd\u00edl od koalice vl\u00e1dn\u00ed to ukazujeme i&nbsp;v\u00a0rozpo\u010dtu. Spole\u010dn\u011b s\u00a0radn\u00edm Z\u00e1bransk\u00fdm p\u0159ipravujeme dal\u0161\u00ed m\u011bstsk\u00e9 byty pro mlad\u00e9 u\u010ditele, vy\u010dle\u0148ujeme zvl\u00e1\u0161\u0165 i&nbsp;prost\u0159edky na vzd\u011bl\u00e1v\u00e1n\u00ed pedagog\u016f. V\u00a0pra\u017esk\u00e9m \u0161kolstv\u00ed letos za\u010d\u00edn\u00e1me mnoh\u00e9 m\u011bnit \u2013 posilujeme nap\u0159\u00edklad metropolitn\u00ed program v\u00fduky ciz\u00edch jazyk\u016f rodil\u00fdmi mluv\u010d\u00edmi, chceme financovat u\u017e od prvn\u00edho stupn\u011b v\u00fduku programov\u00e1n\u00ed. Z\u00e1kladem jsou ale st\u00e1le d\u016fstojn\u00e9 platy pro pracovn\u00edky ve \u0161kolstv\u00ed. \u017d\u00e1k toti\u017e m\u016f\u017ee b\u00fdt jen tak dobr\u00fd, jako je jeho u\u010ditel,\u201c<\/em> \u0159ekl <em><strong>r<\/strong><strong>adn\u00ed pro \u0161kolstv\u00ed V\u00edt \u0160imral<\/strong><\/em>.<\/p>\r\n<p><em>\u201eMinisterstvo \u0161kolstv\u00ed paradoxn\u011b p\u0159i rozd\u011blov\u00e1n\u00ed pen\u011bz na platy nedostate\u010dn\u011b zohled\u0148uje mezikrajov\u00e9 rozd\u00edly v\u00a0platov\u00e9 hladin\u011b. To bohu\u017eel ovlivnit nem\u016f\u017eeme, sna\u017e\u00edme se proto neveselou situaci u\u010ditel\u016f v&nbsp;Praze \u0159e\u0161it zodpov\u011bdn\u011b sami. V\u011b\u0159\u00edme ale, \u017ee si vl\u00e1da co nejd\u0159\u00edve uv\u011bdom\u00ed v\u00fdznam vzd\u011bl\u00e1v\u00e1n\u00ed pro \u00fasp\u011b\u0161nou budoucnost \u010ceska tak, jako si ho uv\u011bdomujeme my,&#8220;<\/em> dodal <em><strong>prim\u00e1tor Zden\u011bk H\u0159ib<\/strong><\/em>.<\/p>\r\n<p>V\u00a0lo\u0148sk\u00e9m roce Praha p\u0159idala na platy u\u010ditel\u016f 600 milion\u016f korun. Ke 100 milion\u016fm schv\u00e1len\u00fdm pro zam\u011bstnance \u0161koln\u00edch j\u00eddelen v\u00a0rozpo\u010dtu na leto\u0161ek nyn\u00ed radn\u00ed p\u0159idali dal\u0161\u00edch 300 milion\u016f korun. 70\u00a0% \u010d\u00e1stky se rozd\u011bl\u00ed mezi v\u0161echny zam\u011bstnance \u0161kol. Ka\u017ed\u00fd zam\u011bstnanec by tak m\u011bl obdr\u017eet dodate\u010dn\u00e9 prost\u0159edky ve v\u00fd\u0161i zhruba dvacet tis\u00edc korun. Zb\u00fdvaj\u00edc\u00edch 30&nbsp;% dotace budou rozd\u011blovat \u0159editel\u00e9 podle pot\u0159eb konkr\u00e9tn\u00ed \u0161koly. Podpo\u0159it tak budou moci t\u0159eba za\u010d\u00ednaj\u00edc\u00ed u\u010ditele nebo u\u010ditele p\u0159edm\u011bt\u016f, kter\u00e9 \u0161kole chyb\u00ed.<\/p>\r\n<p><em>\u201eU\u010ditel\u00e9, kte\u0159\u00ed vzd\u011bl\u00e1vaj\u00ed na\u0161e d\u011bti, jsou v\u00a0Praze hluboko pod \u00farovn\u00ed pr\u016fm\u011brn\u00e9 mzdy. St\u00e1t v\u016fbec ne\u0159e\u0161\u00ed, \u017ee \u017eivotn\u00ed n\u00e1klady u\u010ditele v\u00a0Praze jsou v\u00fdrazn\u011b vy\u0161\u0161\u00ed ne\u017e jinde. Tam, kde selh\u00e1v\u00e1 st\u00e1t, jsme se rozhodli za u\u010ditele a&nbsp;kvalitn\u00ed vzd\u011bl\u00e1v\u00e1n\u00ed postavit my jako m\u011bsto a&nbsp;na platy u\u010ditel\u016f vyd\u00e1v\u00e1me nad r\u00e1mec pen\u011bz od Ministerstva \u0161kolstv\u00ed jednu miliardu korun. Nyn\u011bj\u0161\u00ed nav\u00fd\u0161en\u00ed o&nbsp;300 milion\u016f korun p\u016fjde z\u00a0p\u0159ebytku hospoda\u0159en\u00ed,\u201c<\/em> vysv\u011btlil <em><strong>n\u00e1m\u011bstek prim\u00e1tora pro finance a&nbsp;rozpo\u010det Pavel Vyhn\u00e1nek<\/strong><\/em>.<\/p>\r\n<p>Pr\u016fm\u011brn\u00fd plat u\u010ditele v&nbsp;Praze bez dotace od m\u011bsta \u010din\u00ed 33\u00a0300 korun. Pr\u016fm\u011brn\u00e1 mzda v\u00a0Praze p\u0159itom dosahuje 41\u00a0800 korun.<\/p>\r\n<p><em>\u201ePro n\u00e1s bylo nav\u00fd\u0161en\u00ed plat\u016f u\u010ditel\u016f z\u00e1sadn\u00edm po\u017eadavkem pro podporu koalice. U\u017e letos v\u00a0kv\u011btnu budou m\u00edt \u0159editel\u00e9 \u0161kol pen\u00edze schv\u00e1len\u00e9 a&nbsp;budou v\u011bd\u011bt, \u017ee s\u00a0nimi mohou po\u010d\u00edtat. Chceme v\u0161em u\u010ditel\u016fm a&nbsp;zam\u011bstnanc\u016fm \u0161kol v\u00a0Praze vzk\u00e1zat, \u017ee si jejich pr\u00e1ce v\u00e1\u017e\u00edme a&nbsp;podpo\u0159\u00edme je, aby si nemuseli hledat jin\u00e9 zam\u011bstn\u00e1n\u00ed, kdy\u017e z\u00a0u\u010ditelsk\u00e9ho platu st\u011b\u017e\u00ed zaplat\u00ed n\u00e1jem,\u201c<strong> \u0159ekl Jan \u010ci\u017einsk\u00fd<\/strong><\/em>, p\u0159edseda zastupitelsk\u00e9ho klubu Praha sob\u011b. Z\u00a0vyplacen\u00e9 dotace by 35\u00a0% m\u011bli m\u00edt \u0159editel\u00e9 \u0161kol na \u00fa\u010dtech v&nbsp;srpnu, zbytek \u010d\u00e1stky v\u00a0listopadu.<\/p>\r\n<p>Z\u00e1kladn\u00ed a&nbsp;mate\u0159sk\u00e9 \u0161koly z\u0159izovan\u00e9 m\u011bstsk\u00fdmi \u010d\u00e1stmi zam\u011bstn\u00e1vaj\u00ed 15\u00a0500 u\u010ditel\u016f a&nbsp;dal\u0161\u00edch pracovn\u00edk\u016f, st\u0159edn\u00ed \u0161koly z\u0159izovan\u00e9 hlavn\u00edm m\u011bstem pak maj\u00ed 9\u00a0300 zam\u011bstnanc\u016f. Z\u00a0toho 2\u00a0700&nbsp;lid\u00ed pracuje ve \u0161koln\u00edch j\u00eddeln\u00e1ch.<\/p>","protected":false},"excerpt":{"rendered":"[perex] Pra\u017e\u0161t\u00ed radn\u00ed dnes schv\u00e1lili nav\u00fd\u0161en\u00ed mezd u\u010ditel\u016fm a&nbsp;zam\u011bstnanc\u016fm \u0161kol pro rok 2019 o&nbsp;dal\u0161\u00edch 300 milion\u016f korun. Celkem tak Praha letos p\u0159id\u00e1 na platy ve \u0161kolstv\u00ed nad r\u00e1mec pen\u011bz od Ministerstva \u0161kolstv\u00ed 1\u00a0miliardu korun. Pen\u00edze m\u011bsto \u0161kol\u00e1m po\u0161le ve dvou \u010d\u00e1stech \u2013 v\u00a0srpnu a&nbsp;listopadu. U\u010ditel\u016fm je \u0159editel\u00e9 vyplat\u00ed n\u00e1sledn\u011b. [\/perex] Pra\u017e\u0161t\u00ed radn\u00ed dnes schv\u00e1lili nav\u00fd\u0161en\u00ed [&hellip;]","protected":false},"author":5,"featured_media":26191,"comment_status":"closed","ping_status":"open","sticky":false,"template":"","format":"standard","meta":[],"categories":[34,74],"tags":[],"_links":{"self":[{"href":"https:\/\/www.praha7.cz\/api\/wp\/v2\/posts\/26188"}],"collection":[{"href":"https:\/\/www.praha7.cz\/api\/wp\/v2\/posts"}],"about":[{"href":"https:\/\/www.praha7.cz\/api\/wp\/v2\/types\/post"}],"author":[{"embeddable":true,"href":"https:\/\/www.praha7.cz\/api\/wp\/v2\/users\/5"}],"replies":[{"embeddable":true,"href":"https:\/\/www.praha7.cz\/api\/wp\/v2\/comments?post=26188"}],"version-history":[{"count":3,"href":"https:\/\/www.praha7.cz\/api\/wp\/v2\/posts\/26188\/revisions"}],"predecessor-version":[{"id":26194,"href":"https:\/\/www.praha7.cz\/api\/wp\/v2\/posts\/26188\/revisions\/26194"}],"wp:featuredmedia":[{"embeddable":true,"href":"https:\/\/www.praha7.cz\/api\/wp\/v2\/media\/26191"}],"wp:attachment":[{"href":"https:\/\/www.praha7.cz\/api\/wp\/v2\/media?parent=26188"}],"wp:term":[{"taxonomy":"category","embeddable":true,"href":"https:\/\/www.praha7.cz\/api\/wp\/v2\/categories?post=26188"},{"taxonomy":"post_tag","embeddable":true,"href":"https:\/\/www.praha7.cz\/api\/wp\/v2\/tags?post=26188"}],"curies":[{"name":"wp","href":"https:\/\/api.w.org\/{rel}","templated":true}]}}