    
{"id":25947,"date":"2019-05-03T13:21:23","date_gmt":"2019-05-03T11:21:23","guid":{"rendered":"https:\/\/www.praha7.cz\/?p=25947"},"modified":"2019-05-03T13:21:23","modified_gmt":"2019-05-03T11:21:23","slug":"setkani-s-grafickymi-tvurci-hobuletu","status":"publish","type":"post","link":"https:\/\/www.praha7.cz\/setkani-s-grafickymi-tvurci-hobuletu\/","title":{"rendered":"Setk\u00e1n\u00ed s&nbsp;grafick\u00fdmi tv\u016frci Hobuletu"},"content":{"rendered":"<p>[perex]<\/p>\r\n<p>U p\u0159\u00edle\u017eitosti 4.&nbsp;narozenin \u010dasopisu Hobulet v&nbsp;nov\u00e9 podob\u011b se ve st\u0159edu 8.&nbsp;kv\u011btna od 19 hodin v\u00a0Berl\u00ednsk\u00e9m modelu (Pplk. Sochora 9) uskute\u010dn\u00ed setk\u00e1n\u00ed s\u00a0jeho grafick\u00fdmi tv\u016frci 20YY Designers. Akci bude doprov\u00e1zet mal\u00e1 retrospektivn\u00ed v\u00fdstava, kter\u00e1 tradi\u010dn\u011b potrv\u00e1 pouze jeden jedin\u00fd ve\u010der. Jste srde\u010dn\u011b zv\u00e1ni.<\/p>\r\n<p>[\/perex]<\/p>\r\n<p>FB Ud\u00e1lost\u00a0<a href=\"https:\/\/www.facebook.com\/events\/589860764833475\/\">20YY Designers 20YY Hobulet<\/a><\/p>\r\n<p>Web <a href=\"http:\/\/berlinskejmodel.cz\">berlinskejmodel.cz<\/a><\/p>\r\n<p><strong>Do \u010dasopisu graficky p\u0159isp\u011bli<\/strong>:<\/p>\r\n<p>Hynek Alt<br \/>\r\nMiroslav Bart\u00e1k<br \/>\r\nOnd\u0159ej Basjuk<br \/>\r\nAnna-Marie Berdychov\u00e1<br \/>\r\nJosef Bolf<br \/>\r\nDavid B\u00f6hm<br \/>\r\nRadek Brousil<br \/>\r\nMarek Dou\u0161a<br \/>\r\nFef\u00edk (Milan Podobsk\u00fd)<br \/>\r\nPeter Fabo<br \/>\r\nSvetlana Fialov\u00e1<br \/>\r\nJi\u0159\u00ed Franta<br \/>\r\nLadislava Ga\u017eiov\u00e1<br \/>\r\nMartin Groch<br \/>\r\nV\u00e1clav Havl\u00ed\u010dek<br \/>\r\nTereza Havl\u00ednkov\u00e1<br \/>\r\nJan Hor\u00e1\u010dek<br \/>\r\nNikola Ho\u0159en\u00ed<br \/>\r\nAne\u017eka Ho\u0161kov\u00e1<br \/>\r\nJi\u0159\u00ed Hron\u00edk<br \/>\r\nValent\u00fdna Jan\u016f<br \/>\r\nAd\u00e9la Marie Jirk\u016f<br \/>\r\nV\u00e1clav Johanus<br \/>\r\nMilana Kasianova<br \/>\r\nPauline Kerleroux<br \/>\r\nAlexey Klyuykov<br \/>\r\nHana Kn\u00ed\u017eov\u00e1<br \/>\r\nVendula Knopov\u00e1<br \/>\r\nEva Ko\u0165\u00e1tkov\u00e1<br \/>\r\nJi\u0159\u00ed Kovanda<br \/>\r\nKate\u0159ina Kynclov\u00e1<br \/>\r\nMartin Kub\u00e1t<br \/>\r\nEva Macekov\u00e1<br \/>\r\nMaria Makeeva<br \/>\r\nSaki Matsumoto<br \/>\r\nMarek Meduna<br \/>\r\nAndrea Medunov\u00e1 Sou\u010dkov\u00e1<br \/>\r\nBarbora Mr\u00e1zkov\u00e1<br \/>\r\nAsuka Okajima<br \/>\r\nZuzana Ondrou\u0161kov\u00e1<br \/>\r\nJohana Po\u0161ov\u00e1<br \/>\r\nLuk\u00e1\u0161 Prok\u016fpek<br \/>\r\nPavel Star\u00fd<br \/>\r\nLucia Scerankov\u00e1<br \/>\r\nJi\u0159\u00ed Sl\u00edva<br \/>\r\nEli\u0161ka Stejskalov\u00e1<br \/>\r\nAnastasia Stro\u010dkova<br \/>\r\nJohana St\u0159\u00ed\u017ekov\u00e1<br \/>\r\nTom\u00e1\u0161 Sou\u010dek<br \/>\r\nV\u00edt Svoboda<br \/>\r\nMichal \u0160eba<br \/>\r\nVojt\u011bch \u0160eda<br \/>\r\nTom\u00e1\u0161 Roubal<br \/>\r\nMagdalena Rutov\u00e1<br \/>\r\nDu\u0161an Tom\u00e1nek<br \/>\r\nMichal Ure\u0161<br \/>\r\nAleksandra Vajd<br \/>\r\nJan Vytiska<br \/>\r\nVladimir 518<br \/>\r\nLasse Wandschneider<\/p>\r\n<p><br \/>\r\n<strong>Po\u0159adatel\u00e9 setk\u00e1n\u00ed<\/strong>:<\/p>\r\n<p>20YY Designers <br \/>\r\nPetr Bos\u00e1k<br \/>\r\nRobert Jansa<br \/>\r\nAdam Mach\u00e1\u010dek<\/p>","protected":false},"excerpt":{"rendered":"[perex] U&nbsp;p\u0159\u00edle\u017eitosti 4.&nbsp;narozenin \u010dasopisu Hobulet v&nbsp;nov\u00e9 podob\u011b se ve st\u0159edu 8.&nbsp;kv\u011btna od 19 hodin v\u00a0Berl\u00ednsk\u00e9m modelu (Pplk. Sochora 9) uskute\u010dn\u00ed setk\u00e1n\u00ed s\u00a0jeho grafick\u00fdmi tv\u016frci 20YY Designers. Akci bude doprov\u00e1zet mal\u00e1 retrospektivn\u00ed v\u00fdstava, kter\u00e1 tradi\u010dn\u011b potrv\u00e1 pouze jeden jedin\u00fd ve\u010der. Jste srde\u010dn\u011b zv\u00e1ni. [\/perex] FB Ud\u00e1lost\u00a020YY Designers 20YY Hobulet Web berlinskejmodel.cz Do \u010dasopisu graficky p\u0159isp\u011bli: [&hellip;]","protected":false},"author":97,"featured_media":25948,"comment_status":"closed","ping_status":"open","sticky":false,"template":"","format":"standard","meta":[],"categories":[34],"tags":[],"_links":{"self":[{"href":"https:\/\/www.praha7.cz\/api\/wp\/v2\/posts\/25947"}],"collection":[{"href":"https:\/\/www.praha7.cz\/api\/wp\/v2\/posts"}],"about":[{"href":"https:\/\/www.praha7.cz\/api\/wp\/v2\/types\/post"}],"author":[{"embeddable":true,"href":"https:\/\/www.praha7.cz\/api\/wp\/v2\/users\/97"}],"replies":[{"embeddable":true,"href":"https:\/\/www.praha7.cz\/api\/wp\/v2\/comments?post=25947"}],"version-history":[{"count":4,"href":"https:\/\/www.praha7.cz\/api\/wp\/v2\/posts\/25947\/revisions"}],"predecessor-version":[{"id":25952,"href":"https:\/\/www.praha7.cz\/api\/wp\/v2\/posts\/25947\/revisions\/25952"}],"wp:featuredmedia":[{"embeddable":true,"href":"https:\/\/www.praha7.cz\/api\/wp\/v2\/media\/25948"}],"wp:attachment":[{"href":"https:\/\/www.praha7.cz\/api\/wp\/v2\/media?parent=25947"}],"wp:term":[{"taxonomy":"category","embeddable":true,"href":"https:\/\/www.praha7.cz\/api\/wp\/v2\/categories?post=25947"},{"taxonomy":"post_tag","embeddable":true,"href":"https:\/\/www.praha7.cz\/api\/wp\/v2\/tags?post=25947"}],"curies":[{"name":"wp","href":"https:\/\/api.w.org\/{rel}","templated":true}]}}