    
{"id":25939,"date":"2019-05-03T12:22:39","date_gmt":"2019-05-03T10:22:39","guid":{"rendered":"https:\/\/www.praha7.cz\/?p=25939"},"modified":"2022-05-05T14:53:34","modified_gmt":"2022-05-05T12:53:34","slug":"praha-7-si-pripomnela-prazske-povstani-a-konec-2-sv-valky","status":"publish","type":"post","link":"https:\/\/www.praha7.cz\/praha-7-si-pripomnela-prazske-povstani-a-konec-2-sv-valky\/","title":{"rendered":"Praha&nbsp;7 si p\u0159ipomn\u011bla Pra\u017esk\u00e9 povst\u00e1n\u00ed a&nbsp;konec 2.&nbsp;sv. v\u00e1lky"},"content":{"rendered":"<p>[perex]<\/p>\r\n<p>V\u00a0p\u00e1tek 3.&nbsp;kv\u011btna se v\u00a0Praze 7 uskute\u010dnil pietn\u00ed akt u&nbsp;p\u0159\u00edle\u017eitosti Kv\u011btnov\u00e9ho povst\u00e1n\u00ed \u010desk\u00e9ho lidu a&nbsp;Dne v\u00edt\u011bzstv\u00ed. Vzpom\u00ednkov\u00e9ho setk\u00e1n\u00ed se z\u00fa\u010dastnili p\u0159edstavitel\u00e9 M\u010c Praha&nbsp;7, v&nbsp;\u010dele se starostou Janem \u010ci\u017einsk\u00fdm, z\u00e1stupci Sdru\u017een\u00ed v\u00e1le\u010dn\u00fdch veter\u00e1n\u016f \u010cR, Svazu d\u016fstojn\u00edk\u016f a&nbsp;prapor\u010d\u00edk\u016f Arm\u00e1dy \u010cR, Klubu v\u00fdsadkov\u00fdch veter\u00e1n\u016f, Ob\u010dansk\u00e9 iniciativy \u010cech, Moravy a&nbsp;Slezska a&nbsp;\u010cesk\u00e9 obce sokolsk\u00e9. K\u00a0akci se p\u0159ipojili tak\u00e9 studenti z\u00a0Trojsk\u00e9ho gymn\u00e1zia. Z\u00e1stupci z\u00fa\u010dastn\u011bn\u00fdch organizac\u00ed polo\u017eili v\u011bnce u&nbsp;pam\u00e1tn\u00edku padl\u00fdm v\u00a0\u00fapat\u00ed mostu Barik\u00e1dn\u00edk\u016f.<\/p>\r\n<p>[\/perex]<\/p>\r\n<p><img loading=\"lazy\" src=\"https:\/\/www.praha7.cz\/wp-content\/uploads\/2019\/05\/kladen\u00ed-most-barik\u00e1dn\u00edk\u016f-2-1500x844.jpg\" alt=\"\" width=\"640\" height=\"360\" class=\"alignnone size-large wp-image-25942\" srcset=\"https:\/\/www.praha7.cz\/wp-content\/uploads\/2019\/05\/kladen\u00ed-most-barik\u00e1dn\u00edk\u016f-2-1500x844.jpg 1500w, https:\/\/www.praha7.cz\/wp-content\/uploads\/2019\/05\/kladen\u00ed-most-barik\u00e1dn\u00edk\u016f-2-600x338.jpg 600w, https:\/\/www.praha7.cz\/wp-content\/uploads\/2019\/05\/kladen\u00ed-most-barik\u00e1dn\u00edk\u016f-2-768x432.jpg 768w\" sizes=\"(max-width: 640px) 100vw, 640px\" \/><\/p>\r\n<p><img loading=\"lazy\" src=\"https:\/\/www.praha7.cz\/wp-content\/uploads\/2019\/05\/kladen\u00ed-most-barik\u00e1dn\u00edk\u016f-3-1500x844.jpg\" alt=\"\" width=\"640\" height=\"360\" class=\"alignnone size-large wp-image-25943\" srcset=\"https:\/\/www.praha7.cz\/wp-content\/uploads\/2019\/05\/kladen\u00ed-most-barik\u00e1dn\u00edk\u016f-3-1500x844.jpg 1500w, https:\/\/www.praha7.cz\/wp-content\/uploads\/2019\/05\/kladen\u00ed-most-barik\u00e1dn\u00edk\u016f-3-600x338.jpg 600w, https:\/\/www.praha7.cz\/wp-content\/uploads\/2019\/05\/kladen\u00ed-most-barik\u00e1dn\u00edk\u016f-3-768x432.jpg 768w\" sizes=\"(max-width: 640px) 100vw, 640px\" \/><\/p>\r\n<p><img loading=\"lazy\" src=\"https:\/\/www.praha7.cz\/wp-content\/uploads\/2019\/05\/kladen\u00ed-most-barik\u00e1dn\u00edk\u016f-4-1500x844.jpg\" alt=\"\" width=\"640\" height=\"360\" class=\"alignnone size-large wp-image-25944\" srcset=\"https:\/\/www.praha7.cz\/wp-content\/uploads\/2019\/05\/kladen\u00ed-most-barik\u00e1dn\u00edk\u016f-4-1500x844.jpg 1500w, https:\/\/www.praha7.cz\/wp-content\/uploads\/2019\/05\/kladen\u00ed-most-barik\u00e1dn\u00edk\u016f-4-600x338.jpg 600w, https:\/\/www.praha7.cz\/wp-content\/uploads\/2019\/05\/kladen\u00ed-most-barik\u00e1dn\u00edk\u016f-4-768x432.jpg 768w\" sizes=\"(max-width: 640px) 100vw, 640px\" \/><\/p>","protected":false},"excerpt":{"rendered":"[perex] V\u00a0p\u00e1tek 3.&nbsp;kv\u011btna se v\u00a0Praze 7 uskute\u010dnil pietn\u00ed akt u&nbsp;p\u0159\u00edle\u017eitosti Kv\u011btnov\u00e9ho povst\u00e1n\u00ed \u010desk\u00e9ho lidu a&nbsp;Dne v\u00edt\u011bzstv\u00ed. Vzpom\u00ednkov\u00e9ho setk\u00e1n\u00ed se z\u00fa\u010dastnili p\u0159edstavitel\u00e9 M\u010c Praha&nbsp;7, v&nbsp;\u010dele se starostou Janem \u010ci\u017einsk\u00fdm, z\u00e1stupci Sdru\u017een\u00ed v\u00e1le\u010dn\u00fdch veter\u00e1n\u016f \u010cR, Svazu d\u016fstojn\u00edk\u016f a&nbsp;prapor\u010d\u00edk\u016f Arm\u00e1dy \u010cR, Klubu v\u00fdsadkov\u00fdch veter\u00e1n\u016f, Ob\u010dansk\u00e9 iniciativy \u010cech, Moravy a&nbsp;Slezska a&nbsp;\u010cesk\u00e9 obce sokolsk\u00e9. K\u00a0akci se p\u0159ipojili tak\u00e9 studenti z\u00a0Trojsk\u00e9ho [&hellip;]","protected":false},"author":5,"featured_media":25941,"comment_status":"closed","ping_status":"open","sticky":false,"template":"","format":"standard","meta":[],"categories":[34],"tags":[],"_links":{"self":[{"href":"https:\/\/www.praha7.cz\/api\/wp\/v2\/posts\/25939"}],"collection":[{"href":"https:\/\/www.praha7.cz\/api\/wp\/v2\/posts"}],"about":[{"href":"https:\/\/www.praha7.cz\/api\/wp\/v2\/types\/post"}],"author":[{"embeddable":true,"href":"https:\/\/www.praha7.cz\/api\/wp\/v2\/users\/5"}],"replies":[{"embeddable":true,"href":"https:\/\/www.praha7.cz\/api\/wp\/v2\/comments?post=25939"}],"version-history":[{"count":3,"href":"https:\/\/www.praha7.cz\/api\/wp\/v2\/posts\/25939\/revisions"}],"predecessor-version":[{"id":57223,"href":"https:\/\/www.praha7.cz\/api\/wp\/v2\/posts\/25939\/revisions\/57223"}],"wp:featuredmedia":[{"embeddable":true,"href":"https:\/\/www.praha7.cz\/api\/wp\/v2\/media\/25941"}],"wp:attachment":[{"href":"https:\/\/www.praha7.cz\/api\/wp\/v2\/media?parent=25939"}],"wp:term":[{"taxonomy":"category","embeddable":true,"href":"https:\/\/www.praha7.cz\/api\/wp\/v2\/categories?post=25939"},{"taxonomy":"post_tag","embeddable":true,"href":"https:\/\/www.praha7.cz\/api\/wp\/v2\/tags?post=25939"}],"curies":[{"name":"wp","href":"https:\/\/api.w.org\/{rel}","templated":true}]}}