    
{"id":25894,"date":"2019-05-02T14:55:58","date_gmt":"2019-05-02T12:55:58","guid":{"rendered":"https:\/\/www.praha7.cz\/?p=25894"},"modified":"2019-05-03T14:00:17","modified_gmt":"2019-05-03T12:00:17","slug":"seznamte-se-s-promenou-ulice-janovskeho","status":"publish","type":"post","link":"https:\/\/www.praha7.cz\/seznamte-se-s-promenou-ulice-janovskeho\/","title":{"rendered":"Seznamte se s&nbsp;prom\u011bnou ulice Janovsk\u00e9ho"},"content":{"rendered":"<p>[perex]<\/p>\r\n<p>Radnice p\u0159ipravuje revitalizaci ulice Janovsk\u00e9ho. C\u00edlem \u00faprav je zv\u00fd\u0161en\u00ed bezpe\u010dnosti a\u00a0celkov\u00e9 kvality ve\u0159ejn\u00e9ho prostoru. S\u00a0n\u00e1vrhy se m\u016f\u017eete p\u0159ij\u00edt sezn\u00e1mit na ve\u0159ejn\u00e9 projedn\u00e1n\u00ed, kde budou p\u0159\u00edtomni jak projektanti n\u00e1vrhu, tak i\u00a0z\u00e1stupci radnice.<\/p>\r\n<p>[\/perex]<\/p>\r\n<p>Projedn\u00e1n\u00ed <a href=\"https:\/\/www.praha7.cz\/wp-content\/uploads\/2019\/05\/Janovskeho_Studie_SINPPS.pdf\">studie<\/a> prob\u011bhne <strong>v pond\u011bl\u00ed<\/strong>\u00a0<strong>6.\u00a0kv\u011btna od 17 hodin v&nbsp;Z\u0160 na Strossmayerov\u011b n\u00e1m\u011bst\u00ed\u00a0(u\u010debna v&nbsp;1.&nbsp;pat\u0159e)<\/strong>.\u00a0N\u00e1vrhy jsou ve f\u00e1zi studie a&nbsp;mohou b\u00fdt v\u00a0navazuj\u00edc\u00edch f\u00e1z\u00edch upravov\u00e1ny.<\/p>\r\n<p>FB Ud\u00e1lost\u00a0<a href=\"https:\/\/www.facebook.com\/events\/820172164994778\/\">Ve\u0159ejn\u00e9 projedn\u00e1n\u00ed studie na ulici Janovsk\u00e9ho<\/a>.\u00a0<\/p>","protected":false},"excerpt":{"rendered":"[perex] Radnice p\u0159ipravuje revitalizaci ulice Janovsk\u00e9ho. C\u00edlem \u00faprav je zv\u00fd\u0161en\u00ed bezpe\u010dnosti a\u00a0celkov\u00e9 kvality ve\u0159ejn\u00e9ho prostoru. S\u00a0n\u00e1vrhy se m\u016f\u017eete p\u0159ij\u00edt sezn\u00e1mit na ve\u0159ejn\u00e9 projedn\u00e1n\u00ed, kde budou p\u0159\u00edtomni jak projektanti n\u00e1vrhu, tak i\u00a0z\u00e1stupci radnice. [\/perex] Projedn\u00e1n\u00ed studie prob\u011bhne v&nbsp;pond\u011bl\u00ed\u00a06.\u00a0kv\u011btna od 17 hodin v&nbsp;Z\u0160 na Strossmayerov\u011b n\u00e1m\u011bst\u00ed\u00a0(u\u010debna v&nbsp;1.&nbsp;pat\u0159e).\u00a0N\u00e1vrhy jsou ve f\u00e1zi studie a&nbsp;mohou b\u00fdt v\u00a0navazuj\u00edc\u00edch f\u00e1z\u00edch upravov\u00e1ny. [&hellip;]","protected":false},"author":97,"featured_media":25897,"comment_status":"closed","ping_status":"open","sticky":false,"template":"","format":"standard","meta":[],"categories":[34],"tags":[],"_links":{"self":[{"href":"https:\/\/www.praha7.cz\/api\/wp\/v2\/posts\/25894"}],"collection":[{"href":"https:\/\/www.praha7.cz\/api\/wp\/v2\/posts"}],"about":[{"href":"https:\/\/www.praha7.cz\/api\/wp\/v2\/types\/post"}],"author":[{"embeddable":true,"href":"https:\/\/www.praha7.cz\/api\/wp\/v2\/users\/97"}],"replies":[{"embeddable":true,"href":"https:\/\/www.praha7.cz\/api\/wp\/v2\/comments?post=25894"}],"version-history":[{"count":11,"href":"https:\/\/www.praha7.cz\/api\/wp\/v2\/posts\/25894\/revisions"}],"predecessor-version":[{"id":25956,"href":"https:\/\/www.praha7.cz\/api\/wp\/v2\/posts\/25894\/revisions\/25956"}],"wp:featuredmedia":[{"embeddable":true,"href":"https:\/\/www.praha7.cz\/api\/wp\/v2\/media\/25897"}],"wp:attachment":[{"href":"https:\/\/www.praha7.cz\/api\/wp\/v2\/media?parent=25894"}],"wp:term":[{"taxonomy":"category","embeddable":true,"href":"https:\/\/www.praha7.cz\/api\/wp\/v2\/categories?post=25894"},{"taxonomy":"post_tag","embeddable":true,"href":"https:\/\/www.praha7.cz\/api\/wp\/v2\/tags?post=25894"}],"curies":[{"name":"wp","href":"https:\/\/api.w.org\/{rel}","templated":true}]}}