    
{"id":25864,"date":"2019-05-02T12:40:13","date_gmt":"2019-05-02T10:40:13","guid":{"rendered":"https:\/\/www.praha7.cz\/?p=25864"},"modified":"2019-05-02T14:09:18","modified_gmt":"2019-05-02T12:09:18","slug":"v-ulici-zeleznicaru-dojde-k-upravam-prechodu-pro-chodce","status":"publish","type":"post","link":"https:\/\/www.praha7.cz\/v-ulici-zeleznicaru-dojde-k-upravam-prechodu-pro-chodce\/","title":{"rendered":"V ulici \u017delezni\u010d\u00e1\u0159\u016f dojde k&nbsp;\u00faprav\u00e1m p\u0159echodu pro chodce"},"content":{"rendered":"<p>[perex]<\/p>\r\n<p>Od pond\u011bl\u00ed 13.&nbsp;5.&nbsp;budou v\u00a0ul. \u017delezni\u010d\u00e1\u0159\u016f prob\u00edhat pr\u00e1ce na \u00faprav\u00e1ch p\u0159echodu pro chodce u&nbsp;k\u0159i\u017eovatky s\u00a0ul. Plyn\u00e1rn\u00ed. Dojde zde ke zv\u00fd\u0161en\u00ed bezpe\u010dnosti i&nbsp;komfortu pro p\u011b\u0161\u00ed. Realizov\u00e1na bude\u00a0v\u00fdstavba nov\u00e9ho st\u0159edov\u00e9ho ostr\u016fvku a&nbsp;bezbari\u00e9rov\u00e9 \u00fapravy p\u0159echodu. Pr\u00e1ce budou prob\u00edhat do \u010dtvrtka 6.&nbsp;6. Obousm\u011brn\u00fd provoz bude po celou dobu zachov\u00e1n.<\/p>\r\n<p>[\/perex]<\/p>","protected":false},"excerpt":{"rendered":"[perex] Od pond\u011bl\u00ed 13.&nbsp;5.&nbsp;budou v\u00a0ul. \u017delezni\u010d\u00e1\u0159\u016f prob\u00edhat pr\u00e1ce na \u00faprav\u00e1ch p\u0159echodu pro chodce u&nbsp;k\u0159i\u017eovatky s\u00a0ul. Plyn\u00e1rn\u00ed. Dojde zde ke zv\u00fd\u0161en\u00ed bezpe\u010dnosti i&nbsp;komfortu pro p\u011b\u0161\u00ed. Realizov\u00e1na bude\u00a0v\u00fdstavba nov\u00e9ho st\u0159edov\u00e9ho ostr\u016fvku a&nbsp;bezbari\u00e9rov\u00e9 \u00fapravy p\u0159echodu. Pr\u00e1ce budou prob\u00edhat do \u010dtvrtka 6.&nbsp;6. Obousm\u011brn\u00fd provoz bude po celou dobu zachov\u00e1n. [\/perex]","protected":false},"author":5,"featured_media":25865,"comment_status":"closed","ping_status":"open","sticky":false,"template":"","format":"standard","meta":[],"categories":[34],"tags":[],"_links":{"self":[{"href":"https:\/\/www.praha7.cz\/api\/wp\/v2\/posts\/25864"}],"collection":[{"href":"https:\/\/www.praha7.cz\/api\/wp\/v2\/posts"}],"about":[{"href":"https:\/\/www.praha7.cz\/api\/wp\/v2\/types\/post"}],"author":[{"embeddable":true,"href":"https:\/\/www.praha7.cz\/api\/wp\/v2\/users\/5"}],"replies":[{"embeddable":true,"href":"https:\/\/www.praha7.cz\/api\/wp\/v2\/comments?post=25864"}],"version-history":[{"count":3,"href":"https:\/\/www.praha7.cz\/api\/wp\/v2\/posts\/25864\/revisions"}],"predecessor-version":[{"id":25889,"href":"https:\/\/www.praha7.cz\/api\/wp\/v2\/posts\/25864\/revisions\/25889"}],"wp:featuredmedia":[{"embeddable":true,"href":"https:\/\/www.praha7.cz\/api\/wp\/v2\/media\/25865"}],"wp:attachment":[{"href":"https:\/\/www.praha7.cz\/api\/wp\/v2\/media?parent=25864"}],"wp:term":[{"taxonomy":"category","embeddable":true,"href":"https:\/\/www.praha7.cz\/api\/wp\/v2\/categories?post=25864"},{"taxonomy":"post_tag","embeddable":true,"href":"https:\/\/www.praha7.cz\/api\/wp\/v2\/tags?post=25864"}],"curies":[{"name":"wp","href":"https:\/\/api.w.org\/{rel}","templated":true}]}}