    
{"id":25733,"date":"2019-05-03T13:57:32","date_gmt":"2019-05-03T11:57:32","guid":{"rendered":"https:\/\/www.praha7.cz\/?p=25733"},"modified":"2019-05-17T10:14:45","modified_gmt":"2019-05-17T08:14:45","slug":"se-starostou-u-stolu-4","status":"publish","type":"post","link":"https:\/\/www.praha7.cz\/se-starostou-u-stolu-4\/","title":{"rendered":"Se starostou u&nbsp;stolu"},"content":{"rendered":"<p>[perex]<\/p>\r\n<p>Srde\u010dn\u011b v\u00e1s zveme na dal\u0161\u00ed z\u00a0neform\u00e1ln\u00edch setk\u00e1n\u00ed se starostou Janem \u010ci\u017einsk\u00fdm v\u00a0sedmi\u010dkov\u00fdch hosp\u016fdk\u00e1ch a\u00a0kav\u00e1rn\u00e1ch. Uskute\u010dn\u00ed se ve \u010dtvrtek 16.&nbsp;kv\u011btna od 18:00 hodin v\u00a0Restauraci Hamburg (U&nbsp;Pr\u016fhonu 54). Na setk\u00e1n\u00ed se na v\u00e1s krom\u011b pana starosty bude t\u011b\u0161it tak\u00e9\u00a0radn\u00ed pro dopravu, bezpe\u010dnost, prevenci a&nbsp;integraci cizinc\u016f Ond\u0159ej Mirovsk\u00fd. Op\u011bt se budete moci pt\u00e1t na v\u0161e, co v\u00e1s zaj\u00edm\u00e1, nebo n\u00e1m p\u0159ij\u00edt \u0159\u00edct, co m\u00e1te na srdci.<\/p>\r\n<p>[\/perex]<\/p>","protected":false},"excerpt":{"rendered":"[perex] Srde\u010dn\u011b v\u00e1s zveme na dal\u0161\u00ed z\u00a0neform\u00e1ln\u00edch setk\u00e1n\u00ed se starostou Janem \u010ci\u017einsk\u00fdm v\u00a0sedmi\u010dkov\u00fdch hosp\u016fdk\u00e1ch a\u00a0kav\u00e1rn\u00e1ch. Uskute\u010dn\u00ed se ve \u010dtvrtek 16.&nbsp;kv\u011btna od 18:00 hodin v\u00a0Restauraci Hamburg (U&nbsp;Pr\u016fhonu 54). Na setk\u00e1n\u00ed se na v\u00e1s krom\u011b pana starosty bude t\u011b\u0161it tak\u00e9\u00a0radn\u00ed pro dopravu, bezpe\u010dnost, prevenci a&nbsp;integraci cizinc\u016f Ond\u0159ej Mirovsk\u00fd. Op\u011bt se budete moci pt\u00e1t na v\u0161e, co v\u00e1s [&hellip;]","protected":false},"author":5,"featured_media":24536,"comment_status":"closed","ping_status":"open","sticky":false,"template":"","format":"standard","meta":[],"categories":[34],"tags":[],"_links":{"self":[{"href":"https:\/\/www.praha7.cz\/api\/wp\/v2\/posts\/25733"}],"collection":[{"href":"https:\/\/www.praha7.cz\/api\/wp\/v2\/posts"}],"about":[{"href":"https:\/\/www.praha7.cz\/api\/wp\/v2\/types\/post"}],"author":[{"embeddable":true,"href":"https:\/\/www.praha7.cz\/api\/wp\/v2\/users\/5"}],"replies":[{"embeddable":true,"href":"https:\/\/www.praha7.cz\/api\/wp\/v2\/comments?post=25733"}],"version-history":[{"count":2,"href":"https:\/\/www.praha7.cz\/api\/wp\/v2\/posts\/25733\/revisions"}],"predecessor-version":[{"id":25735,"href":"https:\/\/www.praha7.cz\/api\/wp\/v2\/posts\/25733\/revisions\/25735"}],"wp:featuredmedia":[{"embeddable":true,"href":"https:\/\/www.praha7.cz\/api\/wp\/v2\/media\/24536"}],"wp:attachment":[{"href":"https:\/\/www.praha7.cz\/api\/wp\/v2\/media?parent=25733"}],"wp:term":[{"taxonomy":"category","embeddable":true,"href":"https:\/\/www.praha7.cz\/api\/wp\/v2\/categories?post=25733"},{"taxonomy":"post_tag","embeddable":true,"href":"https:\/\/www.praha7.cz\/api\/wp\/v2\/tags?post=25733"}],"curies":[{"name":"wp","href":"https:\/\/api.w.org\/{rel}","templated":true}]}}