    
{"id":25669,"date":"2019-04-24T15:33:25","date_gmt":"2019-04-24T13:33:25","guid":{"rendered":"https:\/\/www.praha7.cz\/?p=25669"},"modified":"2019-04-29T11:33:00","modified_gmt":"2019-04-29T09:33:00","slug":"zaostreno-deti-hybatele-zmen-na-skolach","status":"publish","type":"post","link":"https:\/\/www.praha7.cz\/zaostreno-deti-hybatele-zmen-na-skolach\/","title":{"rendered":"Zaost\u0159eno \u2013 D\u011bti hybatel\u00e9 zm\u011bn na \u0161kol\u00e1ch"},"content":{"rendered":"<p class=\"Z-kladn--odstavec ParaOverride-8\"><span class=\"CharOverride-2\">[perex]<\/span><\/p>\r\n<p class=\"Z-kladn--odstavec ParaOverride-8\"><span class=\"CharOverride-2\">\u017d\u00e1ci z\u00e1kladn\u00edch \u0161kol na Sedmi\u010dce letos znovu hlasovali o\u00a0\u017e\u00e1kovsk\u00fdch n\u00e1padech na zlep\u0161en\u00ed \u0161koly. Jak p\u0159esn\u011b <\/span><span class=\"CharOverride-2\">to funguje? Jak\u00e9 n\u00e1pady vyhr\u00e1ly a\u00a0mohou se d\u011bti <\/span><span class=\"CharOverride-2\">a\u00a0studenti je\u0161t\u011b n\u011bjak\u00fdm dal\u0161\u00edm zp\u016fsobem zapojit do <\/span><span class=\"CharOverride-2\">d\u011bn\u00ed ve \u0161kole i\u00a0mimo \u0161kolu?<\/span><\/p>\r\n<p>[\/perex]<\/p>\r\n<div id=\"_idContainer533\" class=\"_idGenObjectStyleOverride-3\">\r\n<p class=\"Z-kladn--odstavec ParaOverride-13\"><span class=\"CharOverride-6\">Hlasov\u00e1n\u00ed o\u00a0\u017e\u00e1kovsk\u00fdch n\u00e1padech je sou\u010d\u00e1st\u00ed \u0161koln\u00edch participativn\u00edch rozpo\u010dt\u016f, ozna\u010dovan\u00fdch jako p\u00e9b\u00e9\u010dka (z\u00a0anglick\u00e9ho participatory budgeting). Druh\u00fd ro\u010dn\u00edk se uskute\u010dnil na p\u0159elomu roku. Ka\u017ed\u00e1 \u0161kola z\u00edskala z\u00a0rozpo\u010dtu m\u011bstsk\u00e9 \u010d\u00e1sti 50\u00a0tis\u00edc korun, o\u00a0jejich\u017e vyu\u017eit\u00ed rozhodovali samotn\u00ed \u017e\u00e1ci. Ti utvo\u0159ili skupiny po t\u0159\u00edd\u00e1ch nebo podle v\u011bku a\u00a0p\u0159ipravili n\u00e1vrhy projekt\u016f na zlep\u0161en\u00ed prost\u0159ed\u00ed \u0161koly. Sv\u00e9 n\u00e1pady pak prezentovali ostatn\u00edm \u017e\u00e1k\u016fm. Vyvrcholen\u00ed v\u00a0podob\u011b elektronick\u00e9ho hlasov\u00e1n\u00ed a\u00a0vyhl\u00e1\u0161en\u00ed v\u00edt\u011bzn\u00fdch projekt\u016f prob\u011bhlo v\u00a0\u00fanoru.<\/span><\/p>\r\n<p class=\"Z-kladn--odstavec ParaOverride-14\"><span class=\"CharOverride-6\">Na v\u011bt\u0161in\u011b \u0161kol se do p\u0159isl\u00edben\u00e9ho rozpo\u010dtu ve\u0161el v\u00edce ne\u017e jeden projekt, tak\u017ee se letos na \u0161esti \u0161kol\u00e1ch a\u00a0dvou deta\u0161ovan\u00fdch pracovi\u0161t\u00edch bude realizovat celkem patn\u00e1ct projekt\u016f. D\u011bti se \u010dasto zam\u011b\u0159ily na pohybov\u00e9 aktivity, o\u00a0\u010dem\u017e sv\u011bd\u010d\u00ed \u00fasp\u011bch projekt\u016f s\u00a0n\u00e1zvy Houpa\u010dka a\u00a0trampol\u00edna, Vybaven\u00ed \u0161koln\u00ed t\u011blocvi\u010dny, Hern\u00ed prvky na \u0161koln\u00ed h\u0159i\u0161t\u011b nebo Nov\u00e9 sportovn\u00ed dresy. Znovu se uk\u00e1zalo, \u017ee d\u011bti \u0161kolu vn\u00edmaj\u00ed nejen jako prostor pro v\u00fduku, ale tak\u00e9 jako prost\u0159ed\u00ed pro kreativn\u00ed a\u00a0kulturn\u00ed tvorbu \u2013 letos tak na Sedmi\u010dce vznikne \u0161koln\u00ed kino, r\u00e1dio, Art ze\u010f nebo Ekokreativn\u00ed zahrada. P\u00e9b\u00e9\u010dka pomohou vylep\u0161it <\/span><span class=\"CharOverride-6\">i\u00a0vybaven\u00ed a\u00a0prost\u0159ed\u00ed \u0161kol. Dojde tak na obnovu \u0161atn\u00edch sk\u0159\u00edn\u011bk, automat na \u0161koln\u00ed pot\u0159eby, rostliny v\u00a0mezipatrech, p\u0159\u00edjemn\u011bj\u0161\u00ed z\u00e1chody nebo siln\u011bj\u0161\u00ed wi-fi. <\/span><\/p>\r\n<p class=\"Z-kladn--odstavec ParaOverride-14\"><span class=\"CharOverride-6\">P\u00e9b\u00e9\u010dka doznala od prvn\u00edho ro\u010dn\u00edku drobn\u00fdch zm\u011bn. Uk\u00e1zalo se nap\u0159\u00edklad, \u017ee nen\u00ed pot\u0159eba d\u00e1vat hlasovac\u00ed pr\u00e1vo rodi\u010d\u016fm. Ti m\u011bli v\u00a0r\u00e1mci prvn\u00edho ro\u010dn\u00edku p\u0159isp\u011bt k\u00a0tomu, aby v\u00edt\u011bzily smyslupln\u00e9 projekty. Samotn\u00ed \u017e\u00e1ci ale p\u0159istupovali k\u00a0hlasov\u00e1n\u00ed natolik aktivn\u011b a\u00a0zodpov\u011bdn\u011b, \u017ee letos u\u017e bylo rozhodov\u00e1n\u00ed jen na nich. Dal\u0161\u00ed zm\u011bnou byla v\u011bt\u0161\u00ed flexibilita \u0161kol ohledn\u011b pr\u016fb\u011bhu p\u00e9b\u00e9\u010dek \u2013 jedin\u00fdm omezen\u00edm byl term\u00edn ukon\u010den\u00ed. \u00da\u010dast tak\u00e9 nebyla omezena pouze na \u010dtvr\u0165\u00e1ky a\u00a0star\u0161\u00ed \u017e\u00e1ky jako loni, ale veden\u00ed \u0161kol mohlo zapojit i\u00a0mlad\u0161\u00ed ro\u010dn\u00edky.<\/span><\/p>\r\n<p class=\"Z-kladn--odstavec ParaOverride-14\"><span class=\"CharOverride-6\">C\u00edlem p\u00e9b\u00e9\u010dek je nejen zlep\u0161ov\u00e1n\u00ed prost\u0159ed\u00ed \u0161koly z\u00a0pohledu \u017e\u00e1k\u016f, ale zejm\u00e9na mo\u017enost si ji\u017e v\u00a0ran\u00e9m v\u011bku vyzkou\u0161et, \u017ee v\u0161\u00edmavost\u00ed ke sv\u00e9mu okol\u00ed, dobr\u00fdm n\u00e1padem a\u00a0aktivn\u00ed spoluprac\u00ed a\u00a0komunikac\u00ed s\u00a0ostatn\u00edmi jsme schopni v\u011bci kolem sebe ovliv\u0148ovat a\u00a0p\u0159etv\u00e1\u0159et \u2013 zku\u0161enost, kterou pot\u0159ebujeme v\u0161ichni bez ohledu na v\u011bk.<\/span><\/p>\r\n<p class=\"Z-kladn--odstavec ParaOverride-14\"><span class=\"CharOverride-6\">Na podobn\u00e9 my\u0161lence jsou zalo\u017eeny i\u00a0\u017e\u00e1kovsk\u00e9 parlamenty, co\u017e je dal\u0161\u00ed zp\u016fsob, jak se \u017e\u00e1ci mohou do d\u011bn\u00ed v\u00a0z\u00e1kladn\u00edch \u0161kol\u00e1ch zapojit a\u00a0\u0161koln\u00ed prost\u0159ed\u00ed v\u00edce ovliv\u0148ovat. V\u00a0parlamentech zasedaj\u00ed volen\u00ed z\u00e1stupci ka\u017ed\u00e9 t\u0159\u00eddy, d\u016fle\u017eit\u00fd je tu princip dobrovolnosti. <\/span><span class=\"CharOverride-6\">S\u00a0parlamentem pracuje pro\u0161kolen\u00fd pedagog, jeho\u017e \u00fakolem nen\u00ed d\u011bti v\u00e9st, ale motivovat je k\u00a0vlastn\u00ed aktivit\u011b a\u00a0napom\u00e1hat tomu, aby d\u011bti samy hledaly t\u00e9mata a\u00a0\u0159e\u0161en\u00ed. Volen\u00ed z\u00e1stupci by m\u011bli dob\u0159e komunikovat ve sv\u00e9 t\u0159\u00edd\u011b, napom\u00e1hat diskuzi a\u00a0sb\u00edrat podn\u011bty, kter\u00e9 pak p\u0159in\u00e1\u0161ej\u00ed zp\u011bt do parlamentu. To v\u0161e za podpory t\u0159\u00eddn\u00edch pedagog\u016f. <\/span><\/p>\r\n<p class=\"Z-kladn--odstavec ParaOverride-14\"><span class=\"CharOverride-6\">\u017d\u00e1kovsk\u00e9 parlamenty zat\u00edm existuj\u00ed na t\u0159ech \u0161kol\u00e1ch Sedmi\u010dky a\u00a0douf\u00e1m, \u017ee i\u00a0ostatn\u00ed \u0161koly se brzy p\u0159ipoj\u00ed, nebo\u0165 je to projekt, kde d\u011bti mohou tr\u00e9novat spolupr\u00e1ci, diskuzi, pojmenov\u00e1v\u00e1n\u00ed probl\u00e9m\u016f a\u00a0jejich \u0159e\u0161en\u00ed, projektovou pr\u00e1ci a\u00a0mnoho dal\u0161\u00edho. Z\u00e1rove\u0148 vid\u00ed, \u017ee jejich aktivita m\u016f\u017ee n\u00e9st re\u00e1ln\u00e9 v\u00fdsledky prosp\u011b\u0161n\u00e9 v\u0161em.<\/span><span class=\"CharOverride-6\"> <\/span><span class=\"CharOverride-6\"><br \/>\r\n<\/span><em><span class=\"CharOverride-14\"><br \/>\r\nHana \u0160i\u0161kov\u00e1, radn\u00ed pro oblast \u0161kolstv\u00ed Prahy&nbsp;7<\/span><\/em><\/p>\r\n<\/div>\r\n<div class=\"_idGenObjectLayout-1\">\r\n<div id=\"_idContainer534\" class=\"Z-kladn--grafick\u00fd-r-me\u010dek _idGenObjectStyleOverride-5\">\r\n<hr \/><\/div>\r\n<\/div>\r\n<div id=\"_idContainer535\" class=\"Z-kladn--textov\u00fd-r-me\u010dek\">\r\n<p class=\"Z-kladn--odstavec\"><strong>Studentsk\u00e9 zastupitelstvo<\/strong><br \/>\r\nMl\u00e1de\u017e na Sedmi\u010dce m\u016f\u017ee participovat na d\u011bn\u00ed obce i\u00a0v\u00a0r\u00e1mci Studentsk\u00e9ho zastupitelstva M\u010c Praha&nbsp;7. Tento projekt b\u011b\u017e\u00ed na Sedmi\u010dce ji\u017e n\u011bkolik let. Krom\u011b zahrani\u010dn\u00ed spolupr\u00e1ce maj\u00ed st\u0159edo\u0161kol\u0161t\u00ed zastupitel\u00e9 za sebou nap\u0159\u00edklad \u00faklid n\u011bkter\u00fdch \u010d\u00e1st\u00ed Prahy&nbsp;7 nebo volbu studentsk\u00e9ho starosty, kter\u00fdm se loni stal Tom\u00e1\u0161 Grundza. Projekt prom\u00edt\u00e1n\u00ed pro studenty a\u00a0\u017e\u00e1ky, se kter\u00fdm volby vyhr\u00e1l, bude realizov\u00e1n letos v\u00a0l\u00e9t\u011b. V\u00a0tuto chv\u00edli se koncept zastupitelstva upravuje, c\u00edlem je skrze z\u00e1stupce ze \u017e\u00e1kovsk\u00fdch parlament\u016f zapojit i\u00a0\u017e\u00e1ky Z\u0160. Radnice chce tak\u00e9 podpo\u0159it spolupr\u00e1ci mlad\u00fdch nap\u0159\u00ed\u010d Sedmi\u010dkou i\u00a0v\u00a0r\u00e1mci cel\u00e9 Prahy.<\/p>\r\n<\/div>\r\n<div id=\"_idContainer538\" class=\"_idGenObjectStyleOverride-3\">\r\n<p class=\"Rubrika_kultura_tit ParaOverride-7\"><strong><span class=\"CharOverride-27\">Rodi\u010de, zapojte se!<br \/>\r\n<\/span><\/strong><span class=\"CharOverride-14\">D\u011bn\u00ed na \u0161kol\u00e1ch mohou podpo\u0159it i\u00a0rodi\u010de skrze rodi\u010dovsk\u00e9 spolky. Na \u0161kol\u00e1ch v\u00a0Praze 7 je n\u011bkolik velmi aktivn\u00edch spolk\u016f, kter\u00e9 dovedou podpo\u0159it \u0161kolu jak finan\u010dn\u011b, tak organizac\u00ed r\u016fzn\u00fdch akc\u00ed. Nap\u0159\u00edklad Spolek Korunka p\u0159i Z\u0160 Korunova\u010dn\u00ed dlouhodob\u011b organizuje dou\u010dov\u00e1n\u00ed d\u011bt\u00ed s\u00a0v\u00fdukov\u00fdm znev\u00fdhodn\u011bn\u00edm, podporuje dal\u0161\u00ed vzd\u011bl\u00e1v\u00e1n\u00ed pedagog\u016f a\u00a0vybavenost \u0161koly, organizuje letn\u00ed zahradn\u00ed slavnost a\u00a0mnoho dal\u0161\u00edho. Pen\u00edze z\u00edsk\u00e1v\u00e1 z\u00a0charitativn\u00edho bazaru a\u00a0<\/span><span class=\"CharOverride-14\">z\u00a0dota\u010dn\u00edch program\u016f. Na Z\u0160 Korunova\u010dn\u00ed p\u016fsob\u00ed tak\u00e9 spolek Montessori Korunka, kter\u00fd zaji\u0161\u0165uje p\u0159edev\u0161\u00edm podporu Montessori t\u0159\u00edd\u00e1m a\u00a0spolupracuje na mnoha projektech se Spolkem Korunka. Spolek rodi\u010d\u016f funguje i\u00a0na Z\u0160 TGM, organizuje nap\u0159\u00edklad tradi\u010dn\u00ed kv\u011btnov\u00fd Pochod TGM, v\u00edt\u00e1n\u00ed prv\u0148\u00e1\u010dk\u016f, finan\u010dn\u011b podporuje vybaven\u00ed knihovny nebo vytvo\u0159en\u00ed relaxa\u010dn\u00ed m\u00edstnosti pro \u017e\u00e1ky a\u00a0v\u011bnuje se i\u00a0zlep\u0161ov\u00e1n\u00ed komunikace \u0161koly a\u00a0rodi\u010d\u016f. Aktivn\u00ed spolek je i\u00a0na Z\u0160 Fr. Plam\u00ednkov\u00e9, kde organizuje \u0159adu komunitn\u00edch akc\u00ed. <\/span><\/p>\r\n<p class=\"Rubrika_kultura_tit ParaOverride-7\"><span class=\"CharOverride-14\">R\u00e1di byste n\u011bco podobn\u00e9ho rozjeli i\u00a0na va\u0161\u00ed \u0161kole? Rodi\u010de ze st\u00e1vaj\u00edc\u00edch spolk\u016f nab\u00edzej\u00ed sd\u00edlen\u00ed sv\u00fdch zku\u0161enost\u00ed a\u00a0dobr\u00e9 praxe. V\u00a0p\u0159\u00edpad\u011b z\u00e1jmu kontaktujte pan\u00ed S. Svobodovou z\u00a0Odboru vzd\u011bl\u00e1v\u00e1n\u00ed a\u00a0projektov\u00e9ho \u0159\u00edzen\u00ed, email: <a href=\"mailto:svobodovas@praha7.cz\">svobodovas@praha7.cz<\/a>.<br \/>\r\n<\/span><span class=\"CharOverride-14\"> <\/span><\/p>\r\n<p class=\"Rubrika_kultura_tit ParaOverride-7\"><span class=\"CharOverride-27\"><strong>Aktuality<\/strong> <br \/>\r\n<\/span><span class=\"CharOverride-14\">Pou\u017e\u00edv\u00e1n\u00ed mobiln\u00edch telefon\u016f i\u00a0jejich omezov\u00e1n\u00ed je \u017ehav\u00e9 t\u00e9ma snad na ka\u017ed\u00e9 z\u00e1kladn\u00ed \u0161kole. Aktivn\u011b k\u00a0t\u00e9matu p\u0159istoupila t\u0159\u00edda 7.A\u00a0na Z\u0160 Korunova\u010dn\u00ed, kter\u00e1\u00a0z\u00e1kaz mobiln\u00edch telefon\u016f pojala jako v\u00fdzvu a\u00a0jeden t\u00fdden cel\u00e1 t\u0159\u00edda, v\u010detn\u011b t\u0159\u00eddn\u00edho u\u010ditele i\u00a0asistentky pedagoga, str\u00e1vila \u00fapln\u011b bez mobilu. Na za\u010d\u00e1tku ka\u017ed\u00e9ho dne v\u0161ichni ulo\u017eili sv\u016fj telefon do kabinetu t\u0159\u00eddn\u00edho u\u010ditele a\u00a0vyzvedli si jej a\u017e po vyu\u010dov\u00e1n\u00ed. Za cel\u00fd t\u00fdden z\u00e1kaz nikdo neporu\u0161il a\u00a0p\u0159i z\u00e1v\u011bre\u010dn\u00e9m zhodnocen\u00ed m\u011bla cel\u00e1 akce i\u00a0u\u00a0samotn\u00fdch \u017e\u00e1k\u016f velmi kladn\u00e9 ohlasy. Zde uv\u00e1d\u00edme alespo\u0148 jeden z\u00a0nich: \u201eDok\u00e1zali jsme spolupracovat a\u00a0bavit se navz\u00e1jem nam\u00edsto toho, abychom v\u0161ichni byli o\u00a0p\u0159est\u00e1vce na mobilu.\u201c \u017d\u00e1kovsk\u00fd parlament Korunky te\u010f jedn\u00e1 o\u00a0podobn\u00e9 v\u00fdzv\u011b pro celou \u0161kolu.\u00a0D\u011bti v\u00a0mnoh\u00e9m p\u0159eb\u00edraj\u00ed a\u00a0kop\u00edruj\u00ed p\u0159\u00edklad dosp\u011bl\u00fdch, p\u0159ed zva\u017eov\u00e1n\u00edm z\u00e1kazu mobiln\u00edch telefon\u016f je tedy nam\u00edst\u011b zamyslet se nad t\u00edm, jak telefony pou\u017e\u00edv\u00e1me my sami.<\/span><\/p>\r\n<hr \/>\r\n<p class=\"Rubrika_kultura_tit ParaOverride-7\"><span class=\"CharOverride-14\">V\u00a0b\u0159eznu se uskute\u010dnilo dal\u0161\u00ed setk\u00e1n\u00ed pedagog\u016f v\u00a0Centru pedagogick\u00e9 podpory v\u00a0Z\u0160 TGM. V\u00a0r\u00e1mci projektu\u00a0Elix\u00edr do \u0161kol\u00a0se tentokr\u00e1t se\u0161li fyzik\u00e1\u0159i z\u00a02.\u00a0stupn\u011b Z\u0160 Prahy&nbsp;7, kte\u0159\u00ed si vyzkou\u0161eli \u0159adu poutav\u00fdch experiment\u016f a\u00a0dal\u0161\u00edch postup\u016f, jak v\u00a0d\u011btech p\u011bstovat z\u00e1jem o\u00a0fyziku a\u00a0p\u0159\u00edrodn\u00ed v\u011bdy.\u00a0<\/span><\/p>\r\n<hr \/>\r\n<p class=\"Rubrika_kultura_tit ParaOverride-7\"><span class=\"CharOverride-14\">Od ledna 2019 se \u0161kolsk\u00e1 agenda z&nbsp;organiza\u010dn\u00edch d\u016fvod\u016f p\u0159esunula pod nov\u011b vznikl\u00fd Odbor vzd\u011bl\u00e1v\u00e1n\u00ed a&nbsp;projektov\u00e9ho \u0159\u00edzen\u00ed, kter\u00fd s\u00eddl\u00ed na deta\u0161ovan\u00e9m pracovi\u0161ti Veletr\u017en\u00ed 33. S&nbsp;dotazy k&nbsp;oblasti \u0161kolstv\u00ed se obracejte na odbornou referentku Evu Krejcarovou, email:<a href=\"mailto:krejcarovae@praha7.cz\"> krejcarovae@praha7.cz<\/a>.<\/span><\/p>\r\n<\/div>","protected":false},"excerpt":{"rendered":"[perex] \u017d\u00e1ci z\u00e1kladn\u00edch \u0161kol na Sedmi\u010dce letos znovu hlasovali o\u00a0\u017e\u00e1kovsk\u00fdch n\u00e1padech na zlep\u0161en\u00ed \u0161koly. Jak p\u0159esn\u011b to funguje? Jak\u00e9 n\u00e1pady vyhr\u00e1ly a\u00a0mohou se d\u011bti a\u00a0studenti je\u0161t\u011b n\u011bjak\u00fdm dal\u0161\u00edm zp\u016fsobem zapojit do d\u011bn\u00ed ve \u0161kole i\u00a0mimo \u0161kolu? [\/perex] Hlasov\u00e1n\u00ed o\u00a0\u017e\u00e1kovsk\u00fdch n\u00e1padech je sou\u010d\u00e1st\u00ed \u0161koln\u00edch participativn\u00edch rozpo\u010dt\u016f, ozna\u010dovan\u00fdch jako p\u00e9b\u00e9\u010dka (z\u00a0anglick\u00e9ho participatory budgeting). Druh\u00fd ro\u010dn\u00edk se uskute\u010dnil [&hellip;]","protected":false},"author":76,"featured_media":25675,"comment_status":"closed","ping_status":"open","sticky":false,"template":"","format":"standard","meta":[],"categories":[37],"tags":[],"_links":{"self":[{"href":"https:\/\/www.praha7.cz\/api\/wp\/v2\/posts\/25669"}],"collection":[{"href":"https:\/\/www.praha7.cz\/api\/wp\/v2\/posts"}],"about":[{"href":"https:\/\/www.praha7.cz\/api\/wp\/v2\/types\/post"}],"author":[{"embeddable":true,"href":"https:\/\/www.praha7.cz\/api\/wp\/v2\/users\/76"}],"replies":[{"embeddable":true,"href":"https:\/\/www.praha7.cz\/api\/wp\/v2\/comments?post=25669"}],"version-history":[{"count":2,"href":"https:\/\/www.praha7.cz\/api\/wp\/v2\/posts\/25669\/revisions"}],"predecessor-version":[{"id":25676,"href":"https:\/\/www.praha7.cz\/api\/wp\/v2\/posts\/25669\/revisions\/25676"}],"wp:featuredmedia":[{"embeddable":true,"href":"https:\/\/www.praha7.cz\/api\/wp\/v2\/media\/25675"}],"wp:attachment":[{"href":"https:\/\/www.praha7.cz\/api\/wp\/v2\/media?parent=25669"}],"wp:term":[{"taxonomy":"category","embeddable":true,"href":"https:\/\/www.praha7.cz\/api\/wp\/v2\/categories?post=25669"},{"taxonomy":"post_tag","embeddable":true,"href":"https:\/\/www.praha7.cz\/api\/wp\/v2\/tags?post=25669"}],"curies":[{"name":"wp","href":"https:\/\/api.w.org\/{rel}","templated":true}]}}