    
{"id":25380,"date":"2019-04-12T14:46:27","date_gmt":"2019-04-12T12:46:27","guid":{"rendered":"https:\/\/www.praha7.cz\/?p=25380"},"modified":"2019-04-15T10:52:10","modified_gmt":"2019-04-15T08:52:10","slug":"jarni-koncert-prahy-7","status":"publish","type":"post","link":"https:\/\/www.praha7.cz\/jarni-koncert-prahy-7\/","title":{"rendered":"Jarn\u00ed koncert Prahy&nbsp;7"},"content":{"rendered":"<p>M\u011bstsk\u00e1 \u010d\u00e1st Praha&nbsp;7 a&nbsp;\u0158\u00edmskokatolick\u00e1 farnost p\u0159i kostele sv. Anton\u00edna V\u00e1s srde\u010dn\u011b zvou na jarn\u00ed koncert Prahy&nbsp;7 <strong>v \u00fater\u00fd 30.&nbsp;dubna od 19.30 hodin v&nbsp;kostele sv. Anton\u00edna na Strossmayerov\u011b n\u00e1m\u011bst\u00ed<\/strong>.<\/p>\r\n<p>Zazn\u00ed skladby \u010cty\u0159i p\u00edsn\u011b o&nbsp;Marii\u00a0(Zv\u011bstov\u00e1n\u00ed, Sn\u00eddan\u00ed Panny Marie), Otv\u00edr\u00e1n\u00ed stud\u00e1nek a&nbsp;Kytice od Bohuslava Martin\u016f.\u00a0<\/p>\r\n<p>\u00da\u010dinkuj\u00ed: Collegium paedagogicum, sm\u00ed\u0161en\u00fd p\u011bveck\u00fd sbor a&nbsp;komorn\u00ed orchestr PedF UK,\u00a0Komorn\u00ed \u017eensk\u00fd sbor PedF UK a&nbsp;Piccolo coro &amp; Piccola orchestra. Dirigenti: Jana Veverkov\u00e1 a&nbsp;Marek Val\u00e1\u0161ek.\u00a0<\/p>\r\n<p>Vstup voln\u00fd.<\/p>\r\n<p><a href=\"https:\/\/www.svatyantonin.cz\">svatyantonin.cz<\/a><\/p>\r\n<p><a href=\"https:\/\/www.facebook.com\/events\/970292249828511\/\">Ud\u00e1lost na Facebooku<\/a><\/p>","protected":false},"excerpt":{"rendered":"M\u011bstsk\u00e1 \u010d\u00e1st Praha&nbsp;7 a&nbsp;\u0158\u00edmskokatolick\u00e1 farnost p\u0159i kostele sv. Anton\u00edna V\u00e1s srde\u010dn\u011b zvou na jarn\u00ed koncert Prahy&nbsp;7 v&nbsp;\u00fater\u00fd 30.&nbsp;dubna od 19.30 hodin v&nbsp;kostele sv. Anton\u00edna na Strossmayerov\u011b n\u00e1m\u011bst\u00ed. Zazn\u00ed skladby \u010cty\u0159i p\u00edsn\u011b o&nbsp;Marii\u00a0(Zv\u011bstov\u00e1n\u00ed, Sn\u00eddan\u00ed Panny Marie), Otv\u00edr\u00e1n\u00ed stud\u00e1nek a&nbsp;Kytice od Bohuslava Martin\u016f.\u00a0 \u00da\u010dinkuj\u00ed: Collegium paedagogicum, sm\u00ed\u0161en\u00fd p\u011bveck\u00fd sbor a&nbsp;komorn\u00ed orchestr PedF UK,\u00a0Komorn\u00ed \u017eensk\u00fd sbor PedF [&hellip;]","protected":false},"author":76,"featured_media":25395,"comment_status":"closed","ping_status":"open","sticky":false,"template":"","format":"standard","meta":[],"categories":[34],"tags":[],"_links":{"self":[{"href":"https:\/\/www.praha7.cz\/api\/wp\/v2\/posts\/25380"}],"collection":[{"href":"https:\/\/www.praha7.cz\/api\/wp\/v2\/posts"}],"about":[{"href":"https:\/\/www.praha7.cz\/api\/wp\/v2\/types\/post"}],"author":[{"embeddable":true,"href":"https:\/\/www.praha7.cz\/api\/wp\/v2\/users\/76"}],"replies":[{"embeddable":true,"href":"https:\/\/www.praha7.cz\/api\/wp\/v2\/comments?post=25380"}],"version-history":[{"count":5,"href":"https:\/\/www.praha7.cz\/api\/wp\/v2\/posts\/25380\/revisions"}],"predecessor-version":[{"id":25398,"href":"https:\/\/www.praha7.cz\/api\/wp\/v2\/posts\/25380\/revisions\/25398"}],"wp:featuredmedia":[{"embeddable":true,"href":"https:\/\/www.praha7.cz\/api\/wp\/v2\/media\/25395"}],"wp:attachment":[{"href":"https:\/\/www.praha7.cz\/api\/wp\/v2\/media?parent=25380"}],"wp:term":[{"taxonomy":"category","embeddable":true,"href":"https:\/\/www.praha7.cz\/api\/wp\/v2\/categories?post=25380"},{"taxonomy":"post_tag","embeddable":true,"href":"https:\/\/www.praha7.cz\/api\/wp\/v2\/tags?post=25380"}],"curies":[{"name":"wp","href":"https:\/\/api.w.org\/{rel}","templated":true}]}}