    
{"id":25237,"date":"2019-05-06T10:11:39","date_gmt":"2019-05-06T08:11:39","guid":{"rendered":"https:\/\/www.praha7.cz\/?p=25237"},"modified":"2019-05-06T11:11:30","modified_gmt":"2019-05-06T09:11:30","slug":"hledate-zajimavou-praci-v-socialni-oblasti-3","status":"publish","type":"post","link":"https:\/\/www.praha7.cz\/hledate-zajimavou-praci-v-socialni-oblasti-3\/","title":{"rendered":"Hled\u00e1te zaj\u00edmavou pr\u00e1ci v&nbsp;soci\u00e1ln\u011b-zdravotn\u00ed oblasti?"},"content":{"rendered":"<p>[perex]<\/p>\r\n<p>\u00da\u0159ad Prahy&nbsp;7 sh\u00e1n\u00ed do sv\u00e9ho t\u00fdmu kolegyni\/kolegu na pozici pracovn\u00edk\/ce se zam\u011b\u0159en\u00edm na case management. Zaj\u00edmaj\u00ed v\u00e1s nov\u00e9 v\u00fdzvy a&nbsp;inovativn\u00ed aktivity v\u00a0soci\u00e1ln\u011b-zdravotn\u00ed oblasti? Chcete zaji\u0161\u0165ovat koordinaci soci\u00e1ln\u00edch a&nbsp;zdravotn\u00edch slu\u017eeb a&nbsp;pom\u00e1hat t\u011bm, kte\u0159\u00ed to nejv\u00edce pot\u0159ebuj\u00ed? A&nbsp;v\u00a0neposledn\u00ed \u0159ad\u011b chcete pracovat v\u00a0dynamicky se rozv\u00edjej\u00edc\u00ed m\u011bstsk\u00e9 \u010d\u00e1sti pro \u00fa\u0159ad s\u00a0tak trochu jin\u00fdm p\u0159\u00edstupem? Nev\u00e1hejte a&nbsp;p\u0159ihlaste se do na\u0161eho popt\u00e1vkov\u00e9ho \u0159\u00edzen\u00ed.<\/p>\r\n<p>[\/perex]<\/p>\r\n<h3>Co u&nbsp;n\u00e1s budete d\u011blat?<\/h3>\r\n<p>Hlavn\u00ed n\u00e1pln\u00ed va\u0161\u00ed pr\u00e1ce bude vytipov\u00e1v\u00e1n\u00ed p\u0159\u00edpad\u016f vhodn\u00fdch pro \u0159e\u0161en\u00ed formou case managementu, prov\u00e1d\u011bn\u00ed depist\u00e1\u017en\u00ed \u010dinnosti a&nbsp;soci\u00e1ln\u00edho \u0161et\u0159en\u00ed v&nbsp;p\u0159irozen\u00e9m prost\u0159ed\u00ed klienta. Veden\u00ed agendy v&nbsp;pr\u016fb\u011bhu poskytov\u00e1n\u00ed soci\u00e1ln\u00edch a&nbsp;zdravotn\u00edch slu\u017eeb. Podpora metodick\u00e9 \u010dinnosti a&nbsp;sb\u011bru dat pro v\u00fdvoj platformy pro case management a&nbsp;testov\u00e1n\u00ed p\u0159ipravovan\u00e9ho softwarov\u00e9ho n\u00e1stroje.<\/p>\r\n<p>&nbsp;<\/p>\r\n<h3>Co od v\u00e1s o\u010dek\u00e1v\u00e1me?<\/h3>\r\n<p>&#8211;\u00a0\u00a0\u00a0\u00a0\u00a0\u00a0 Vysoko\u0161kolsk\u00e9 vzd\u011bl\u00e1n\u00ed v&nbsp;magistersk\u00e9m nebo bakal\u00e1\u0159sk\u00e9m studijn\u00edm programu<\/p>\r\n<p>&#8211;\u00a0\u00a0\u00a0\u00a0\u00a0\u00a0 znalost z\u00e1k. \u010d. 108\/2006 Sb., orientace v&nbsp;z\u00e1k. \u010d. 111\/2006 Sb., o&nbsp;hmotn\u00e9 nouzi a&nbsp;dal\u0161\u00edch z\u00e1kon\u016f souvisej\u00edc\u00edch se soci\u00e1ln\u00ed oblast\u00ed<\/p>\r\n<p>&#8211;\u00a0\u00a0\u00a0\u00a0\u00a0\u00a0 odbornou zp\u016fsobilost k&nbsp;v\u00fdkonu povol\u00e1n\u00ed soci\u00e1ln\u00edho pracovn\u00edka<\/p>\r\n<p>&#8211;\u00a0\u00a0\u00a0\u00a0\u00a0\u00a0 praxi v&nbsp;soci\u00e1ln\u00ed oblasti<\/p>\r\n<p>&#8211;\u00a0\u00a0\u00a0\u00a0\u00a0\u00a0 komunika\u010dn\u00ed schopnosti s&nbsp;r\u016fzn\u00fdmi c\u00edlov\u00fdmi skupinami soci\u00e1ln\u00ed pr\u00e1ce, empatick\u00fd p\u0159\u00edstup a&nbsp;soci\u00e1ln\u00ed c\u00edt\u011bn\u00ed<\/p>\r\n<p>&#8211;\u00a0\u00a0\u00a0\u00a0\u00a0\u00a0 odolnost proti stresu<\/p>\r\n<p>&#8211;\u00a0\u00a0\u00a0\u00a0\u00a0\u00a0 organiza\u010dn\u00ed schopnosti, zodpov\u011bdnost a&nbsp;samostatnost<\/p>\r\n<p>&#8211;\u00a0\u00a0\u00a0\u00a0\u00a0\u00a0 proaktivn\u00ed p\u0159\u00edstup k&nbsp;\u0159e\u0161en\u00ed probl\u00e9m\u016f a&nbsp;v\u00fdzev spojen\u00fdch se zav\u00e1d\u011bn\u00edm nov\u00fdch metod pr\u00e1ce<\/p>\r\n<p>&#8211;\u00a0\u00a0\u00a0\u00a0\u00a0\u00a0 dobr\u00fd p\u0159ehled o&nbsp;poskytovatel\u00edch soci\u00e1ln\u00edch slu\u017eeb na \u00fazem\u00ed hl. m. Prahy zejm\u00e9na M\u010c Praha&nbsp;7<\/p>\r\n<p>&#8211;\u00a0\u00a0\u00a0\u00a0\u00a0\u00a0 zku\u0161enosti s&nbsp;case managementem u&nbsp;jak\u00e9koli c\u00edlov\u00e9 skupiny osob<\/p>\r\n<p>&#8211;\u00a0\u00a0\u00a0\u00a0\u00a0\u00a0 u\u017eivatelsk\u00e1 znalost pr\u00e1ce na PC<\/p>\r\n<p>&#8211;\u00a0\u00a0\u00a0\u00a0\u00a0\u00a0 AJ v\u00fdhodou<\/p>\r\n<p>&nbsp;<\/p>\r\n<h3>Co v\u00e1m nab\u00edz\u00edme?<\/h3>\r\n<p>Pracovn\u00ed pom\u011br na dobu ur\u010ditou do 31.&nbsp;12.&nbsp;2019 a&nbsp;n\u00e1sledn\u00e9 prodlou\u017een\u00ed do 30.&nbsp;4.&nbsp;2020 s\u00a0pracovn\u00edm \u00favazkem 0,5. N\u00e1stupn\u00ed plat v\u00a011.&nbsp;platov\u00e9 t\u0159\u00edd\u011b ve v\u00fd\u0161i 17\u00a0000&nbsp;K\u010d m\u011bs\u00ed\u010dn\u011b.<\/p>\r\n<table width=\"1109\" height=\"217\" style=\"color: black !important; font-weight: normal !important;\">\r\n<tbody>\r\n<tr>\r\n<td style=\"height: 0px; text-align: center;\"><\/td>\r\n<td style=\"height: 0px; text-align: center;\"><\/td>\r\n<td style=\"height: 0px; text-align: center;\"><\/td>\r\n<\/tr>\r\n<tr>\r\n<td style=\"width: 361px; text-align: center;\">\r\n<p><img loading=\"lazy\" src=\"https:\/\/www.praha7.cz\/wp-content\/uploads\/2018\/11\/rust.jpg\" alt=\"\" width=\"99\" height=\"96\" class=\"alignnone size-full wp-image-21382\" \/><\/p>\r\n<span style=\"font-weight: normal !important; color: black !important;\">Platov\u00e9 ohodnocen\u00ed, kter\u00e9 roste spolu s&nbsp;v\u00e1mi.<\/span><\/td>\r\n<td style=\"width: 363px; text-align: center;\">\r\n<p><img loading=\"lazy\" src=\"https:\/\/www.praha7.cz\/wp-content\/uploads\/2018\/11\/benefit.jpg\" alt=\"\" width=\"99\" height=\"96\" class=\"alignnone size-full wp-image-21381\" \/><\/p>\r\n<span style=\"font-weight: normal !important; color: black !important;\">\u0160irokou \u0161k\u00e1lu benefit\u016f, kter\u00e9 p\u0159ich\u00e1zej\u00ed ve spr\u00e1vn\u00fd \u010das.<\/span><\/td>\r\n<td style=\"width: 363px; text-align: center;\">\r\n<p><img loading=\"lazy\" src=\"https:\/\/www.praha7.cz\/wp-content\/uploads\/2018\/11\/dovolena.jpg\" alt=\"\" width=\"99\" height=\"96\" class=\"alignnone size-full wp-image-21383\" \/><\/p>\r\n<span style=\"font-weight: normal !important; color: black !important;\">5 t\u00fddn\u016f dovolen\u00e9, na kterou\u00a0 nebudete cht\u00edt odjet.<\/span><\/td>\r\n<\/tr>\r\n<tr>\r\n<td style=\"width: 361px; text-align: center;\">\r\n<p><img loading=\"lazy\" src=\"https:\/\/www.praha7.cz\/wp-content\/uploads\/2018\/11\/vzdelavani.jpg\" alt=\"\" width=\"142\" height=\"96\" class=\"alignnone size-full wp-image-21384\" \/><\/p>\r\n<span style=\"font-weight: normal !important; color: black !important;\">Mo\u017enost dal\u0161\u00edho vzd\u011bl\u00e1van\u00ed, abyste se ve sv\u011bt\u011b neztratili.<\/span><\/td>\r\n<td style=\"width: 363px; text-align: center;\">\r\n<p><img loading=\"lazy\" src=\"https:\/\/www.praha7.cz\/wp-content\/uploads\/2018\/11\/inspirace.jpg\" alt=\"\" width=\"99\" height=\"96\" class=\"alignnone size-full wp-image-21385\" \/><\/p>\r\n<span style=\"font-weight: normal !important; color: black !important;\">Pr\u00e1ci v&nbsp;inspirativn\u00edm kolektivu, kde se p\u0159ed n\u00e1pady nezav\u00edraj\u00ed o\u010di.<\/span><\/td>\r\n<td style=\"width: 363px; text-align: center;\">\r\n<p><img loading=\"lazy\" src=\"https:\/\/www.praha7.cz\/wp-content\/uploads\/2018\/11\/perspektiva.jpg\" alt=\"\" width=\"99\" height=\"96\" class=\"alignnone size-full wp-image-21386\" \/><\/p>\r\n<span style=\"font-weight: normal !important; color: black !important;\">Perspektivn\u00ed zam\u011bstn\u00e1n\u00ed, kde pom\u00e1h\u00e1te m\u011bnit sv\u011bt kolem sebe.<\/span><\/td>\r\n<\/tr>\r\n<\/tbody>\r\n<\/table>\r\n<p>&nbsp;<\/p>\r\n<h3>Jak se k\u00a0n\u00e1m dostanete?<\/h3>\r\n<p>P\u0159ihl\u00e1\u0161ku a&nbsp;souhlas se zpracov\u00e1n\u00edm osobn\u00edch \u00fadaj\u016f (naleznete ve Formul\u00e1\u0159\u00edch Odboru person\u00e1ln\u00edch \u010dinnost\u00ed) v\u010detn\u011b strukturovan\u00e9ho \u017eivotopisu je mo\u017en\u00e9 osobn\u011b doru\u010dit v&nbsp;\u00fa\u0159edn\u00edch hodin\u00e1ch do podatelny \u00da\u0159adu M\u010c Praha&nbsp;7 nebo zaslat na n\u00ed\u017ee uvedenou adresu, p\u0159\u00edpadn\u011b zaslat i&nbsp;e-mailem na <a href=\"mailto:pouzarovae@praha7.cz\">pouzarovae@praha7.cz<\/a> <span style=\"color: #ff0000;\"><strong>nejpozd\u011bji do 17.&nbsp;5.&nbsp;2019<\/strong><\/span>.<\/p>\r\n<p>&nbsp;<\/p>\r\n<p><strong>P\u0159edpokl\u00e1dan\u00fd vznik pracovn\u00ed pozice je 1.&nbsp;6.&nbsp;2019.<\/strong><\/p>\r\n<p>&nbsp;<\/p>\r\n<p><em>M\u011bstsk\u00e1 \u010d\u00e1st Praha&nbsp;7<\/em><\/p>\r\n<p><em>\u00da\u0159ad m\u011bstsk\u00e9 \u010d\u00e1sti Praha&nbsp;7<\/em><\/p>\r\n<p><em>Odbor person\u00e1ln\u00edch \u010dinnost\u00ed<\/em><\/p>\r\n<p><em>n\u00e1b\u0159. Kpt. Jaro\u0161e 1000<\/em><\/p>\r\n<p><em>170&nbsp;00 Praha&nbsp;7<\/em><\/p>\r\n<p>&nbsp;<\/p>\r\n<p>Ve\u0161ker\u00e9 pot\u0159ebn\u00e9 informace pro p\u0159ihl\u00e1\u0161en\u00ed do popt\u00e1vkov\u00e9ho \u0159\u00edzen\u00ed naleznete <a href=\"https:\/\/www.praha7.cz\/wp-content\/uploads\/2019\/04\/M\u010c-Odbor-person\u00e1ln\u00ed-OSZ_socialni_pracovnik-case_II..pdf\">zde<\/a>.<\/p>","protected":false},"excerpt":{"rendered":"[perex] \u00da\u0159ad Prahy&nbsp;7 sh\u00e1n\u00ed do sv\u00e9ho t\u00fdmu kolegyni\/kolegu na pozici pracovn\u00edk\/ce se zam\u011b\u0159en\u00edm na case management. Zaj\u00edmaj\u00ed v\u00e1s nov\u00e9 v\u00fdzvy a&nbsp;inovativn\u00ed aktivity v\u00a0soci\u00e1ln\u011b-zdravotn\u00ed oblasti? Chcete zaji\u0161\u0165ovat koordinaci soci\u00e1ln\u00edch a&nbsp;zdravotn\u00edch slu\u017eeb a&nbsp;pom\u00e1hat t\u011bm, kte\u0159\u00ed to nejv\u00edce pot\u0159ebuj\u00ed? A&nbsp;v\u00a0neposledn\u00ed \u0159ad\u011b chcete pracovat v\u00a0dynamicky se rozv\u00edjej\u00edc\u00ed m\u011bstsk\u00e9 \u010d\u00e1sti pro \u00fa\u0159ad s\u00a0tak trochu jin\u00fdm p\u0159\u00edstupem? Nev\u00e1hejte a&nbsp;p\u0159ihlaste se do [&hellip;]","protected":false},"author":5,"featured_media":25098,"comment_status":"closed","ping_status":"open","sticky":false,"template":"","format":"standard","meta":[],"categories":[34,74],"tags":[],"_links":{"self":[{"href":"https:\/\/www.praha7.cz\/api\/wp\/v2\/posts\/25237"}],"collection":[{"href":"https:\/\/www.praha7.cz\/api\/wp\/v2\/posts"}],"about":[{"href":"https:\/\/www.praha7.cz\/api\/wp\/v2\/types\/post"}],"author":[{"embeddable":true,"href":"https:\/\/www.praha7.cz\/api\/wp\/v2\/users\/5"}],"replies":[{"embeddable":true,"href":"https:\/\/www.praha7.cz\/api\/wp\/v2\/comments?post=25237"}],"version-history":[{"count":7,"href":"https:\/\/www.praha7.cz\/api\/wp\/v2\/posts\/25237\/revisions"}],"predecessor-version":[{"id":25984,"href":"https:\/\/www.praha7.cz\/api\/wp\/v2\/posts\/25237\/revisions\/25984"}],"wp:featuredmedia":[{"embeddable":true,"href":"https:\/\/www.praha7.cz\/api\/wp\/v2\/media\/25098"}],"wp:attachment":[{"href":"https:\/\/www.praha7.cz\/api\/wp\/v2\/media?parent=25237"}],"wp:term":[{"taxonomy":"category","embeddable":true,"href":"https:\/\/www.praha7.cz\/api\/wp\/v2\/categories?post=25237"},{"taxonomy":"post_tag","embeddable":true,"href":"https:\/\/www.praha7.cz\/api\/wp\/v2\/tags?post=25237"}],"curies":[{"name":"wp","href":"https:\/\/api.w.org\/{rel}","templated":true}]}}