    
{"id":24933,"date":"2019-03-29T17:08:46","date_gmt":"2019-03-29T16:08:46","guid":{"rendered":"https:\/\/www.praha7.cz\/?p=24933"},"modified":"2019-05-16T12:55:03","modified_gmt":"2019-05-16T10:55:03","slug":"sedmicka-se-zapojuje-do-modernich-vzdelavacich-programu","status":"publish","type":"post","link":"https:\/\/www.praha7.cz\/sedmicka-se-zapojuje-do-modernich-vzdelavacich-programu\/","title":{"rendered":"Sedmi\u010dka se zapojuje do modern\u00edch vzd\u011bl\u00e1vac\u00edch program\u016f"},"content":{"rendered":"<p>[perex]<\/p>\r\n<p>U p\u0159\u00edle\u017eitosti Dne u\u010ditel\u016f ve \u010dtvrtek 28.&nbsp;b\u0159ezna obdr\u017eeli pedagogov\u00e9 ze z\u00e1kladn\u00edch a&nbsp;mate\u0159sk\u00fdch \u0161kol z&nbsp;Prahy&nbsp;7 pod\u011bkov\u00e1n\u00ed a&nbsp;drobn\u00e9 pozornosti od veden\u00ed m\u011bstsk\u00e9 \u010d\u00e1sti. Radn\u00ed Prahy&nbsp;7 ocenili vynikaj\u00edc\u00ed ka\u017edodenn\u00ed pr\u00e1ci u\u010ditel\u016f i&nbsp;chu\u0165 a&nbsp;energii, se kterou se zapojuj\u00ed do r\u016fzn\u00fdch speci\u00e1ln\u00edch program\u016f a&nbsp;vzd\u011bl\u00e1vac\u00edch projekt\u016f.<\/p>\r\n<p>[\/perex]<\/p>\r\n<p>\u201eJsem r\u00e1da, \u017ee na\u0161i u\u010ditel\u00e9 a&nbsp;\u0159editel\u00e9 spolupracuj\u00ed s\u00a0celou \u0159adou progresivn\u00edch vzd\u011bl\u00e1vac\u00edch organizac\u00ed. Chceme tuto spolupr\u00e1ci d\u00e1le systematicky rozv\u00edjet a&nbsp;p\u0159isp\u00edvat tak k\u00a0dal\u0161\u00edmu zkvalit\u0148ov\u00e1n\u00ed a&nbsp;modernizaci v\u00fduky v\u00a0na\u0161ich \u0161kol\u00e1ch,\u201c\u00a0uvedla\u00a0radn\u00ed Prahy&nbsp;7 pro oblast \u0161kolstv\u00ed a&nbsp;vzd\u011bl\u00e1v\u00e1n\u00ed Hana \u0160i\u0161kov\u00e1.\u00a0\u00a0\u00a0\u00a0\u00a0\u00a0\u00a0<\/p>\r\n<p>Ve st\u0159edu 20.&nbsp;3.&nbsp;se uskute\u010dnilo\u00a0<a href=\"https:\/\/elixir-cpp-praha-7.webnode.cz\/l\/magnety-nakonec-fyzikare-pritahly\/\">druh\u00e9 setk\u00e1n\u00ed u\u010ditel\u016f\u00a0<\/a>v\u00a0Centru pedagogick\u00e9 podpory v\u00a0Z\u0160 TGM. V\u00a0r\u00e1mci projektu\u00a0<a href=\"https:\/\/www.praha7.cz\/v-praze-7-si-ucitele-nalevaji-elixir-zabavne-fyziky\/\">Elix\u00edr do \u0161kol\u00a0<\/a>se tentokr\u00e1t se\u0161li fyzik\u00e1\u0159i z\u00a02.&nbsp;stupn\u011b Z\u0160, kte\u0159\u00ed si vyzkou\u0161eli \u0159adu poutav\u00fdch experiment\u016f a&nbsp;dal\u0161\u00edch postup\u016f, jak v\u00a0d\u011btech p\u011bstovat z\u00e1jem o&nbsp;fyziku a&nbsp;p\u0159\u00edrodn\u00ed v\u011bdy.\u00a0<\/p>\r\n<p>Ve st\u0159edu 27.&nbsp;3.&nbsp;v\u00a0DOXu prob\u011bhlo p\u0159edstaven\u00ed projektu\u00a0<a href=\"https:\/\/www.reditelnazivo.cz\/\">\u0158editel na\u017eivo<\/a>, kter\u00fd navazuje na \u00fasp\u011b\u0161n\u00fd vzd\u011bl\u00e1vac\u00ed program\u00a0<a href=\"https:\/\/www.ucitelnazivo.cz\/o-programu\">U\u010ditel na\u017eivo<\/a>, do n\u011bho\u017e se n\u011bkte\u0159\u00ed na\u0161i u\u010ditel\u00e9 tak\u00e9 zapojuj\u00ed.\u00a0Tento program je ur\u010den absolvent\u016fm vysok\u00fdch \u0161kol r\u016fzn\u00e9ho zam\u011b\u0159en\u00ed, kte\u0159\u00ed cht\u011bj\u00ed u\u010dit d\u011bti na z\u00e1kladn\u00edch \u010di st\u0159edn\u00edch \u0161kol\u00e1ch, ale chyb\u00ed jim odpov\u00eddaj\u00edc\u00ed zku\u0161enosti \u010di vzd\u011bl\u00e1n\u00ed. Skrze tento akreditovan\u00fd, intenzivn\u00ed a&nbsp;na praxi zam\u011b\u0159en\u00fd v\u00fdcvik je pr\u00e1v\u011b mohou z\u00edskat.\u00a0<\/p>\r\n<p>P\u0159\u00edmo na Den u\u010ditel\u016f 28.&nbsp;b\u0159ezna pak prob\u011bhlo p\u0159ed\u00e1v\u00e1n\u00ed cen\u00a0<a href=\"https:\/\/www.eduina.cz\/\">EDU\u00cdNA<\/a>\u00a0za p\u0159\u00ednosn\u00e9 projekty v&nbsp;oblasti vzd\u011bl\u00e1v\u00e1n\u00ed. V&nbsp;odborn\u00e9 porot\u011b zasedl tak\u00e9 \u0159editel Z\u0160 Strossmayerovo n\u00e1m\u011bst\u00ed Franti\u0161ek Rada, kter\u00fd z\u00a0dev\u00edti skv\u011bl\u00fdch finalist\u016f pomohl ud\u011blit hlavn\u00ed cenu poroty projektu \u017d\u00e1kovsk\u00e9 parlamenty v\u00a0soci\u00e1ln\u011b vylou\u010den\u00fdch lokalit\u00e1ch. Autorem projektu je\u00a0CEDU \u2013 Centrum pro demokratick\u00e9 u\u010den\u00ed, s\u00a0n\u00edm\u017e spolupracuj\u00ed tak\u00e9 \u017e\u00e1kovsk\u00e9 parlamenty z\u00a0Prahy&nbsp;7.\u00a0<\/p>","protected":false},"excerpt":{"rendered":"[perex] U&nbsp;p\u0159\u00edle\u017eitosti Dne u\u010ditel\u016f ve \u010dtvrtek 28.&nbsp;b\u0159ezna obdr\u017eeli pedagogov\u00e9 ze z\u00e1kladn\u00edch a&nbsp;mate\u0159sk\u00fdch \u0161kol z&nbsp;Prahy&nbsp;7 pod\u011bkov\u00e1n\u00ed a&nbsp;drobn\u00e9 pozornosti od veden\u00ed m\u011bstsk\u00e9 \u010d\u00e1sti. Radn\u00ed Prahy&nbsp;7 ocenili vynikaj\u00edc\u00ed ka\u017edodenn\u00ed pr\u00e1ci u\u010ditel\u016f i&nbsp;chu\u0165 a&nbsp;energii, se kterou se zapojuj\u00ed do r\u016fzn\u00fdch speci\u00e1ln\u00edch program\u016f a&nbsp;vzd\u011bl\u00e1vac\u00edch projekt\u016f. [\/perex] \u201eJsem r\u00e1da, \u017ee na\u0161i u\u010ditel\u00e9 a&nbsp;\u0159editel\u00e9 spolupracuj\u00ed s\u00a0celou \u0159adou progresivn\u00edch vzd\u011bl\u00e1vac\u00edch organizac\u00ed. Chceme [&hellip;]","protected":false},"author":5,"featured_media":24935,"comment_status":"closed","ping_status":"open","sticky":false,"template":"","format":"standard","meta":[],"categories":[34,74],"tags":[],"_links":{"self":[{"href":"https:\/\/www.praha7.cz\/api\/wp\/v2\/posts\/24933"}],"collection":[{"href":"https:\/\/www.praha7.cz\/api\/wp\/v2\/posts"}],"about":[{"href":"https:\/\/www.praha7.cz\/api\/wp\/v2\/types\/post"}],"author":[{"embeddable":true,"href":"https:\/\/www.praha7.cz\/api\/wp\/v2\/users\/5"}],"replies":[{"embeddable":true,"href":"https:\/\/www.praha7.cz\/api\/wp\/v2\/comments?post=24933"}],"version-history":[{"count":1,"href":"https:\/\/www.praha7.cz\/api\/wp\/v2\/posts\/24933\/revisions"}],"predecessor-version":[{"id":24934,"href":"https:\/\/www.praha7.cz\/api\/wp\/v2\/posts\/24933\/revisions\/24934"}],"wp:featuredmedia":[{"embeddable":true,"href":"https:\/\/www.praha7.cz\/api\/wp\/v2\/media\/24935"}],"wp:attachment":[{"href":"https:\/\/www.praha7.cz\/api\/wp\/v2\/media?parent=24933"}],"wp:term":[{"taxonomy":"category","embeddable":true,"href":"https:\/\/www.praha7.cz\/api\/wp\/v2\/categories?post=24933"},{"taxonomy":"post_tag","embeddable":true,"href":"https:\/\/www.praha7.cz\/api\/wp\/v2\/tags?post=24933"}],"curies":[{"name":"wp","href":"https:\/\/api.w.org\/{rel}","templated":true}]}}