    
{"id":24875,"date":"2019-03-28T10:55:10","date_gmt":"2019-03-28T09:55:10","guid":{"rendered":"https:\/\/www.praha7.cz\/?p=24875"},"modified":"2019-03-28T10:55:10","modified_gmt":"2019-03-28T09:55:10","slug":"diagnostika-hlavkova-mostu-pokracuje","status":"publish","type":"post","link":"https:\/\/www.praha7.cz\/diagnostika-hlavkova-mostu-pokracuje\/","title":{"rendered":"Diagnostika Hl\u00e1vkova mostu pokra\u010duje"},"content":{"rendered":"<p>[perex]<\/p>\r\n<p>Star\u0161\u00ed \u010d\u00e1st obloukov\u00e9ho mostu p\u0159es ostrov \u0160tvanici a&nbsp;p\u0159es Vltavu, kter\u00fd tvo\u0159\u00ed sou\u010d\u00e1st Hl\u00e1vkova mostu, bude o&nbsp;v\u00edkendu 30.&nbsp;a&nbsp;31.&nbsp;b\u0159ezna ve sm\u011bru z&nbsp;Hole\u0161ovic do centra uzav\u0159ena. Vybran\u00e9 mosty cel\u00e9ho soumost\u00ed toti\u017e \u010dekaj\u00ed statick\u00e9 zat\u011b\u017eovac\u00ed zkou\u0161ky. M\u011b\u0159en\u00ed za\u010dne v&nbsp;sobotu v&nbsp;rann\u00edch hodin\u00e1ch a&nbsp;potrv\u00e1 a\u017e do ned\u011bln\u00ed noci.<\/p>\r\n<p>[\/perex]<\/p>\r\n<h3><strong>Statick\u00e9 zkou\u0161ky (30.&nbsp;a&nbsp;31.&nbsp;b\u0159ezna) \u2013 zm\u011bna pro automobily a&nbsp;tramvaj \u010d\u00edslo 14<\/strong><\/h3>\r\n<p>Od sobotn\u00edho r\u00e1na do ned\u011bln\u00edho ve\u010dera bude na m\u011b\u0159en\u00e9 \u010d\u00e1sti mostu ve sm\u011bru z&nbsp;Hole\u0161ovic vylou\u010den automobilov\u00fd provoz. \u201eP\u0159es most budou moci \u0159idi\u010di p\u0159ejet po p\u0159ilehl\u00e9 \u010d\u00e1sti mostu ve sm\u011bru z&nbsp;centra, kudy dopravu povedeme obousm\u011brn\u011b v&nbsp;re\u017eimu 1 + 1 pruh,\u201c \u0159\u00edk\u00e1 gener\u00e1ln\u00ed \u0159editel TSK Petr Smolka.<\/p>\r\n<p>Kv\u016fli rozsahu prac\u00ed mus\u00ed Technick\u00e1 spr\u00e1va komunikac\u00ed uzav\u0159\u00edt tak\u00e9 jeden z&nbsp;n\u00e1jezd\u016f na Hl\u00e1vk\u016fv most, a&nbsp;to od n\u00e1b\u0159e\u017e\u00ed Kapit\u00e1na Jaro\u0161e ve sm\u011bru do centra. Obj\u00edzdn\u00e1 trasa povede p\u0159es n\u00e1b\u0159e\u017e\u00ed Kapit\u00e1na Jaro\u0161e \u2013 Bubensk\u00e9 n\u00e1b\u0159e\u017e\u00ed \u2013 Argentinskou \u2013 U&nbsp;Top\u00edren \u2013 Za Viaduktem \u2013 n\u00e1b\u0159e\u017e\u00ed Kapit\u00e1na Jaro\u0161e. Tramvaj \u010d\u00edslo 14 bude cel\u00fd v\u00edkend jezdit v\u00fdlukovou\u00a0trasou p\u0159es N\u00e1m\u011bst\u00ed Republiky, Strossmayerovo n\u00e1m\u011bst\u00ed a&nbsp;d\u00e1le na Vltavskou.<\/p>\r\n<h3>Dynamick\u00e9 zkou\u0161ky (2.\u20136.&nbsp;dubna) dopravu t\u00e9m\u011b\u0159 neomez\u00ed<\/h3>\r\n<p>Stejn\u00e9 mosty pak je\u0161t\u011b \u010dekaj\u00ed dynamick\u00e9 zat\u011b\u017eovac\u00ed zkou\u0161ky. Uskute\u010dn\u00ed se od 2.&nbsp;do 6.&nbsp;dubna v&nbsp;no\u010dn\u00edch hodin\u00e1ch, provoz tud\u00ed\u017e nebude nijak omezen. V&nbsp;dob\u011b zkou\u0161ky bude uzav\u0159en pouze chodn\u00edk z&nbsp;Hole\u0161ovic ve sm\u011bru do centra.<\/p>\r\n<h3>Pracovn\u00edky na most\u011b o\u010dek\u00e1vejte v&nbsp;pr\u016fb\u011bhu cel\u00e9ho dubna<\/h3>\r\n<p>Od pond\u011bl\u00ed 1.&nbsp;dubna nav\u00edc za\u010dnou na most\u011b vrtn\u00e9 pr\u00e1ce, kter\u00e9 ov\u011b\u0159\u00ed zalo\u017een\u00ed pil\u00ed\u0159\u016f. B\u011bhem nich auta projedou v&nbsp;obou j\u00edzdn\u00edch pruz\u00edch, pouze v&nbsp;m\u00edst\u011b prac\u00ed vrtn\u00e9 soupravy bude lev\u00fd dopravn\u00ed pruh p\u0159eveden na tramvajov\u00fd p\u00e1s. P\u0159i pr\u00e1ci bude tento v\u016fz ozna\u010den sm\u011brovkou. Opat\u0159en\u00ed se bude posouvat po cel\u00e9 d\u00e9lce mostu podle pr\u016fb\u011bhu prac\u00ed. V\u00fdjimkou je vrt na konstrukci nad plavebn\u00ed komorou (pr\u00e1ce o&nbsp;v\u00edkendu 6.&nbsp;a&nbsp;7.&nbsp;dubna), kdy povede doprava v&nbsp;\u00faseku p\u0159ibli\u017en\u011b 20&nbsp;m pouze jedn\u00edm pruhem.<\/p>\r\n<p>Dodavatelem diagnostick\u00fdch prac\u00ed je Klokner\u016fv \u00fastav \u010cVUT ve sdru\u017een\u00ed se spole\u010dnostmi INSET a&nbsp;Pontex.<\/p>\r\n<p>&nbsp;<\/p>\r\n<h3>DOPRAVN\u00cd OMEZEN\u00cd<\/h3>\r\n<p>&nbsp;<\/p>\r\n<p><strong>30. \u2013 31.&nbsp;b\u0159ezna 2019<\/strong><\/p>\r\n<p>Automobilov\u00e1 doprava \u2013 p\u0159ejezd Hl\u00e1vkova mostu pouze po prot\u011bj\u0161\u00edm most\u011b, uzav\u0159en n\u00e1jezd na Hl\u00e1vk\u016fv most od n\u00e1b\u0159e\u017e\u00ed Kapit\u00e1na Jaro\u0161e<\/p>\r\n<p>Tramvaj \u010d. 14 \u2013 pojede v\u00fdlukovou trasou p\u0159es N\u00e1m\u011bst\u00ed republiky \u2013 Strossmayerovo n\u00e1m\u011bst\u00ed \u2013 Vltavskou, detaily na https:\/\/pid.cz\/vyluky\/bila-labut-vltavska-4\/<\/p>\r\n<p>&nbsp;<\/p>\r\n<p><strong>2. \u2013 6.&nbsp;dubna 2019<\/strong><\/p>\r\n<p>P\u011b\u0161\u00ed \u2013 v&nbsp;no\u010dn\u00edch hodin\u00e1ch uzav\u0159en chodn\u00edk na Hl\u00e1vkov\u011b most\u011b<\/p>\r\n<p>&nbsp;<\/p>\r\n<p><strong>1. \u2013 30.&nbsp;dubna 2019<\/strong><\/p>\r\n<p>Automobilov\u00e1 doprava \u2013 kolem vrtn\u00e9ho vozu provoz jednoho j\u00edzdn\u00edho pruhu veden p\u0159es tramvajov\u00fd p\u00e1s.<\/p>\r\n<p>&nbsp;<\/p>","protected":false},"excerpt":{"rendered":"[perex] Star\u0161\u00ed \u010d\u00e1st obloukov\u00e9ho mostu p\u0159es ostrov \u0160tvanici a&nbsp;p\u0159es Vltavu, kter\u00fd tvo\u0159\u00ed sou\u010d\u00e1st Hl\u00e1vkova mostu, bude o&nbsp;v\u00edkendu 30.&nbsp;a&nbsp;31.&nbsp;b\u0159ezna ve sm\u011bru z&nbsp;Hole\u0161ovic do centra uzav\u0159ena. Vybran\u00e9 mosty cel\u00e9ho soumost\u00ed toti\u017e \u010dekaj\u00ed statick\u00e9 zat\u011b\u017eovac\u00ed zkou\u0161ky. M\u011b\u0159en\u00ed za\u010dne v&nbsp;sobotu v&nbsp;rann\u00edch hodin\u00e1ch a&nbsp;potrv\u00e1 a\u017e do ned\u011bln\u00ed noci. [\/perex] Statick\u00e9 zkou\u0161ky (30.&nbsp;a&nbsp;31.&nbsp;b\u0159ezna) \u2013 zm\u011bna pro automobily a&nbsp;tramvaj \u010d\u00edslo 14 Od [&hellip;]","protected":false},"author":5,"featured_media":24876,"comment_status":"closed","ping_status":"open","sticky":false,"template":"","format":"standard","meta":[],"categories":[34],"tags":[],"_links":{"self":[{"href":"https:\/\/www.praha7.cz\/api\/wp\/v2\/posts\/24875"}],"collection":[{"href":"https:\/\/www.praha7.cz\/api\/wp\/v2\/posts"}],"about":[{"href":"https:\/\/www.praha7.cz\/api\/wp\/v2\/types\/post"}],"author":[{"embeddable":true,"href":"https:\/\/www.praha7.cz\/api\/wp\/v2\/users\/5"}],"replies":[{"embeddable":true,"href":"https:\/\/www.praha7.cz\/api\/wp\/v2\/comments?post=24875"}],"version-history":[{"count":2,"href":"https:\/\/www.praha7.cz\/api\/wp\/v2\/posts\/24875\/revisions"}],"predecessor-version":[{"id":24879,"href":"https:\/\/www.praha7.cz\/api\/wp\/v2\/posts\/24875\/revisions\/24879"}],"wp:featuredmedia":[{"embeddable":true,"href":"https:\/\/www.praha7.cz\/api\/wp\/v2\/media\/24876"}],"wp:attachment":[{"href":"https:\/\/www.praha7.cz\/api\/wp\/v2\/media?parent=24875"}],"wp:term":[{"taxonomy":"category","embeddable":true,"href":"https:\/\/www.praha7.cz\/api\/wp\/v2\/categories?post=24875"},{"taxonomy":"post_tag","embeddable":true,"href":"https:\/\/www.praha7.cz\/api\/wp\/v2\/tags?post=24875"}],"curies":[{"name":"wp","href":"https:\/\/api.w.org\/{rel}","templated":true}]}}