    
{"id":24871,"date":"2019-03-28T10:33:51","date_gmt":"2019-03-28T09:33:51","guid":{"rendered":"https:\/\/www.praha7.cz\/?p=24871"},"modified":"2020-09-29T11:12:19","modified_gmt":"2020-09-29T09:12:19","slug":"ou-dobrovolnici-opet-pomohou-s-jarnim-uklidem-prahy-7","status":"publish","type":"post","link":"https:\/\/www.praha7.cz\/ou-dobrovolnici-opet-pomohou-s-jarnim-uklidem-prahy-7\/","title":{"rendered":"Dobrovoln\u00edci op\u011bt pomohou s&nbsp;jarn\u00edm \u00faklidem Prahy&nbsp;7"},"content":{"rendered":"<p>[perex]<\/p>\r\n<p>Sedm\u00e1 m\u011bstsk\u00e1 \u010d\u00e1st se ji\u017e pop\u00e1t\u00e9 p\u0159ipoj\u00ed k\u00a0celorepublikov\u00e9 kampani Ukli\u010fme \u010cesko. V\u00a0sobotu 6.&nbsp;dubna v\u00a09 hodin se na Strossmayerov\u011b n\u00e1m\u011bst\u00ed sejdou dobrovoln\u00edci, kte\u0159\u00ed budou spole\u010dn\u011b se z\u00e1stupci radnice ukl\u00edzet vytipovan\u00e9 lokality.<\/p>\r\n<p>[\/perex]<\/p>\r\n<p><em>\u201eSna\u017e\u00edme se o&nbsp;to, aby Praha&nbsp;7 byla m\u011bstskou \u010d\u00e1st\u00ed, ke kter\u00e9 maj\u00ed jej\u00ed obyvatel\u00e9 hezk\u00fd vztah. To se pak projev\u00ed t\u0159eba v\u00a0tom, \u017ee zvednou pap\u00edr ze zem\u011b a&nbsp;vyhod\u00ed ho do ko\u0161e nebo \u017ee n\u00e1m v\u011bt\u0161\u00ed nepo\u0159\u00e1dek nahl\u00e1s\u00ed. A&nbsp;n\u011bkdy si ud\u011blaj\u00ed \u010das na cel\u00e9 dopoledne a&nbsp;pomohou n\u00e1m uklidit i&nbsp;skryt\u00e1 m\u00edsta na\u0161\u00ed m\u011bstsk\u00e9 \u010d\u00e1sti. D\u011bkuji v\u0161em, kte\u0159\u00ed se zapojuj\u00ed,\u201c<\/em> uvedl <em><strong>starosta Prahy&nbsp;7 Jan \u010ci\u017einsk\u00fd (PRAHA&nbsp;7 SOB\u011a)<\/strong><\/em>, kter\u00fd se dobrovolnick\u00fdch \u00faklid\u016f tradi\u010dn\u011b tak\u00e9 \u00fa\u010dastn\u00ed.\u00a0 \u00a0\u00a0<\/p>\r\n<p><em>\u201eLetos jsme ve spolupr\u00e1ci s\u00a0na\u0161\u00ed \u00faklidovou firmou vytipovali nap\u0159\u00edklad oblast Bubensk\u00e9ho n\u00e1b\u0159e\u017e\u00ed, ulici Za Elektr\u00e1rnou u&nbsp;Stromovky a&nbsp;okol\u00ed Trojsk\u00e9ho mostu. Jsme r\u00e1di, \u017ee se k\u00a0akci Ukli\u010fme \u010cesko p\u0159id\u00e1vaj\u00ed tak\u00e9 dal\u0161\u00ed skupiny, kter\u00e9 se budou v\u011bnovat nap\u0159\u00edklad Stromovce \u010di dal\u0161\u00edm m\u00edst\u016fm na \u00fazem\u00ed na\u0161\u00ed m\u011bstsk\u00e9 \u010d\u00e1sti,\u201c<\/em> \u0159ekl <em><strong>radn\u00ed Prahy&nbsp;7 Ji\u0159\u00ed Knitl (PRAHA&nbsp;7 SOB\u011a)<\/strong><\/em>. \u00a0<\/p>\r\n<p>Sraz dobrovoln\u00edk\u016f je v\u00a09 hodin na Strossmayerov\u011b n\u00e1m\u011bst\u00ed. \u00da\u010dastn\u00edci se zde rozd\u011bl\u00ed do skupin a&nbsp;vydaj\u00ed se na m\u00edsta, kde bude \u00faklid prob\u00edhat.<\/p>\r\n<p>Radnice ve spolupr\u00e1ci s&nbsp;firmou 7U s.r.o. pro dobrovoln\u00edky p\u0159iprav\u00ed vybaven\u00ed na \u00faklid a&nbsp;postar\u00e1 se tak\u00e9 o&nbsp;odvoz sebran\u00fdch odpadk\u016f.<\/p>\r\n<p>Jarn\u00ed \u00faklid Prahy&nbsp;7 podpo\u0159\u00ed tak\u00e9 N\u00e1rodn\u00ed zem\u011bd\u011blsk\u00e9 muzeum, kter\u00e9 pro dobrovoln\u00edky p\u0159ipravilo voln\u00e9 vstupenky.<\/p>\r\n<p>&nbsp;<\/p>\r\n<p>Dal\u0161\u00ed informace ke kampani Ukli\u010fme \u010cesko naleznete <a href=\"https:\/\/www.uklidmecesko.cz\/\">zde<\/a>.<\/p>\r\n<p>&nbsp;<\/p>\r\n<p>Ob\u010dan\u00e9 mohou trvale p\u0159isp\u00edvat k\u00a0\u010distot\u011b a&nbsp;po\u0159\u00e1dku v\u00a0Praze 7 prost\u0159ednictv\u00edm celon\u00e1rodn\u00edho syst\u00e9mu pro nahla\u0161ov\u00e1n\u00ed ob\u010dansk\u00fdch podn\u011bt\u016f<strong> Zlep\u0161eme \u010cesko<\/strong>. Aplikaci pro hl\u00e1\u0161en\u00ed nepo\u0159\u00e1dku, \u010dern\u00fdch skl\u00e1dek \u010di po\u0161kozen\u00e9ho mobili\u00e1\u0159e si m\u016f\u017eete st\u00e1hnout <a href=\"https:\/\/www.zlepsemecesko.cz\/\">zde<\/a>.<\/p>","protected":false},"excerpt":{"rendered":"[perex] Sedm\u00e1 m\u011bstsk\u00e1 \u010d\u00e1st se ji\u017e pop\u00e1t\u00e9 p\u0159ipoj\u00ed k\u00a0celorepublikov\u00e9 kampani Ukli\u010fme \u010cesko. V\u00a0sobotu 6.&nbsp;dubna v\u00a09 hodin se na Strossmayerov\u011b n\u00e1m\u011bst\u00ed sejdou dobrovoln\u00edci, kte\u0159\u00ed budou spole\u010dn\u011b se z\u00e1stupci radnice ukl\u00edzet vytipovan\u00e9 lokality. [\/perex] \u201eSna\u017e\u00edme se o&nbsp;to, aby Praha&nbsp;7 byla m\u011bstskou \u010d\u00e1st\u00ed, ke kter\u00e9 maj\u00ed jej\u00ed obyvatel\u00e9 hezk\u00fd vztah. To se pak projev\u00ed t\u0159eba v\u00a0tom, \u017ee zvednou [&hellip;]","protected":false},"author":5,"featured_media":24872,"comment_status":"closed","ping_status":"open","sticky":false,"template":"","format":"standard","meta":[],"categories":[34,74],"tags":[],"_links":{"self":[{"href":"https:\/\/www.praha7.cz\/api\/wp\/v2\/posts\/24871"}],"collection":[{"href":"https:\/\/www.praha7.cz\/api\/wp\/v2\/posts"}],"about":[{"href":"https:\/\/www.praha7.cz\/api\/wp\/v2\/types\/post"}],"author":[{"embeddable":true,"href":"https:\/\/www.praha7.cz\/api\/wp\/v2\/users\/5"}],"replies":[{"embeddable":true,"href":"https:\/\/www.praha7.cz\/api\/wp\/v2\/comments?post=24871"}],"version-history":[{"count":2,"href":"https:\/\/www.praha7.cz\/api\/wp\/v2\/posts\/24871\/revisions"}],"predecessor-version":[{"id":24874,"href":"https:\/\/www.praha7.cz\/api\/wp\/v2\/posts\/24871\/revisions\/24874"}],"wp:featuredmedia":[{"embeddable":true,"href":"https:\/\/www.praha7.cz\/api\/wp\/v2\/media\/24872"}],"wp:attachment":[{"href":"https:\/\/www.praha7.cz\/api\/wp\/v2\/media?parent=24871"}],"wp:term":[{"taxonomy":"category","embeddable":true,"href":"https:\/\/www.praha7.cz\/api\/wp\/v2\/categories?post=24871"},{"taxonomy":"post_tag","embeddable":true,"href":"https:\/\/www.praha7.cz\/api\/wp\/v2\/tags?post=24871"}],"curies":[{"name":"wp","href":"https:\/\/api.w.org\/{rel}","templated":true}]}}