    
{"id":24867,"date":"2019-04-02T07:12:54","date_gmt":"2019-04-02T05:12:54","guid":{"rendered":"https:\/\/www.praha7.cz\/?p=24867"},"modified":"2019-04-09T08:35:39","modified_gmt":"2019-04-09T06:35:39","slug":"pozvanka-na-3-radne-zasedani-zastupitelstva-mc-praha-7","status":"publish","type":"post","link":"https:\/\/www.praha7.cz\/pozvanka-na-3-radne-zasedani-zastupitelstva-mc-praha-7\/","title":{"rendered":"Pozv\u00e1nka na 3.&nbsp;\u0159\u00e1dn\u00e9 zased\u00e1n\u00ed Zastupitelstva M\u010c Praha&nbsp;7"},"content":{"rendered":"<p>[perex]<\/p>\r\n<p style=\"text-align: justify;\">3.&nbsp;\u0159\u00e1dn\u00e9 zased\u00e1n\u00ed Zastupitelstva M\u010c Praha&nbsp;7 se kon\u00e1 v&nbsp;pond\u011bl\u00ed dne 8.&nbsp;dubna 2019 od 17:00 hodin ve velk\u00e9 zasedac\u00ed m\u00edstnosti \u010d. 227 \u00da\u0159adu m\u011bstsk\u00e9 \u010d\u00e1sti, n\u00e1b\u0159. Kpt. Jaro\u0161e 1000, Praha&nbsp;7. Online p\u0159enos naleznete <a href=\"https:\/\/youtu.be\/6be2e9T6TVY\">zde<\/a>.<\/p>\r\n<p style=\"text-align: justify;\">Materi\u00e1ly ke sta\u017een\u00ed jsou k&nbsp;dispozici pod eviden\u010dn\u00edmi \u010d\u00edsly u&nbsp;n\u00e1zv\u016f jednotliv\u00fdch bod\u016f.\u00a0<\/p>\r\n<p>[\/perex]<\/p>\r\n<p><strong>Program 3.&nbsp;\u0159\u00e1dn\u00e9ho zased\u00e1n\u00ed Zastupitelstva M\u010c Praha&nbsp;7<br \/>\r\n<\/strong><\/p>\r\n<ul>\r\n\t<li>Pravideln\u00fd bod programu za\u0159azen\u00fd za bod \u010d. 2 \u2013 Dotazy a&nbsp;p\u0159ipom\u00ednky ob\u010dan\u016f 1<\/li>\r\n\t<li>Pravideln\u00fd bod programu za\u0159azen\u00fd pevn\u011b na 18 hodinu \u2013 Dotazy a&nbsp;p\u0159ipom\u00ednky ob\u010dan\u016f\u00a02<\/li>\r\n<\/ul>\r\n<p style=\"text-align: justify;\"><strong>1.<\/strong>\u00a0 Zah\u00e1jen\u00ed &#8211; schv\u00e1len\u00ed programu<\/p>\r\n<p style=\"text-align: justify;\"><strong>2.<\/strong> \u00a0 Volba n\u00e1vrhov\u00e9ho v\u00fdboru<\/p>\r\n<p style=\"text-align: justify;\"><strong>3.\u00a0<\/strong> N\u00c1VRH na schv\u00e1len\u00ed Jednac\u00edho \u0159\u00e1du V\u00fdbor\u016f Zastupitelstva M\u010c Praha&nbsp;7 pro volebn\u00ed obdob\u00ed 2018 &#8211; 2022 s&nbsp;\u00fa\u010dinnost\u00ed od 08.&nbsp;04.&nbsp;2019 &#8211; <a href=\"https:\/\/www.praha7.cz\/wp-content\/uploads\/2019\/03\/1247.zip\">\u010d. 1247<\/a><\/p>\r\n<p style=\"text-align: justify;\"><strong>4.\u00a0<\/strong> N\u00c1VRH ke zpr\u00e1v\u011b o&nbsp;v\u00fdsledc\u00edch hospoda\u0159en\u00ed M\u010c Praha&nbsp;7 za rok 2018 &#8211; hlavn\u00ed \u010dinnost &#8211; <a href=\"http:\/\/file.praha7.cz\/odbory\/kst\/1256.zip\">\u010d. 1256<\/a><\/p>\r\n<p style=\"text-align: justify;\"><strong>5.\u00a0<\/strong> N\u00c1VRH ke zpr\u00e1v\u011b o&nbsp;v\u00fdsledc\u00edch hospoda\u0159en\u00ed M\u010c Praha&nbsp;7 za\u00a0 rok 2018 v&nbsp;r\u00e1mci hospod\u00e1\u0159sk\u00e9 \u010dinnosti &#8211; \u00faseku zda\u0148ovan\u00e9 \u010dinnosti &#8211; <a href=\"https:\/\/www.praha7.cz\/wp-content\/uploads\/2019\/03\/1257.zip\">\u010d. 1257<\/a><\/p>\r\n<p style=\"text-align: justify;\"><strong>6.\u00a0<\/strong> N\u00c1VRH na realizaci rozpo\u010dtov\u00e9ho opat\u0159en\u00ed m\u011bs\u00edce dubna 2018 (RO 23\/2019) &#8211; za \u00fa\u010delem zapojen\u00ed nedo\u010derpan\u00fdch z\u016fstatk\u016f dotac\u00ed z&nbsp;Opera\u010dn\u00edch program\u016f Praha &#8211; p\u00f3l r\u016fstu a&nbsp;Zam\u011bstnanost z&nbsp;roku 2018 do upraven\u00e9ho rozpo\u010dtu M\u010c Praha&nbsp;7 pro rok 2019 &#8211; <a href=\"https:\/\/www.praha7.cz\/wp-content\/uploads\/2019\/03\/1255.zip\">\u010d. 1255<\/a><\/p>\r\n<p style=\"text-align: justify;\"><strong>7.\u00a0<\/strong> N\u00c1VRH na realizaci rozpo\u010dtov\u00e9ho opat\u0159en\u00ed m\u011bs\u00edce dubna 2019 (RO 24\/2019) &#8211; za \u00fa\u010delem zapojen\u00ed z\u016fstatk\u016f vlastn\u00edch fond\u016f M\u010c Praha&nbsp;7 (Fond rozvoje a&nbsp;rezerv, Humanitn\u00ed fond a&nbsp;Ekologick\u00fd fond) z&nbsp;roku 2018 do upraven\u00e9ho rozpo\u010dtu M\u010c Praha&nbsp;7 pro rok 2019 a&nbsp;nav\u00fd\u0161en\u00ed objemu (tvorba) Humanitn\u00edho fondu dle Pravidel hospoda\u0159en\u00ed Humanitn\u00edho fondu. &#8211; <a href=\"https:\/\/www.praha7.cz\/wp-content\/uploads\/2019\/03\/1254.zip\">\u010d. 1254<\/a><\/p>\r\n<p style=\"text-align: justify;\"><strong>8.\u00a0<\/strong> N\u00c1VRH na revokaci usnesen\u00ed Zastupitelstva M\u010c Praha&nbsp;7 \u010d. 0004\/19-Z ze dne 28.&nbsp;01.&nbsp;2019 na poskytnut\u00ed programov\u00fdch dotac\u00ed v&nbsp;r\u00e1mci dota\u010dn\u00edho \u0159\u00edzen\u00ed M\u010c Praha&nbsp;7 v&nbsp;oblastech bezpe\u010dnost a&nbsp;protidrogov\u00e1 prevence, kultura, soci\u00e1ln\u00ed a&nbsp;zdravotn\u00ed, sport, \u0161kolstv\u00ed, \u017eivotn\u00ed prost\u0159ed\u00ed a&nbsp;p\u00e9\u010de o&nbsp;ve\u0159ejn\u00fd prostor pro rok 2019 &#8211; <a href=\"https:\/\/www.praha7.cz\/wp-content\/uploads\/2019\/03\/1249.zip\">\u010d. 1249<\/a><\/p>\r\n<p style=\"text-align: justify;\"><strong>9.\u00a0<\/strong> N\u00c1VRH na poskytnut\u00ed individu\u00e1ln\u00edch dotac\u00ed v&nbsp;oblasti kultury dle \u017e\u00e1dost\u00ed podan\u00fdch v&nbsp;m\u011bs\u00edc\u00edch \u00fanor-b\u0159ezen 2019 &#8211; <a href=\"https:\/\/www.praha7.cz\/wp-content\/uploads\/2019\/03\/1248.zip\">\u010d. 1248<\/a><\/p>\r\n<p style=\"text-align: justify;\"><strong>10.\u00a0<\/strong> N\u00c1VRH na poskytnut\u00ed finan\u010dn\u00edho \u00fa\u010delov\u00e9ho neinvesti\u010dn\u00edho p\u0159\u00edsp\u011bvku PO M\u0160 a&nbsp;Z\u0160 M\u010c Praha&nbsp;7 v&nbsp;r\u00e1mci podpory t\u011blov\u00fdchovy d\u011bt\u00ed a&nbsp;ml\u00e1de\u017ee v\u00a0roce\u00a0 2019 &#8211; <a href=\"https:\/\/www.praha7.cz\/wp-content\/uploads\/2019\/03\/1251.zip\">\u010d. 1251<\/a><\/p>\r\n<p style=\"text-align: justify;\"><strong>11.<\/strong>\u00a0 N\u00c1VRH Smlouvy o&nbsp;partnerstv\u00ed s&nbsp;finan\u010dn\u00edm p\u0159\u00edsp\u011bvkem \u010d. 2019\/KST\/1 mezi M\u010c Praha&nbsp;7 a&nbsp;spole\u010dnostmi \u010clov\u011bk v&nbsp;t\u00edsni, o. p. s., I\u010cO: 257&nbsp;55&nbsp;277 a&nbsp;7U s.r.o., I\u010cO: 264&nbsp;18&nbsp;274, v&nbsp;r\u00e1mci projektu \u201eKomplexn\u00ed p\u0159\u00edstup k&nbsp;\u0159e\u0161en\u00ed bezdomovectv\u00ed a&nbsp;soci\u00e1ln\u00edho vylou\u010den\u00ed v&nbsp;Praze 7\u201c &#8211; <a href=\"https:\/\/www.praha7.cz\/wp-content\/uploads\/2019\/03\/1253.zip\">\u010d. 1253<\/a><\/p>\r\n<p style=\"text-align: justify;\"><strong>12.\u00a0<\/strong> INFORMACE o&nbsp;\u010dinnosti Rady M\u010c Praha&nbsp;7 v\u00a0obdob\u00ed mezi 2.&nbsp;a&nbsp;3\u00a0 zased\u00e1n\u00edm Zastupitelstva M\u010c Praha&nbsp;7 v\u00a0roce 2019 &#8211; <a href=\"https:\/\/www.praha7.cz\/wp-content\/uploads\/2019\/03\/1246.zip\">\u010d. 1246<\/a><\/p>\r\n<p style=\"text-align: justify;\"><strong>13.<\/strong>\u00a0 INFORMACE o&nbsp;pln\u011bn\u00ed \u00fakol\u016f ulo\u017een\u00fdch Rad\u011b M\u010c Praha&nbsp;7 Zastupitelstvem M\u010c Praha&nbsp;7 &#8211;<a href=\"https:\/\/www.praha7.cz\/wp-content\/uploads\/2019\/03\/1252.zip\"> \u010d. 1252<\/a><\/p>\r\n<p style=\"text-align: justify;\"><strong>14.\u00a0<\/strong> INFORMACE o&nbsp;postupu v\u00fdstavby nov\u00e9 radnice M\u010c Prahy&nbsp;7 (bude k\u00a0dispozici po posledn\u00edm kontroln\u00edm dnu 02.04.2019 z\u00a0d\u016fvodu aktu\u00e1lnosti) &#8211; <a href=\"https:\/\/www.praha7.cz\/wp-content\/uploads\/2019\/04\/1261.zip\">\u010d. 1261<\/a><\/p>\r\n<p style=\"text-align: justify;\"><strong>15.\u00a0<\/strong> INFORMACE o&nbsp;\u010dinnosti Kontroln\u00edho v\u00fdboru Zastupitelstva M\u010c Praha&nbsp;7 v\u00a0obdob\u00ed mezi 2.&nbsp;a&nbsp;3.&nbsp;zased\u00e1n\u00edm Zastupitelstva M\u010c Praha&nbsp;7 v\u00a0roce 2019 &#8211; <a href=\"https:\/\/www.praha7.cz\/wp-content\/uploads\/2019\/03\/1250.zip\">\u010d. 1250<\/a><\/p>\r\n<p style=\"text-align: justify;\"><strong>16.<\/strong>\u00a0 INFORMACE o&nbsp;\u010dinnosti Finan\u010dn\u00edho v\u00fdboru Zastupitelstva M\u010c Praha&nbsp;7 v\u00a0obdob\u00ed mezi 2.&nbsp;a&nbsp;3.&nbsp;zased\u00e1n\u00edm Zastupitelstva M\u010c Praha&nbsp;7 v\u00a0roce 2019 &#8211; <a href=\"https:\/\/www.praha7.cz\/wp-content\/uploads\/2019\/04\/1258.zip\">\u010d. 1258<\/a><\/p>\r\n<p style=\"text-align: justify;\"><strong>17.<\/strong>\u00a0 INFORMACE o&nbsp;\u010dinnosti V\u00fdboru pro\u00a0vzd\u011bl\u00e1v\u00e1n\u00ed, soci\u00e1ln\u00ed politiku a&nbsp;zdravotnictv\u00ed Zastupitelstva M\u010c Praha&nbsp;7 v\u00a0obdob\u00ed mezi 2.&nbsp;a&nbsp;3.&nbsp;zased\u00e1n\u00edm Zastupitelstva M\u010c Praha&nbsp;7 v\u00a0roce 2019 &#8211; <a href=\"https:\/\/www.praha7.cz\/wp-content\/uploads\/2019\/04\/1260.zip\">\u010d. 1260<\/a><\/p>\r\n<p style=\"text-align: justify;\"><strong>18.\u00a0<\/strong> Dopisy, adresovan\u00e9 Z\u00a0M\u010c P7 &#8211; <a href=\"https:\/\/www.praha7.cz\/wp-content\/uploads\/2019\/04\/1262.zip\">\u010d. 1262<\/a><\/p>\r\n<p style=\"text-align: justify;\"><strong>19.<\/strong>\u00a0 N\u00c1VRH na volbu \u010dlenky Finan\u010dn\u00edho v\u00fdboru Zastupitelstva M\u010c Praha&nbsp;7 pro volebn\u00ed obdob\u00ed 2018 \u2013 2022 &#8211; <a href=\"https:\/\/www.praha7.cz\/wp-content\/uploads\/2019\/04\/1259.zip\">\u010d. 1229<\/a><\/p>\r\n<p style=\"text-align: justify;\"><strong>20. \u00a0<\/strong>R\u016fzn\u00e9 \u00a0\u00a0\u00a0\u00a0\u00a0<\/p>\r\n<p style=\"text-align: justify;\"><strong>21.<\/strong>\u00a0 Z\u00e1v\u011br\u00a0\u00a0\u00a0\u00a0\u00a0\u00a0\u00a0\u00a0\u00a0\u00a0\u00a0\u00a0\u00a0\u00a0\u00a0\u00a0\u00a0 \u00a0\u00a0\u00a0<\/p>\r\n<p style=\"text-align: justify;\"><\/p>\r\n<p>Mgr. Jan \u010ci\u017einsk\u00fd<br \/>\r\nstarosta m\u011bstsk\u00e9 \u010d\u00e1sti Praha&nbsp;7<\/p>\r\n<p>&nbsp;<\/p>\r\n<p><a href=\"http:\/\/file.praha7.cz\/odbory\/kst\/3_2019.zip\">Materi\u00e1ly k&nbsp;3.\u00a0\u0159\u00e1dn\u00e9mu zased\u00e1n\u00ed Z\u00a0M\u010c Praha\u00a07<\/a><\/p>","protected":false},"excerpt":{"rendered":"[perex] 3.&nbsp;\u0159\u00e1dn\u00e9 zased\u00e1n\u00ed Zastupitelstva M\u010c Praha&nbsp;7 se kon\u00e1 v&nbsp;pond\u011bl\u00ed dne 8.&nbsp;dubna 2019 od 17:00 hodin ve velk\u00e9 zasedac\u00ed m\u00edstnosti \u010d. 227 \u00da\u0159adu m\u011bstsk\u00e9 \u010d\u00e1sti, n\u00e1b\u0159. Kpt. Jaro\u0161e 1000, Praha&nbsp;7. Online p\u0159enos naleznete zde. Materi\u00e1ly ke sta\u017een\u00ed jsou k&nbsp;dispozici pod eviden\u010dn\u00edmi \u010d\u00edsly u&nbsp;n\u00e1zv\u016f jednotliv\u00fdch bod\u016f.\u00a0 [\/perex] Program 3.&nbsp;\u0159\u00e1dn\u00e9ho zased\u00e1n\u00ed Zastupitelstva M\u010c Praha&nbsp;7 Pravideln\u00fd bod programu za\u0159azen\u00fd [&hellip;]","protected":false},"author":14,"featured_media":18173,"comment_status":"closed","ping_status":"open","sticky":false,"template":"","format":"standard","meta":[],"categories":[34],"tags":[],"_links":{"self":[{"href":"https:\/\/www.praha7.cz\/api\/wp\/v2\/posts\/24867"}],"collection":[{"href":"https:\/\/www.praha7.cz\/api\/wp\/v2\/posts"}],"about":[{"href":"https:\/\/www.praha7.cz\/api\/wp\/v2\/types\/post"}],"author":[{"embeddable":true,"href":"https:\/\/www.praha7.cz\/api\/wp\/v2\/users\/14"}],"replies":[{"embeddable":true,"href":"https:\/\/www.praha7.cz\/api\/wp\/v2\/comments?post=24867"}],"version-history":[{"count":16,"href":"https:\/\/www.praha7.cz\/api\/wp\/v2\/posts\/24867\/revisions"}],"predecessor-version":[{"id":25177,"href":"https:\/\/www.praha7.cz\/api\/wp\/v2\/posts\/24867\/revisions\/25177"}],"wp:featuredmedia":[{"embeddable":true,"href":"https:\/\/www.praha7.cz\/api\/wp\/v2\/media\/18173"}],"wp:attachment":[{"href":"https:\/\/www.praha7.cz\/api\/wp\/v2\/media?parent=24867"}],"wp:term":[{"taxonomy":"category","embeddable":true,"href":"https:\/\/www.praha7.cz\/api\/wp\/v2\/categories?post=24867"},{"taxonomy":"post_tag","embeddable":true,"href":"https:\/\/www.praha7.cz\/api\/wp\/v2\/tags?post=24867"}],"curies":[{"name":"wp","href":"https:\/\/api.w.org\/{rel}","templated":true}]}}