    
{"id":24806,"date":"2019-03-27T10:10:55","date_gmt":"2019-03-27T09:10:55","guid":{"rendered":"https:\/\/www.praha7.cz\/?p=24806"},"modified":"2019-03-27T10:10:55","modified_gmt":"2019-03-27T09:10:55","slug":"culture-april","status":"publish","type":"post","link":"https:\/\/www.praha7.cz\/culture-april\/","title":{"rendered":"Culture \u2013 April"},"content":{"rendered":"<p>Galleries, theatres, artists\u2019 studios, workshops, design stores, community centres and other cultural organisations from Prague 7 invite you the event <a href=\"https:\/\/www.facebook.com\/mameotevreno\/\">M\u00e1me otev\u0159eno<\/a> (We Are Open). 26\u201328 April 2019 \u2013 3 days \u2013 1 neighbourhood \u2013 dozens of locations \u2013 free entry. Programme on page <a href=\"https:\/\/www.praha7.cz\/hobulet\/archiv-hobuletu\/detail\/?id=48\">22<\/a>.<\/p>\r\n<p>Berlin\u2019s Circus Sonnenstich with acrobats and actors with Down\u2019s syndrome will perform Wabi-Sabi 6 April starting 7:30pm at Jatka78. <a href=\"http:\/\/www.jatka78.cz\">www.jatka78.cz <\/a><\/p>\r\n<p>DOX is presenting a&nbsp;retrospective exhibition of world-renowned Czech architect Eva Ji\u0159i\u010dn\u00e1, which will be accompanied by a&nbsp;lecture by the author and walks around Prague focused on her architecture. <a href=\"http:\/\/www.dox.cz\">www.dox.cz<\/a><\/p>\r\n<p>International Dance Day on 29 April will be celebrated by Studio ALTA with a&nbsp;dance procession to the other side of the Vltava, to Karl\u00edn\u2019s P\u0159\u00edstav 18600. <a href=\"http:\/\/www.studioalta.cz\">www.studioalta.cz<\/a><\/p>","protected":false},"excerpt":{"rendered":"Galleries, theatres, artists\u2019 studios, workshops, design stores, community centres and other cultural organisations from Prague 7 invite you the event M\u00e1me otev\u0159eno (We Are Open). 26\u201328 April 2019 \u2013 3 days \u2013 1 neighbourhood \u2013 dozens of locations \u2013 free entry. Programme on page 22. Berlin\u2019s Circus Sonnenstich with acrobats and actors with Down\u2019s syndrome [&hellip;]","protected":false},"author":76,"featured_media":23891,"comment_status":"closed","ping_status":"open","sticky":false,"template":"","format":"standard","meta":[],"categories":[35],"tags":[],"_links":{"self":[{"href":"https:\/\/www.praha7.cz\/api\/wp\/v2\/posts\/24806"}],"collection":[{"href":"https:\/\/www.praha7.cz\/api\/wp\/v2\/posts"}],"about":[{"href":"https:\/\/www.praha7.cz\/api\/wp\/v2\/types\/post"}],"author":[{"embeddable":true,"href":"https:\/\/www.praha7.cz\/api\/wp\/v2\/users\/76"}],"replies":[{"embeddable":true,"href":"https:\/\/www.praha7.cz\/api\/wp\/v2\/comments?post=24806"}],"version-history":[{"count":2,"href":"https:\/\/www.praha7.cz\/api\/wp\/v2\/posts\/24806\/revisions"}],"predecessor-version":[{"id":24808,"href":"https:\/\/www.praha7.cz\/api\/wp\/v2\/posts\/24806\/revisions\/24808"}],"wp:featuredmedia":[{"embeddable":true,"href":"https:\/\/www.praha7.cz\/api\/wp\/v2\/media\/23891"}],"wp:attachment":[{"href":"https:\/\/www.praha7.cz\/api\/wp\/v2\/media?parent=24806"}],"wp:term":[{"taxonomy":"category","embeddable":true,"href":"https:\/\/www.praha7.cz\/api\/wp\/v2\/categories?post=24806"},{"taxonomy":"post_tag","embeddable":true,"href":"https:\/\/www.praha7.cz\/api\/wp\/v2\/tags?post=24806"}],"curies":[{"name":"wp","href":"https:\/\/api.w.org\/{rel}","templated":true}]}}