    
{"id":24781,"date":"2019-03-26T16:06:10","date_gmt":"2019-03-26T15:06:10","guid":{"rendered":"https:\/\/www.praha7.cz\/?p=24781"},"modified":"2019-03-27T17:28:14","modified_gmt":"2019-03-27T16:28:14","slug":"zemrel-byvaly-sefredaktor-hobuletu-ales-presler","status":"publish","type":"post","link":"https:\/\/www.praha7.cz\/zemrel-byvaly-sefredaktor-hobuletu-ales-presler\/","title":{"rendered":"Zem\u0159el b\u00fdval\u00fd \u0161\u00e9fredaktor Hobuletu Ale\u0161 Presler"},"content":{"rendered":"<p>[perex]<\/p>\r\n<p>Dne 25.&nbsp;b\u0159ezna 2019 zem\u0159el ve v\u011bku 62 let Ale\u0161 Presler, novin\u00e1\u0159, spisovatel a&nbsp;b\u00fdval\u00fd \u0161\u00e9fredaktor \u010dasopisu Hobulet.\u00a0M\u011bstsk\u00e1 \u010d\u00e1st Praha&nbsp;7 vyjad\u0159uje up\u0159\u00edmnou soustrast v\u0161em poz\u016fstal\u00fdm.\u00a0\u00a0\u00a0<\/p>\r\n<p>[\/perex]<\/p>\r\n<p>Ale\u0161 Presler za\u010d\u00ednal jako saze\u010d, ale brzy se za\u010dal v\u011bnovat novin\u00e1\u0159sk\u00e9 profesi. Jako redaktor spolupracoval s&nbsp;\u0159adou periodik, byl tak\u00e9 \u0161\u00e9fredaktorem nakladatelstv\u00ed Orfeus, technick\u00fdm \u0159editelem t\u00fdden\u00edku Progres, vedouc\u00edm vnitropolitick\u00e9 rubriky v&nbsp;Zem\u011bd\u011blsk\u00fdch novin\u00e1ch \u010di televizn\u00edm redaktorem stanice Kabel plus.<\/p>\r\n<p>Publikoval tak\u00e9 pov\u00eddky a&nbsp;dal\u0161\u00ed beletristick\u00e9 pr\u00f3zy.<\/p>\r\n<p>Od roku 1998 do roku 2007 p\u016fsobil jako \u0161\u00e9fredaktor \u010dasopisu Prahy&nbsp;7 Hobulet.\u00a0<\/p>\r\n<p>&nbsp;<\/p>\r\n<p><img loading=\"lazy\" src=\"https:\/\/www.praha7.cz\/wp-content\/uploads\/2019\/03\/parte.jpg\" alt=\"\" width=\"540\" height=\"865\" class=\"alignnone size-full wp-image-24842\" srcset=\"https:\/\/www.praha7.cz\/wp-content\/uploads\/2019\/03\/parte.jpg 540w, https:\/\/www.praha7.cz\/wp-content\/uploads\/2019\/03\/parte-250x400.jpg 250w\" sizes=\"(max-width: 540px) 100vw, 540px\" \/><\/p>\r\n<p>&nbsp;<\/p>\r\n<p><img loading=\"lazy\" src=\"https:\/\/www.praha7.cz\/wp-content\/uploads\/2019\/03\/Ales-Presler1-386x400.jpg\" alt=\"\" width=\"386\" height=\"400\" class=\"alignnone wp-image-24838 size-medium\" srcset=\"https:\/\/www.praha7.cz\/wp-content\/uploads\/2019\/03\/Ales-Presler1-386x400.jpg 386w, https:\/\/www.praha7.cz\/wp-content\/uploads\/2019\/03\/Ales-Presler1.jpg 723w\" sizes=\"(max-width: 386px) 100vw, 386px\" \/><\/p>\r\n<p><span style=\"font-size: 14px;\"><em>Foto: rodinn\u00fd archiv<\/em><\/span><\/p>","protected":false},"excerpt":{"rendered":"[perex] Dne 25.&nbsp;b\u0159ezna 2019 zem\u0159el ve v\u011bku 62 let Ale\u0161 Presler, novin\u00e1\u0159, spisovatel a&nbsp;b\u00fdval\u00fd \u0161\u00e9fredaktor \u010dasopisu Hobulet.\u00a0M\u011bstsk\u00e1 \u010d\u00e1st Praha&nbsp;7 vyjad\u0159uje up\u0159\u00edmnou soustrast v\u0161em poz\u016fstal\u00fdm.\u00a0\u00a0\u00a0 [\/perex] Ale\u0161 Presler za\u010d\u00ednal jako saze\u010d, ale brzy se za\u010dal v\u011bnovat novin\u00e1\u0159sk\u00e9 profesi. Jako redaktor spolupracoval s&nbsp;\u0159adou periodik, byl tak\u00e9 \u0161\u00e9fredaktorem nakladatelstv\u00ed Orfeus, technick\u00fdm \u0159editelem t\u00fdden\u00edku Progres, vedouc\u00edm vnitropolitick\u00e9 rubriky v&nbsp;Zem\u011bd\u011blsk\u00fdch [&hellip;]","protected":false},"author":5,"featured_media":24787,"comment_status":"closed","ping_status":"open","sticky":false,"template":"","format":"standard","meta":[],"categories":[34],"tags":[],"_links":{"self":[{"href":"https:\/\/www.praha7.cz\/api\/wp\/v2\/posts\/24781"}],"collection":[{"href":"https:\/\/www.praha7.cz\/api\/wp\/v2\/posts"}],"about":[{"href":"https:\/\/www.praha7.cz\/api\/wp\/v2\/types\/post"}],"author":[{"embeddable":true,"href":"https:\/\/www.praha7.cz\/api\/wp\/v2\/users\/5"}],"replies":[{"embeddable":true,"href":"https:\/\/www.praha7.cz\/api\/wp\/v2\/comments?post=24781"}],"version-history":[{"count":9,"href":"https:\/\/www.praha7.cz\/api\/wp\/v2\/posts\/24781\/revisions"}],"predecessor-version":[{"id":24852,"href":"https:\/\/www.praha7.cz\/api\/wp\/v2\/posts\/24781\/revisions\/24852"}],"wp:featuredmedia":[{"embeddable":true,"href":"https:\/\/www.praha7.cz\/api\/wp\/v2\/media\/24787"}],"wp:attachment":[{"href":"https:\/\/www.praha7.cz\/api\/wp\/v2\/media?parent=24781"}],"wp:term":[{"taxonomy":"category","embeddable":true,"href":"https:\/\/www.praha7.cz\/api\/wp\/v2\/categories?post=24781"},{"taxonomy":"post_tag","embeddable":true,"href":"https:\/\/www.praha7.cz\/api\/wp\/v2\/tags?post=24781"}],"curies":[{"name":"wp","href":"https:\/\/api.w.org\/{rel}","templated":true}]}}