    
{"id":24771,"date":"2018-01-02T14:18:19","date_gmt":"2018-01-02T13:18:19","guid":{"rendered":"https:\/\/www.praha7.cz\/?p=24771"},"modified":"2019-03-26T14:33:47","modified_gmt":"2019-03-26T13:33:47","slug":"pravidla-diskusniho-fora","status":"publish","type":"post","link":"https:\/\/www.praha7.cz\/pravidla-diskusniho-fora\/","title":{"rendered":"Pravidla diskusn\u00edho f\u00f3ra"},"content":{"rendered":"<p>[perex]<\/p>\r\n<p>Tato str\u00e1nka je ur\u010den\u00e1 k\u00a0diskuz\u00edm ob\u010dan\u016f m\u011bstsk\u00e9 \u010d\u00e1sti Praha&nbsp;7. Diskuzi \u0159\u00edd\u00ed spr\u00e1vce, kter\u00fd hl\u00edd\u00e1 dodr\u017eov\u00e1n\u00ed pravidel diskuze.<\/p>\r\n<p>Pro dotazy ob\u010dan\u016f na zam\u011bstnance \u010di veden\u00ed m\u011bstsk\u00e9 \u010d\u00e1sti je ur\u010dena slu\u017eba <a href=\"mailto:dotazy@praha7.cz\">Zeptat se<\/a>.<\/p>\r\n<p>[\/perex]<\/p>\r\n<p>Nevad\u00ed kritika, ani jak\u00e9koliv slu\u0161n\u011b formulovan\u00e9 koment\u00e1\u0159e ob\u010dan\u016f k\u00a0libovoln\u00fdm t\u00e9mat\u016fm, ale \u017e\u00e1d\u00e1me v\u0161echny diskutuj\u00edc\u00ed o&nbsp;dodr\u017eov\u00e1n\u00ed n\u00ed\u017ee uveden\u00fdch pravidel:<\/p>\r\n<ol>\r\n\t<li>Diskusn\u00ed f\u00f3rum je zam\u011b\u0159eno p\u0159edev\u0161\u00edm na d\u011bn\u00ed v\u00a0m\u011bstsk\u00e9 \u010d\u00e1sti a&nbsp;je m\u00edstem pro ve\u0159ejnou komunikaci mezi ob\u010dany.<\/li>\r\n\t<li>Diskuze je moderovan\u00e1, p\u0159\u00edsp\u011bvky odporuj\u00edc\u00ed pravidl\u016fm diskuze budou spr\u00e1vcem smaz\u00e1ny. Spr\u00e1vce m\u016f\u017ee do diskuze v\u00a0nutn\u00e9m p\u0159\u00edpad\u011b zas\u00e1hnout, nen\u00ed v\u0161ak jeho povinnost\u00ed za v\u0161ech okolnost\u00ed reagovat na diskutuj\u00edc\u00ed. Pot\u0159ebujete-li pomoc, vyu\u017eijte slu\u017eby <a href=\"mailto:dotazy@praha7.cz\">Zeptat se<\/a> nebo zavolejte p\u0159\u00edmo zodpov\u011bdn\u00e9mu <a href=\"https:\/\/www.praha7.cz\/radnice\/organizacni-struktura\/\">zam\u011bstnanci \u00fa\u0159adu<\/a>.\u00a0<\/li>\r\n\t<li>Do diskuze se m\u016f\u017ee zapojit pouze registrovan\u00fd u\u017eivatel webov\u00fdch str\u00e1nek, kter\u00fd v&nbsp;diskuzi m\u016f\u017ee vystupovat pod zadanou p\u0159ezd\u00edvkou. P\u0159i registraci je v\u0161ak nutn\u00e9 zadat sv\u00e9 osobn\u00ed \u00fadaje.<\/li>\r\n\t<li>P\u0159\u00edsp\u011bvky v&nbsp;diskusn\u00edm f\u00f3ru by se m\u011bly vztahovat k&nbsp;jednotliv\u00fdm t\u00e9mat\u016fm a&nbsp;m\u011bly by zachov\u00e1vat pravidla slu\u0161nosti. P\u0159\u00edsp\u011bvky ur\u00e1\u017eliv\u00e9, vulg\u00e1rn\u00ed, rasistick\u00e9, obsahuj\u00edc\u00ed komer\u010dn\u00ed sd\u011blen\u00ed, poru\u0161uj\u00edc\u00ed platn\u00e9 pr\u00e1vn\u00ed normy \u010cR \u010di obecn\u00e9 etick\u00e9 normy budou smaz\u00e1ny. Naopak v\u011bcn\u00e9 p\u0159ipom\u00ednky a&nbsp;n\u00e1zory k&nbsp;t\u00e9matu jsou v\u00edt\u00e1ny.\u00a0<\/li>\r\n\t<li>Dodr\u017eujte, pros\u00edm, obvykl\u00e1 pravidla slu\u0161nosti. Co je nevhodn\u00e9 v&nbsp;obvykl\u00e9m \u017eivot\u011b, je nevhodn\u00e9 i&nbsp;na internetu.<\/li>\r\n\t<li>Diskuzn\u00ed p\u0159\u00edsp\u011bvky nevyjad\u0159uj\u00ed ofici\u00e1ln\u00ed stanovisko m\u011bstsk\u00e9 \u010d\u00e1sti a&nbsp;nemus\u00ed se shodovat s&nbsp;jeho n\u00e1zorem.<\/li>\r\n\t<li>Va\u0161e p\u0159\u00edsp\u011bvky m\u016f\u017eete sami editovat a&nbsp;mazat po dobu dvou hodin od jejich vytvo\u0159en\u00ed.\u00a0<\/li>\r\n<\/ol>","protected":false},"excerpt":{"rendered":"[perex] Tato str\u00e1nka je ur\u010den\u00e1 k\u00a0diskuz\u00edm ob\u010dan\u016f m\u011bstsk\u00e9 \u010d\u00e1sti Praha&nbsp;7. Diskuzi \u0159\u00edd\u00ed spr\u00e1vce, kter\u00fd hl\u00edd\u00e1 dodr\u017eov\u00e1n\u00ed pravidel diskuze. Pro dotazy ob\u010dan\u016f na zam\u011bstnance \u010di veden\u00ed m\u011bstsk\u00e9 \u010d\u00e1sti je ur\u010dena slu\u017eba Zeptat se. [\/perex] Nevad\u00ed kritika, ani jak\u00e9koliv slu\u0161n\u011b formulovan\u00e9 koment\u00e1\u0159e ob\u010dan\u016f k\u00a0libovoln\u00fdm t\u00e9mat\u016fm, ale \u017e\u00e1d\u00e1me v\u0161echny diskutuj\u00edc\u00ed o&nbsp;dodr\u017eov\u00e1n\u00ed n\u00ed\u017ee uveden\u00fdch pravidel: Diskusn\u00ed f\u00f3rum je zam\u011b\u0159eno [&hellip;]","protected":false},"author":76,"featured_media":24774,"comment_status":"closed","ping_status":"open","sticky":false,"template":"","format":"standard","meta":[],"categories":[77],"tags":[],"_links":{"self":[{"href":"https:\/\/www.praha7.cz\/api\/wp\/v2\/posts\/24771"}],"collection":[{"href":"https:\/\/www.praha7.cz\/api\/wp\/v2\/posts"}],"about":[{"href":"https:\/\/www.praha7.cz\/api\/wp\/v2\/types\/post"}],"author":[{"embeddable":true,"href":"https:\/\/www.praha7.cz\/api\/wp\/v2\/users\/76"}],"replies":[{"embeddable":true,"href":"https:\/\/www.praha7.cz\/api\/wp\/v2\/comments?post=24771"}],"version-history":[{"count":2,"href":"https:\/\/www.praha7.cz\/api\/wp\/v2\/posts\/24771\/revisions"}],"predecessor-version":[{"id":24775,"href":"https:\/\/www.praha7.cz\/api\/wp\/v2\/posts\/24771\/revisions\/24775"}],"wp:featuredmedia":[{"embeddable":true,"href":"https:\/\/www.praha7.cz\/api\/wp\/v2\/media\/24774"}],"wp:attachment":[{"href":"https:\/\/www.praha7.cz\/api\/wp\/v2\/media?parent=24771"}],"wp:term":[{"taxonomy":"category","embeddable":true,"href":"https:\/\/www.praha7.cz\/api\/wp\/v2\/categories?post=24771"},{"taxonomy":"post_tag","embeddable":true,"href":"https:\/\/www.praha7.cz\/api\/wp\/v2\/tags?post=24771"}],"curies":[{"name":"wp","href":"https:\/\/api.w.org\/{rel}","templated":true}]}}