    
{"id":24589,"date":"2019-03-21T13:49:27","date_gmt":"2019-03-21T12:49:27","guid":{"rendered":"https:\/\/www.praha7.cz\/?p=24589"},"modified":"2019-03-22T15:29:05","modified_gmt":"2019-03-22T14:29:05","slug":"zaci-rozhodli-co-poridi-pro-svou-skolu","status":"publish","type":"post","link":"https:\/\/www.praha7.cz\/zaci-rozhodli-co-poridi-pro-svou-skolu\/","title":{"rendered":"\u017d\u00e1ci rozhodli, co po\u0159\u00edd\u00ed pro svou \u0161kolu"},"content":{"rendered":"<p>[perex]<\/p>\r\n<p>\u0160koln\u00ed r\u00e1dio, kino, automat na \u0161koln\u00ed pot\u0159eby nebo p\u0159\u00edjemn\u011bj\u0161\u00ed z\u00e1chody. To jsou n\u011bkter\u00e9 z\u00a0projekt\u016f, kter\u00fdmi \u017e\u00e1ci z\u00a0Prahy&nbsp;7 vylep\u0161\u00ed sv\u00e9 \u0161koly. Rozhodli tak prost\u0159ednictv\u00edm hlasov\u00e1n\u00ed o&nbsp;vyu\u017eit\u00ed participativn\u00edch rozpo\u010dt\u016f, na kter\u00e9 dostala ka\u017ed\u00e1 z\u00e1kladn\u00ed \u0161kola od radnice sedm\u00e9 m\u011bstsk\u00e9 \u010d\u00e1sti 50 tis\u00edc korun.\u00a0<\/p>\r\n<p>[\/perex]<\/p>\r\n<p><em>\u201eNa ka\u017ed\u00e9 \u0161kole se do rozhodov\u00e1n\u00ed o&nbsp;vyu\u017eit\u00ed participativn\u00edch rozpo\u010dt\u016f zapojily des\u00edtky a\u017e stovky \u017e\u00e1k\u016f nejr\u016fzn\u011bj\u0161\u00edho v\u011bku. V\u00edt\u011bzn\u00e9 projekty nepochybn\u011b budou pro \u0161koly p\u0159\u00ednosem. Za d\u016fle\u017eit\u00e9 v\u0161ak pova\u017euji tak\u00e9 to, \u017ee si \u0161kol\u00e1ci mohli vyzkou\u0161et re\u00e1lnou participaci, vz\u00e1jemnou spolupr\u00e1ci a&nbsp;dialog. Odvedli spole\u010dn\u011b velk\u00fd kus pr\u00e1ce a&nbsp;na v\u00fdsledek se mohou t\u011b\u0161it ji\u017e v\u00a0leto\u0161n\u00edm roce,\u201c<\/em> uvedl <em><strong>starosta Prahy&nbsp;7 Jan \u010ci\u017einsk\u00fd (PRAHA&nbsp;7 SOB\u011a)<\/strong><\/em>.<\/p>\r\n<p>N\u00e1vrhy na vyu\u017eit\u00ed participativn\u00edch rozpo\u010dt\u016f byly na \u0161kol\u00e1ch Prahy&nbsp;7 p\u0159ipravov\u00e1ny od prosince minul\u00e9ho roku. Do p\u0159\u00edpravy se zapojili \u017e\u00e1ci prvn\u00edho i&nbsp;druh\u00e9ho stupn\u011b. N\u00e1vrhy vznikaly v\u00a0t\u0159\u00eddn\u00edch kolektivech, ale i\u00a0v\u00a0t\u00fdmech poskl\u00e1dan\u00fdch ze student\u016f r\u016fzn\u00e9ho v\u011bku. Nad projekty se pak \u017eiv\u011b diskutovalo v\u00a0r\u00e1mci spole\u010dn\u00fdch setk\u00e1n\u00ed, na kter\u00fdch byl sestaven seznam fin\u00e1ln\u00edch n\u00e1vrh\u016f.<\/p>\r\n<p><em>\u201eParticipativn\u00ed rozpo\u010dty na \u0161kol\u00e1ch po\u0159\u00e1d\u00e1me druh\u00fdm rokem a&nbsp;z\u00e1jem mezi \u017e\u00e1ky o&nbsp;zapojen\u00ed roste. Letos se se\u0161la cel\u00e1 \u0159ada zaj\u00edmav\u00fdch a&nbsp;origin\u00e1ln\u00edch projekt\u016f a&nbsp;podle \u0159editel\u016f a&nbsp;u\u010ditel\u016f bylo velmi t\u011b\u017ek\u00e9 vybrat u\u017e jen ty, kter\u00e9 p\u016fjdou do fin\u00e1ln\u00edho hlasov\u00e1n\u00ed. Je skv\u011bl\u00e9, \u017ee u&nbsp;mnoha \u0161kol vy\u010dlen\u011bn\u00e1 \u010d\u00e1stka vysta\u010d\u00ed na realizaci v\u00edce projekt\u016f s\u00a0nejvy\u0161\u0161\u00edm po\u010dtem hlas\u016f,\u201c<\/em> doplnila <em><strong>radn\u00ed Prahy&nbsp;7 Hana \u0160i\u0161kov\u00e1 (PRAHA&nbsp;7 SOB\u011a)<\/strong><\/em>.<\/p>\r\n<p>Pot\u00e9 co byl na \u0161kol\u00e1ch p\u0159ipraven fin\u00e1ln\u00ed v\u00fdb\u011br projekt\u016f, n\u00e1sledovala f\u00e1ze kampan\u011b, v&nbsp;r\u00e1mci kter\u00e9 se auto\u0159i projekt\u016f sna\u017eili pro sv\u00e9 n\u00e1vrhy nadchnout ostatn\u00ed spolu\u017e\u00e1ky. N\u00e1sledn\u011b prob\u011bhlo online hlasov\u00e1n\u00ed, do kter\u00e9ho se mohli zapojit v\u0161ichni \u017e\u00e1ci z\u00a0jednotliv\u00fdch \u0161kol prost\u0159ednictv\u00edm unik\u00e1tn\u00edho k\u00f3du pro vstup do hlasovac\u00ed aplikace.<\/p>\r\n<p><em>\u201eNa na\u0161\u00ed \u0161kole vyhr\u00e1l projekt \u0161koln\u00edho r\u00e1dia. \u017d\u00e1ci si budou zp\u0159\u00edjem\u0148ovat ji\u017e rann\u00ed p\u0159\u00edchod do \u0161koly hudbou, kterou budou vyb\u00edrat st\u0159\u00eddav\u011b jednotliv\u00e9 t\u0159\u00eddy.\u00a0V\u011b\u0159\u00edm, \u017ee vys\u00edl\u00e1n\u00ed d\u00e1le roz\u0161\u00ed\u0159\u00ed\u00a0\u00a0<\/em><em>i vlastn\u00ed zpr\u00e1vy z&nbsp;jednotliv\u00fdch t\u0159\u00edd. Ale nezv\u00edt\u011bzil pouze tento projekt, zv\u00edt\u011bzila sama my\u0161lenka tuto akci uspo\u0159\u00e1dat. Ji\u017e te\u010f se d\u011bti t\u011b\u0161\u00ed na dal\u0161\u00ed ro\u010dn\u00edk a&nbsp;ji\u017e te\u010f pl\u00e1nuj\u00ed, co bude n\u00e1pln\u00ed jejich p\u0159\u00ed\u0161t\u00edho projektu,\u201c<\/em> \u0159ekl <em><strong>\u0159<\/strong><strong>editel FZ\u0160 Um\u011bleck\u00e1 Bohumil Kettner<\/strong><\/em>.<\/p>\r\n<p>&nbsp;<\/p>\r\n<h3>V\u00edt\u011bzn\u00e9 a&nbsp;dal\u0161\u00ed projekty ur\u010den\u00e9 k\u00a0realizaci:<\/h3>\r\n<p><strong>FZ\u0160 Um\u011bleck\u00e1 \u2013 \u0160koln\u00ed r\u00e1dio<\/strong>, Siln\u011bj\u0161\u00ed wifi<\/p>\r\n<p><strong>Z\u0160 Korunova\u010dn\u00ed \u2013 \u0160koln\u00ed kino<\/strong><\/p>\r\n<p><strong>Z\u0160 Fr. Plam\u00ednkov\u00e9 \u2013 \u0160koln\u00ed maskot<\/strong>, Rostliny v&nbsp;mezipatrech<\/p>\r\n<p><strong>Z\u0160 T. G. Masaryka \u2013 Automat na \u0161koln\u00ed pot\u0159eby<\/strong>, Ekokreativn\u00ed zahrada, Nov\u00e9 sportovn\u00ed dresy<\/p>\r\n<p><strong>Z\u0160 Tusarova \u2013 Nov\u00e9 \u0161atn\u00ed sk\u0159\u00ed\u0148ky\u00a0<\/strong><\/p>\r\n<p><strong>Z\u0160 Strossmayerovo n\u00e1m\u011bst\u00ed \u2013 P\u0159\u00edjemn\u011bj\u0161\u00ed z\u00e1chody<\/strong>, Hern\u00ed prvky na \u0161koln\u00ed h\u0159i\u0161t\u011b<\/p>\r\n<p><strong>Z\u0160 Letohradsk\u00e1 (deta\u0161ovan\u00e9 pracovi\u0161t\u011b) \u2013 Art ze\u010f<\/strong>, Trampol\u00edna<\/p>\r\n<p><strong>Z\u0160 U&nbsp;Uranie (deta\u0161ovan\u00e9 pracovi\u0161t\u011b) \u2013 Houpa\u010dka a&nbsp;trampol\u00edna<\/strong>, Vybaven\u00ed t\u011blocvi\u010dny<\/p>","protected":false},"excerpt":{"rendered":"[perex] \u0160koln\u00ed r\u00e1dio, kino, automat na \u0161koln\u00ed pot\u0159eby nebo p\u0159\u00edjemn\u011bj\u0161\u00ed z\u00e1chody. To jsou n\u011bkter\u00e9 z\u00a0projekt\u016f, kter\u00fdmi \u017e\u00e1ci z\u00a0Prahy&nbsp;7 vylep\u0161\u00ed sv\u00e9 \u0161koly. Rozhodli tak prost\u0159ednictv\u00edm hlasov\u00e1n\u00ed o&nbsp;vyu\u017eit\u00ed participativn\u00edch rozpo\u010dt\u016f, na kter\u00e9 dostala ka\u017ed\u00e1 z\u00e1kladn\u00ed \u0161kola od radnice sedm\u00e9 m\u011bstsk\u00e9 \u010d\u00e1sti 50 tis\u00edc korun.\u00a0 [\/perex] \u201eNa ka\u017ed\u00e9 \u0161kole se do rozhodov\u00e1n\u00ed o&nbsp;vyu\u017eit\u00ed participativn\u00edch rozpo\u010dt\u016f zapojily des\u00edtky a\u017e [&hellip;]","protected":false},"author":5,"featured_media":24590,"comment_status":"closed","ping_status":"open","sticky":false,"template":"","format":"standard","meta":[],"categories":[34,74],"tags":[],"_links":{"self":[{"href":"https:\/\/www.praha7.cz\/api\/wp\/v2\/posts\/24589"}],"collection":[{"href":"https:\/\/www.praha7.cz\/api\/wp\/v2\/posts"}],"about":[{"href":"https:\/\/www.praha7.cz\/api\/wp\/v2\/types\/post"}],"author":[{"embeddable":true,"href":"https:\/\/www.praha7.cz\/api\/wp\/v2\/users\/5"}],"replies":[{"embeddable":true,"href":"https:\/\/www.praha7.cz\/api\/wp\/v2\/comments?post=24589"}],"version-history":[{"count":3,"href":"https:\/\/www.praha7.cz\/api\/wp\/v2\/posts\/24589\/revisions"}],"predecessor-version":[{"id":24613,"href":"https:\/\/www.praha7.cz\/api\/wp\/v2\/posts\/24589\/revisions\/24613"}],"wp:featuredmedia":[{"embeddable":true,"href":"https:\/\/www.praha7.cz\/api\/wp\/v2\/media\/24590"}],"wp:attachment":[{"href":"https:\/\/www.praha7.cz\/api\/wp\/v2\/media?parent=24589"}],"wp:term":[{"taxonomy":"category","embeddable":true,"href":"https:\/\/www.praha7.cz\/api\/wp\/v2\/categories?post=24589"},{"taxonomy":"post_tag","embeddable":true,"href":"https:\/\/www.praha7.cz\/api\/wp\/v2\/tags?post=24589"}],"curies":[{"name":"wp","href":"https:\/\/api.w.org\/{rel}","templated":true}]}}