    
{"id":24407,"date":"2019-03-14T16:32:44","date_gmt":"2019-03-14T15:32:44","guid":{"rendered":"https:\/\/www.praha7.cz\/?p=24407"},"modified":"2019-03-14T18:39:26","modified_gmt":"2019-03-14T17:39:26","slug":"preruseni-tramvajoveho-provozu-u-vystaviste","status":"publish","type":"post","link":"https:\/\/www.praha7.cz\/preruseni-tramvajoveho-provozu-u-vystaviste\/","title":{"rendered":"Provoz tramvaj\u00ed u&nbsp;V\u00fdstavi\u0161t\u011b obnoven"},"content":{"rendered":"<p>[perex]<\/p>\r\n<p>Porucha trolejov\u00e9ho veden\u00ed u&nbsp;V\u00fdstavi\u0161t\u011b odstran\u011bna. Provoz tramvaj\u00ed obnoven. <\/p>\r\n<p>[\/perex]\u00a0\u00a0<\/p>","protected":false},"excerpt":{"rendered":"[perex] Porucha trolejov\u00e9ho veden\u00ed u&nbsp;V\u00fdstavi\u0161t\u011b odstran\u011bna. Provoz tramvaj\u00ed obnoven. [\/perex]\u00a0\u00a0","protected":false},"author":5,"featured_media":21356,"comment_status":"closed","ping_status":"open","sticky":false,"template":"","format":"standard","meta":[],"categories":[34],"tags":[],"_links":{"self":[{"href":"https:\/\/www.praha7.cz\/api\/wp\/v2\/posts\/24407"}],"collection":[{"href":"https:\/\/www.praha7.cz\/api\/wp\/v2\/posts"}],"about":[{"href":"https:\/\/www.praha7.cz\/api\/wp\/v2\/types\/post"}],"author":[{"embeddable":true,"href":"https:\/\/www.praha7.cz\/api\/wp\/v2\/users\/5"}],"replies":[{"embeddable":true,"href":"https:\/\/www.praha7.cz\/api\/wp\/v2\/comments?post=24407"}],"version-history":[{"count":3,"href":"https:\/\/www.praha7.cz\/api\/wp\/v2\/posts\/24407\/revisions"}],"predecessor-version":[{"id":24411,"href":"https:\/\/www.praha7.cz\/api\/wp\/v2\/posts\/24407\/revisions\/24411"}],"wp:featuredmedia":[{"embeddable":true,"href":"https:\/\/www.praha7.cz\/api\/wp\/v2\/media\/21356"}],"wp:attachment":[{"href":"https:\/\/www.praha7.cz\/api\/wp\/v2\/media?parent=24407"}],"wp:term":[{"taxonomy":"category","embeddable":true,"href":"https:\/\/www.praha7.cz\/api\/wp\/v2\/categories?post=24407"},{"taxonomy":"post_tag","embeddable":true,"href":"https:\/\/www.praha7.cz\/api\/wp\/v2\/tags?post=24407"}],"curies":[{"name":"wp","href":"https:\/\/api.w.org\/{rel}","templated":true}]}}